{"id":1240,"date":"2020-04-14T07:44:05","date_gmt":"2020-04-14T05:44:05","guid":{"rendered":"https:\/\/agora.xtec.cat\/zercepdesis\/?p=1240"},"modified":"2021-02-25T07:54:46","modified_gmt":"2021-02-25T06:54:46","slug":"els-dimarts-toca-conte","status":"publish","type":"post","link":"https:\/\/agora.xtec.cat\/zercepdesis\/esc-viro\/els-dimarts-toca-conte\/","title":{"rendered":"ELS DIMARTS TOCA CONTE."},"content":{"rendered":"<p><a href=\"https:\/\/agora.xtec.cat\/zercepdesis\/wp-content\/uploads\/usu2412\/2019\/03\/T\u00cdTOL-BON-DIA-VIRTUAL.jpg\"><img loading=\"lazy\" decoding=\"async\" class=\"alignnone size-full wp-image-1228\" src=\"https:\/\/agora.xtec.cat\/zercepdesis\/wp-content\/uploads\/usu2412\/2019\/03\/T\u00cdTOL-BON-DIA-VIRTUAL.jpg\" alt=\"\" width=\"320\" height=\"229\" srcset=\"https:\/\/agora.xtec.cat\/zercepdesis\/wp-content\/uploads\/usu2412\/2019\/03\/T\u00cdTOL-BON-DIA-VIRTUAL.jpg 320w, https:\/\/agora.xtec.cat\/zercepdesis\/wp-content\/uploads\/usu2412\/2019\/03\/T\u00cdTOL-BON-DIA-VIRTUAL-300x215.jpg 300w\" sizes=\"auto, (max-width: 320px) 100vw, 320px\" \/><\/a><\/p>\n<h4 style=\"font-weight: 400;\"><span style=\"color: #800000;\"><b>&#8220;La iaia embolica la troca.&#8221;<\/b><\/span><br \/>\n<span style=\"color: #800000;\"><b>Xavi Sim\u00f3 i\u00a0 Roger Sim\u00f3<\/b><\/span><\/h4>\n<p><span style=\"font-family: inherit; font-size: 1em;\">Despr\u00e9s d\u2019una setmana santa diferent i\u00a0 in\u00e8dita tornem a comen\u00e7ar els bon dia virtuals.<\/span><\/p>\n<p style=\"font-weight: 400;\"><span style=\"font-weight: 400;\">Avui presentem un conte de l\u2019editorial Andana. <\/span><span style=\"font-weight: 400;\">La iaia Rosalia des que es va quedar v\u00eddua est\u00e0 trista, desanimada, ap\u00e0tica, <\/span>afectada\u2026<span style=\"font-weight: 400;\">per\u00f2 rebr\u00e0 una proposta que li far\u00e0 canviar\u00a0 les seves emocions, <\/span><span style=\"font-family: inherit; font-size: 1em;\">i se sentir\u00e0 interessada, entusiasmada, realitzada\u2026 <\/span><span style=\"font-weight: 400;\">A la vida hi ha moltes emocions, sentiments, <\/span>estats interns. alguns d\u2019ells s\u00f3n amables, lluminosos i d\u2019altres s\u00f3n foscos.<\/p>\n<p style=\"font-weight: 400;\">N\u2019hi ha que t\u2019omplen d\u2019energia i d\u2019altres que, no saps com, te\u2019n treuen.<\/p>\n<p style=\"font-weight: 400;\"><i>Potser per transitar en la multitud de sentiments <\/i><i>ens cal un coneixement m\u00e9s bo <\/i><i style=\"font-family: inherit; font-size: 1em;\">i profund d\u2019un mateix..<\/i><\/p>\n<p><a href=\"https:\/\/agora.xtec.cat\/zercepdesis\/wp-content\/uploads\/usu2412\/2021\/02\/pasted-image-0.png\"><img loading=\"lazy\" decoding=\"async\" class=\"alignnone size-full wp-image-1244\" src=\"https:\/\/agora.xtec.cat\/zercepdesis\/wp-content\/uploads\/usu2412\/2021\/02\/pasted-image-0.png\" alt=\"\" width=\"260\" height=\"234\" \/><\/a><\/p>\n<p style=\"font-weight: 400;\"><a href=\"https:\/\/www.instagram.com\/tv\/B-u5EGtoA90\/?igshid=zd0qrxia5b6z\"><span style=\"font-weight: 400;\">https:\/\/www.instagram.com\/tv\/B-u5EGtoA90\/?igshid=zd0qrxia5b6z<\/span><\/a><\/p>\n<p style=\"font-weight: 400;\"><span style=\"font-weight: 400;\">Un cop hem acabat el conte a casa podem p<\/span>arlar plegats del conte.<br \/>\n<b><br \/>\n<\/b><\/p>\n<ul style=\"font-weight: 400;\">\n<li>Com se sent la iaia? penses que se sent trista?Tu t\u2019has sentit alguna vegada trist o trista?\u00a0 si \u00e9s aix\u00ed recordes quines coses tens ganes de fer en aquests moments?<\/li>\n<\/ul>\n<ul>\n<li>Quan ens sentim tristos, desanimants, ap\u00e0tics\u2026 tenim una sensaci\u00f3 de \u201cveure les coses sense color\u201d?<\/li>\n<\/ul>\n<ul>\n<li>Si et ve de gust pots fer un dibuix, pensant quan la iaia est\u00e0 a la finestra.<\/li>\n<\/ul>\n<p>La mort ens causa por, dolor, estranyesa, rebuig, incertesa\u2026?<\/p>\n<ul>\n<li>Si tens ganes pots dibuixar un cor, \u00a0 i dibuixar les coses que tu sentis que estimes molt, que et fan sentir en pau, que et fan sentir enyoran\u00e7a\u2026<\/li>\n<li>Amb el conte heu sentit que \u00e9s possible dur endavant els reptes m\u00e9s grans amb l\u2019ajuda dels altres?\u00a0 \u00a0Si voleu seguir descobrint i sentint nous sentiments i emocions us deixem dos links: un conte, \u201cl\u2019\u00e0via Pepa\u201d i una can\u00e7\u00f3 relacionada amb el mateix conte.<\/li>\n<\/ul>\n<p>&nbsp;<\/p>\n<p><a href=\"https:\/\/youtu.be\/8ElAVQX5_1c\"><img loading=\"lazy\" decoding=\"async\" class=\"size-full wp-image-1241 alignnone\" src=\"https:\/\/agora.xtec.cat\/zercepdesis\/wp-content\/uploads\/usu2412\/2021\/02\/descarga.jpg\" alt=\"\" width=\"225\" height=\"225\" srcset=\"https:\/\/agora.xtec.cat\/zercepdesis\/wp-content\/uploads\/usu2412\/2021\/02\/descarga.jpg 225w, https:\/\/agora.xtec.cat\/zercepdesis\/wp-content\/uploads\/usu2412\/2021\/02\/descarga-150x150.jpg 150w\" sizes=\"auto, (max-width: 225px) 100vw, 225px\" \/><\/a><\/p>\n<p><a href=\"https:\/\/youtu.be\/pcVurhg_Nys\">https:\/\/youtu.be\/pcVurhg_Nys<\/a><\/p>\n<p>Els mestres de l\u2019escola us enviem una abra\u00e7ada molt gran per tots i totes els qui us ha marxat algun familiar o persona estimada.<\/p>\n<p><a href=\"https:\/\/agora.xtec.cat\/zercepdesis\/wp-content\/uploads\/usu2412\/2021\/02\/pasted-image-0-2.png\"><img loading=\"lazy\" decoding=\"async\" class=\"alignnone size-full wp-image-1242\" src=\"https:\/\/agora.xtec.cat\/zercepdesis\/wp-content\/uploads\/usu2412\/2021\/02\/pasted-image-0-2.png\" alt=\"\" width=\"275\" height=\"183\" \/><\/a> \u00a0\u00a0 \u00a0\u00a0 \u00a0\u00a0<a href=\"https:\/\/agora.xtec.cat\/zercepdesis\/wp-content\/uploads\/usu2412\/2021\/02\/pasted-image-0-1.png\"><img loading=\"lazy\" decoding=\"async\" class=\"alignnone wp-image-1243\" src=\"https:\/\/agora.xtec.cat\/zercepdesis\/wp-content\/uploads\/usu2412\/2021\/02\/pasted-image-0-1.png\" alt=\"\" width=\"289\" height=\"180\" \/><\/a><\/p>\n<p>&nbsp;<\/p>\n","protected":false},"excerpt":{"rendered":"<p><a href=\"https:\/\/agora.xtec.cat\/zercepdesis\/wp-content\/uploads\/usu2412\/2019\/03\/T\u00cdTOL-BON-DIA-VIRTUAL.jpg\"><\/a><br \/>\n&#8220;La iaia embolica la troca.&#8221;<br \/>\nXavi Sim\u00f3 i\u00a0 Roger Sim\u00f3<br \/>\nDespr\u00e9s d\u2019una setmana santa diferent i\u00a0 in\u00e8dita tornem a comen\u00e7ar els bon dia virtuals.<br \/>\nAvui presentem un conte de l\u2019editorial Andana. La iaia Rosalia des que es va quedar v\u00eddua est\u00e0 trista, desanimada, ap\u00e0tica, afectada\u2026per\u00f2 rebr\u00e0 una&hellip;  <a href=\"https:\/\/agora.xtec.cat\/zercepdesis\/esc-viro\/els-dimarts-toca-conte\/\" title=\"Read ELS DIMARTS TOCA CONTE.\">Llegeix m\u00e9s\u00bb<\/a><\/p>\n","protected":false},"author":1,"featured_media":1246,"comment_status":"open","ping_status":"closed","sticky":false,"template":"","format":"standard","meta":{"_bbp_topic_count":0,"_bbp_reply_count":0,"_bbp_total_topic_count":0,"_bbp_total_reply_count":0,"_bbp_voice_count":0,"_bbp_anonymous_reply_count":0,"_bbp_topic_count_hidden":0,"_bbp_reply_count_hidden":0,"_bbp_forum_subforum_count":0,"footnotes":""},"categories":[152,136],"tags":[158,156,157,155,154],"class_list":["post-1240","post","type-post","status-publish","format-standard","has-post-thumbnail","hentry","category-curs-19-20","category-esc-viro","tag-bon-dia-virtual","tag-la-classe-de-lesport","tag-la-classe-de-la-macedonia","tag-les-pastanagues","tag-les-sindries-contentes"],"post_mailing_queue_ids":[],"_links":{"self":[{"href":"https:\/\/agora.xtec.cat\/zercepdesis\/wp-json\/wp\/v2\/posts\/1240","targetHints":{"allow":["GET"]}}],"collection":[{"href":"https:\/\/agora.xtec.cat\/zercepdesis\/wp-json\/wp\/v2\/posts"}],"about":[{"href":"https:\/\/agora.xtec.cat\/zercepdesis\/wp-json\/wp\/v2\/types\/post"}],"author":[{"embeddable":true,"href":"https:\/\/agora.xtec.cat\/zercepdesis\/wp-json\/wp\/v2\/users\/1"}],"replies":[{"embeddable":true,"href":"https:\/\/agora.xtec.cat\/zercepdesis\/wp-json\/wp\/v2\/comments?post=1240"}],"version-history":[{"count":2,"href":"https:\/\/agora.xtec.cat\/zercepdesis\/wp-json\/wp\/v2\/posts\/1240\/revisions"}],"predecessor-version":[{"id":1247,"href":"https:\/\/agora.xtec.cat\/zercepdesis\/wp-json\/wp\/v2\/posts\/1240\/revisions\/1247"}],"wp:featuredmedia":[{"embeddable":true,"href":"https:\/\/agora.xtec.cat\/zercepdesis\/wp-json\/wp\/v2\/media\/1246"}],"wp:attachment":[{"href":"https:\/\/agora.xtec.cat\/zercepdesis\/wp-json\/wp\/v2\/media?parent=1240"}],"wp:term":[{"taxonomy":"category","embeddable":true,"href":"https:\/\/agora.xtec.cat\/zercepdesis\/wp-json\/wp\/v2\/categories?post=1240"},{"taxonomy":"post_tag","embeddable":true,"href":"https:\/\/agora.xtec.cat\/zercepdesis\/wp-json\/wp\/v2\/tags?post=1240"}],"curies":[{"name":"wp","href":"https:\/\/api.w.org\/{rel}","templated":true}]}}