{"id":1225,"date":"2020-03-29T21:59:16","date_gmt":"2020-03-29T19:59:16","guid":{"rendered":"https:\/\/agora.xtec.cat\/zercepdesis\/?p=1225"},"modified":"2021-02-28T12:31:18","modified_gmt":"2021-02-28T11:31:18","slug":"bon-dia-virtual-siguem-saludables","status":"publish","type":"post","link":"https:\/\/agora.xtec.cat\/zercepdesis\/esc-viro\/bon-dia-virtual-siguem-saludables\/","title":{"rendered":"BON DIA VIRTUAL: SIGUEM SALUDABLES!"},"content":{"rendered":"<p><a href=\"https:\/\/agora.xtec.cat\/zercepdesis\/wp-content\/uploads\/usu2412\/2019\/03\/T\u00cdTOL-BON-DIA-VIRTUAL.jpg\"><img loading=\"lazy\" decoding=\"async\" class=\"alignnone size-full wp-image-1228\" src=\"https:\/\/agora.xtec.cat\/zercepdesis\/wp-content\/uploads\/usu2412\/2019\/03\/T\u00cdTOL-BON-DIA-VIRTUAL.jpg\" alt=\"\" width=\"320\" height=\"229\" srcset=\"https:\/\/agora.xtec.cat\/zercepdesis\/wp-content\/uploads\/usu2412\/2019\/03\/T\u00cdTOL-BON-DIA-VIRTUAL.jpg 320w, https:\/\/agora.xtec.cat\/zercepdesis\/wp-content\/uploads\/usu2412\/2019\/03\/T\u00cdTOL-BON-DIA-VIRTUAL-300x215.jpg 300w\" sizes=\"auto, (max-width: 320px) 100vw, 320px\" \/><\/a><\/p>\n<p><b>Bon dia nois i noies de l&#8217;Escola de Puigd\u00e0lber!<\/b><br \/>\n<b><br \/>\n<\/b>Quina il\u00b7lusi\u00f3 reprendre els &#8220;<b>BON DIA<\/b>&#8220;, encara que sigui de manera virtual. Ens podem imaginar que estem tots junts a la<br \/>\nBiblioteca de l&#8217;escola per estrenar un nou dia.<\/p>\n<p>Avui, al BON DIA, tocaria CONFer\u00e8ncia, per\u00f2 com que estem CONFinats, hem pensat que per comen\u00e7ar la setmana, ens venia de gust preparar-vos una proposta SALUDABLE! Us la presentem a continuaci\u00f3.<\/p>\n<p>Aqu\u00ed us fem arribar la primera, una recepta molt especial, un GASPATXO DE FRUITES que el podeu fer amb aquestes fruites o altres que us agradin&#8230; Ja veureu quina presentaci\u00f3 m\u00e9s bonica!<br \/>\nNo us s\u00e0piga greu menjar-vos-el, es MOLT SALUDABLE!!!<\/p>\n<p><iframe loading=\"lazy\" src=\"https:\/\/www.youtube.com\/embed\/XfWRc8gw9KE?feature=oembed\" width=\"500\" height=\"281\" frameborder=\"0\"><\/iframe><\/p>\n<p>Esperem que us hagi agradat!<br \/>\nUs desitgem que tingueu un molt BON DIA i dem\u00e0 no us perdeu el CONTE VIRTUAL!!!<\/p>\n<p><iframe loading=\"lazy\" title=\"dilluns 30 Presentaci\u00f3 Recepta\" width=\"500\" height=\"281\" src=\"https:\/\/www.youtube.com\/embed\/XfWRc8gw9KE?feature=oembed\" frameborder=\"0\" allow=\"accelerometer; autoplay; clipboard-write; encrypted-media; gyroscope; picture-in-picture; web-share\" referrerpolicy=\"strict-origin-when-cross-origin\" allowfullscreen><\/iframe><\/p>\n","protected":false},"excerpt":{"rendered":"<p><a href=\"https:\/\/agora.xtec.cat\/zercepdesis\/wp-content\/uploads\/usu2412\/2019\/03\/T\u00cdTOL-BON-DIA-VIRTUAL.jpg\"><\/a><br \/>\nBon dia nois i noies de l&#8217;Escola de Puigd\u00e0lber!<\/p>\n<p>Quina il\u00b7lusi\u00f3 reprendre els &#8220;BON DIA&#8220;, encara que sigui de manera virtual. Ens podem imaginar que estem tots junts a la<br \/>\nBiblioteca de l&#8217;escola per estrenar un nou dia.<br \/>\nAvui, al BON DIA, tocaria CONFer\u00e8ncia, per\u00f2 com que&hellip;  <a href=\"https:\/\/agora.xtec.cat\/zercepdesis\/esc-viro\/bon-dia-virtual-siguem-saludables\/\" title=\"Read BON DIA VIRTUAL: SIGUEM SALUDABLES!\">Llegeix m\u00e9s\u00bb<\/a><\/p>\n","protected":false},"author":1,"featured_media":1227,"comment_status":"open","ping_status":"closed","sticky":false,"template":"","format":"standard","meta":{"_bbp_topic_count":0,"_bbp_reply_count":0,"_bbp_total_topic_count":0,"_bbp_total_reply_count":0,"_bbp_voice_count":0,"_bbp_anonymous_reply_count":0,"_bbp_topic_count_hidden":0,"_bbp_reply_count_hidden":0,"_bbp_forum_subforum_count":0,"footnotes":""},"categories":[152,136],"tags":[158,156,157,155,154,124],"class_list":["post-1225","post","type-post","status-publish","format-standard","has-post-thumbnail","hentry","category-curs-19-20","category-esc-viro","tag-bon-dia-virtual","tag-la-classe-de-lesport","tag-la-classe-de-la-macedonia","tag-les-pastanagues","tag-les-sindries-contentes","tag-portada"],"post_mailing_queue_ids":[],"_links":{"self":[{"href":"https:\/\/agora.xtec.cat\/zercepdesis\/wp-json\/wp\/v2\/posts\/1225","targetHints":{"allow":["GET"]}}],"collection":[{"href":"https:\/\/agora.xtec.cat\/zercepdesis\/wp-json\/wp\/v2\/posts"}],"about":[{"href":"https:\/\/agora.xtec.cat\/zercepdesis\/wp-json\/wp\/v2\/types\/post"}],"author":[{"embeddable":true,"href":"https:\/\/agora.xtec.cat\/zercepdesis\/wp-json\/wp\/v2\/users\/1"}],"replies":[{"embeddable":true,"href":"https:\/\/agora.xtec.cat\/zercepdesis\/wp-json\/wp\/v2\/comments?post=1225"}],"version-history":[{"count":2,"href":"https:\/\/agora.xtec.cat\/zercepdesis\/wp-json\/wp\/v2\/posts\/1225\/revisions"}],"predecessor-version":[{"id":1229,"href":"https:\/\/agora.xtec.cat\/zercepdesis\/wp-json\/wp\/v2\/posts\/1225\/revisions\/1229"}],"wp:featuredmedia":[{"embeddable":true,"href":"https:\/\/agora.xtec.cat\/zercepdesis\/wp-json\/wp\/v2\/media\/1227"}],"wp:attachment":[{"href":"https:\/\/agora.xtec.cat\/zercepdesis\/wp-json\/wp\/v2\/media?parent=1225"}],"wp:term":[{"taxonomy":"category","embeddable":true,"href":"https:\/\/agora.xtec.cat\/zercepdesis\/wp-json\/wp\/v2\/categories?post=1225"},{"taxonomy":"post_tag","embeddable":true,"href":"https:\/\/agora.xtec.cat\/zercepdesis\/wp-json\/wp\/v2\/tags?post=1225"}],"curies":[{"name":"wp","href":"https:\/\/api.w.org\/{rel}","templated":true}]}}