{"id":1206,"date":"2018-12-19T21:33:47","date_gmt":"2018-12-19T20:33:47","guid":{"rendered":"https:\/\/agora.xtec.cat\/zercepdesis\/?p=1206"},"modified":"2021-02-23T21:37:02","modified_gmt":"2021-02-23T20:37:02","slug":"les-llucies","status":"publish","type":"post","link":"https:\/\/agora.xtec.cat\/zercepdesis\/esc-viro\/les-llucies\/","title":{"rendered":"LES LL\u00daCIES"},"content":{"rendered":"<p><span style=\"font-weight: 400;\">Finalment el divendres passat vam poder fer les Ll\u00facies amb un dia fant\u00e0stic! Vam anar a cantar a la llar d\u2019infants, a la pla\u00e7a de l\u2019Esgl\u00e9sia, a la de l\u2019Ajuntament i a l\u2019escola i ens van acompanyar un<\/span><span style=\"font-weight: 400;\">\u00a0\u00a0<\/span><span style=\"font-weight: 400;\">munt de fam\u00edlies que ens van acabar deixant moltes coses pel Banc d\u2019Aliments de C\u00e0rites!<\/span><\/p>\n<p style=\"font-weight: 400;\">A l\u2019escola, vam triar el menjar que podr\u00edem donar a C\u00e0rites i el vam anar a portar a la parr\u00f2quia. Esperem que pugui arribar a molta gent que ho necessita!<\/p>\n<p style=\"font-weight: 400;\">Molt\u00edssimes gr\u00e0cies a tothom!<\/p>\n<p><iframe loading=\"lazy\" title=\"V\u00eddeo Ll\u00facies + menjar a l&#039;esgl\u00e8sia\" width=\"500\" height=\"281\" src=\"https:\/\/www.youtube.com\/embed\/PnBijOO_lRU?feature=oembed\" frameborder=\"0\" allow=\"accelerometer; autoplay; clipboard-write; encrypted-media; gyroscope; picture-in-picture; web-share\" referrerpolicy=\"strict-origin-when-cross-origin\" allowfullscreen><\/iframe><\/p>\n","protected":false},"excerpt":{"rendered":"<p>Finalment el divendres passat vam poder fer les Ll\u00facies amb un dia fant\u00e0stic! Vam anar a cantar a la llar d\u2019infants, a la pla\u00e7a de l\u2019Esgl\u00e9sia, a la de l\u2019Ajuntament i a l\u2019escola i ens van acompanyar un\u00a0\u00a0munt de fam\u00edlies que ens van acabar deixant&hellip;  <a href=\"https:\/\/agora.xtec.cat\/zercepdesis\/esc-viro\/les-llucies\/\" title=\"Read LES LL\u00daCIES\">Llegeix m\u00e9s\u00bb<\/a><\/p>\n","protected":false},"author":1,"featured_media":0,"comment_status":"open","ping_status":"closed","sticky":false,"template":"","format":"standard","meta":{"_bbp_topic_count":0,"_bbp_reply_count":0,"_bbp_total_topic_count":0,"_bbp_total_reply_count":0,"_bbp_voice_count":0,"_bbp_anonymous_reply_count":0,"_bbp_topic_count_hidden":0,"_bbp_reply_count_hidden":0,"_bbp_forum_subforum_count":0,"footnotes":""},"categories":[140,136],"tags":[149,151,148,147,124,146],"class_list":["post-1206","post","type-post","status-publish","format-standard","hentry","category-curs-18-19-pu","category-esc-viro","tag-casa-als-arbres","tag-festes-18-19","tag-iglus","tag-les-15-meravelles-del-mon","tag-portada","tag-tribu-del-machu-picchu"],"post_mailing_queue_ids":[],"_links":{"self":[{"href":"https:\/\/agora.xtec.cat\/zercepdesis\/wp-json\/wp\/v2\/posts\/1206","targetHints":{"allow":["GET"]}}],"collection":[{"href":"https:\/\/agora.xtec.cat\/zercepdesis\/wp-json\/wp\/v2\/posts"}],"about":[{"href":"https:\/\/agora.xtec.cat\/zercepdesis\/wp-json\/wp\/v2\/types\/post"}],"author":[{"embeddable":true,"href":"https:\/\/agora.xtec.cat\/zercepdesis\/wp-json\/wp\/v2\/users\/1"}],"replies":[{"embeddable":true,"href":"https:\/\/agora.xtec.cat\/zercepdesis\/wp-json\/wp\/v2\/comments?post=1206"}],"version-history":[{"count":1,"href":"https:\/\/agora.xtec.cat\/zercepdesis\/wp-json\/wp\/v2\/posts\/1206\/revisions"}],"predecessor-version":[{"id":1207,"href":"https:\/\/agora.xtec.cat\/zercepdesis\/wp-json\/wp\/v2\/posts\/1206\/revisions\/1207"}],"wp:attachment":[{"href":"https:\/\/agora.xtec.cat\/zercepdesis\/wp-json\/wp\/v2\/media?parent=1206"}],"wp:term":[{"taxonomy":"category","embeddable":true,"href":"https:\/\/agora.xtec.cat\/zercepdesis\/wp-json\/wp\/v2\/categories?post=1206"},{"taxonomy":"post_tag","embeddable":true,"href":"https:\/\/agora.xtec.cat\/zercepdesis\/wp-json\/wp\/v2\/tags?post=1206"}],"curies":[{"name":"wp","href":"https:\/\/api.w.org\/{rel}","templated":true}]}}