{"id":1201,"date":"2019-03-02T11:42:25","date_gmt":"2019-03-02T10:42:25","guid":{"rendered":"https:\/\/agora.xtec.cat\/zercepdesis\/?p=1201"},"modified":"2021-02-23T11:52:18","modified_gmt":"2021-02-23T10:52:18","slug":"ja-es-carnaval","status":"publish","type":"post","link":"https:\/\/agora.xtec.cat\/zercepdesis\/esc-viro\/ja-es-carnaval\/","title":{"rendered":"JA \u00c9S CARNAVAL!"},"content":{"rendered":"<p>I per fi va arribar Sa Majestat, b\u00e9, m\u00e9s ben dit SES MAJESTATS perqu\u00e8 aquest any n&#8217;han sigut dos! El divendres, juntament amb la seva CORT, els vam anar a rebre a la sala polivalent on els CARNESTOLTES van fer un discurs criticant a tothom! Cada classe ben disfressada, tal com van manar els reis, van oferir un ball i al final vam ballar tots i totes! Mireu, mireu!<\/p>\n<p><iframe loading=\"lazy\" title=\"Carnaval 2019 a l&#039;escola Virolai\" width=\"500\" height=\"281\" src=\"https:\/\/www.youtube.com\/embed\/2eJjys1__Vc?feature=oembed\" frameborder=\"0\" allow=\"accelerometer; autoplay; clipboard-write; encrypted-media; gyroscope; picture-in-picture; web-share\" referrerpolicy=\"strict-origin-when-cross-origin\" allowfullscreen><\/iframe><\/p>\n","protected":false},"excerpt":{"rendered":"<p>I per fi va arribar Sa Majestat, b\u00e9, m\u00e9s ben dit SES MAJESTATS perqu\u00e8 aquest any n&#8217;han sigut dos! El divendres, juntament amb la seva CORT, els vam anar a rebre a la sala polivalent on els CARNESTOLTES van fer un discurs criticant a tothom!&hellip;  <a href=\"https:\/\/agora.xtec.cat\/zercepdesis\/esc-viro\/ja-es-carnaval\/\" title=\"Read JA \u00c9S CARNAVAL!\">Llegeix m\u00e9s\u00bb<\/a><\/p>\n","protected":false},"author":1,"featured_media":0,"comment_status":"open","ping_status":"closed","sticky":false,"template":"","format":"standard","meta":{"_bbp_topic_count":0,"_bbp_reply_count":0,"_bbp_total_topic_count":0,"_bbp_total_reply_count":0,"_bbp_voice_count":0,"_bbp_anonymous_reply_count":0,"_bbp_topic_count_hidden":0,"_bbp_reply_count_hidden":0,"_bbp_forum_subforum_count":0,"footnotes":""},"categories":[140,136],"tags":[149,151,147,124,146],"class_list":["post-1201","post","type-post","status-publish","format-standard","hentry","category-curs-18-19-pu","category-esc-viro","tag-casa-als-arbres","tag-festes-18-19","tag-les-15-meravelles-del-mon","tag-portada","tag-tribu-del-machu-picchu"],"post_mailing_queue_ids":[],"_links":{"self":[{"href":"https:\/\/agora.xtec.cat\/zercepdesis\/wp-json\/wp\/v2\/posts\/1201","targetHints":{"allow":["GET"]}}],"collection":[{"href":"https:\/\/agora.xtec.cat\/zercepdesis\/wp-json\/wp\/v2\/posts"}],"about":[{"href":"https:\/\/agora.xtec.cat\/zercepdesis\/wp-json\/wp\/v2\/types\/post"}],"author":[{"embeddable":true,"href":"https:\/\/agora.xtec.cat\/zercepdesis\/wp-json\/wp\/v2\/users\/1"}],"replies":[{"embeddable":true,"href":"https:\/\/agora.xtec.cat\/zercepdesis\/wp-json\/wp\/v2\/comments?post=1201"}],"version-history":[{"count":1,"href":"https:\/\/agora.xtec.cat\/zercepdesis\/wp-json\/wp\/v2\/posts\/1201\/revisions"}],"predecessor-version":[{"id":1202,"href":"https:\/\/agora.xtec.cat\/zercepdesis\/wp-json\/wp\/v2\/posts\/1201\/revisions\/1202"}],"wp:attachment":[{"href":"https:\/\/agora.xtec.cat\/zercepdesis\/wp-json\/wp\/v2\/media?parent=1201"}],"wp:term":[{"taxonomy":"category","embeddable":true,"href":"https:\/\/agora.xtec.cat\/zercepdesis\/wp-json\/wp\/v2\/categories?post=1201"},{"taxonomy":"post_tag","embeddable":true,"href":"https:\/\/agora.xtec.cat\/zercepdesis\/wp-json\/wp\/v2\/tags?post=1201"}],"curies":[{"name":"wp","href":"https:\/\/api.w.org\/{rel}","templated":true}]}}