{"id":1174,"date":"2018-11-29T11:04:05","date_gmt":"2018-11-29T10:04:05","guid":{"rendered":"https:\/\/agora.xtec.cat\/zercepdesis\/?p=1174"},"modified":"2021-02-23T11:17:21","modified_gmt":"2021-02-23T10:17:21","slug":"plantem-a-lhort","status":"publish","type":"post","link":"https:\/\/agora.xtec.cat\/zercepdesis\/esc-viro\/plantem-a-lhort\/","title":{"rendered":"PLANTEM A L&#8217;HORT"},"content":{"rendered":"<p><span style=\"font-weight: 400;\">Aquesta setmana la classe dels IGL\u00daS i la de les MERAVELLES DEL M\u00d3N hem comen\u00e7at a plantar a l\u2019hort despr\u00e9s d\u2019estar investigant quines plantes podr\u00edem plantar a la tardor. Per aix\u00f2 vam decidir plantar: enciams, espinacs, bledes, br\u00f2quil, roman\u00ed, farigola i orenga.<\/span><\/p>\n<p style=\"font-weight: 400;\">Esperem vagin creixent perqu\u00e8 aviat les puguem vendre a la botiga de la cooperativa!<\/p>\n<p><a href=\"https:\/\/agora.xtec.cat\/zercepdesis\/wp-content\/uploads\/usu2412\/2021\/02\/Plantem-a-lhort-4-1.jpg\"><img loading=\"lazy\" decoding=\"async\" class=\"alignnone size-large wp-image-1180\" src=\"https:\/\/agora.xtec.cat\/zercepdesis\/wp-content\/uploads\/usu2412\/2021\/02\/Plantem-a-lhort-4-1.jpg\" alt=\"\" width=\"320\" height=\"240\" srcset=\"https:\/\/agora.xtec.cat\/zercepdesis\/wp-content\/uploads\/usu2412\/2021\/02\/Plantem-a-lhort-4-1.jpg 320w, https:\/\/agora.xtec.cat\/zercepdesis\/wp-content\/uploads\/usu2412\/2021\/02\/Plantem-a-lhort-4-1-300x225.jpg 300w, https:\/\/agora.xtec.cat\/zercepdesis\/wp-content\/uploads\/usu2412\/2021\/02\/Plantem-a-lhort-4-1-200x150.jpg 200w\" sizes=\"auto, (max-width: 320px) 100vw, 320px\" \/>\u00a0\u00a0\u00a0\u00a0\u00a0\u00a0\u00a0<\/a> <a href=\"https:\/\/agora.xtec.cat\/zercepdesis\/wp-content\/uploads\/usu2412\/2021\/02\/Plantem-a-lhort-3-1.jpg\"><img loading=\"lazy\" decoding=\"async\" class=\"alignnone size-large wp-image-1181\" src=\"https:\/\/agora.xtec.cat\/zercepdesis\/wp-content\/uploads\/usu2412\/2021\/02\/Plantem-a-lhort-3-1.jpg\" alt=\"\" width=\"320\" height=\"240\" srcset=\"https:\/\/agora.xtec.cat\/zercepdesis\/wp-content\/uploads\/usu2412\/2021\/02\/Plantem-a-lhort-3-1.jpg 320w, https:\/\/agora.xtec.cat\/zercepdesis\/wp-content\/uploads\/usu2412\/2021\/02\/Plantem-a-lhort-3-1-300x225.jpg 300w, https:\/\/agora.xtec.cat\/zercepdesis\/wp-content\/uploads\/usu2412\/2021\/02\/Plantem-a-lhort-3-1-200x150.jpg 200w\" sizes=\"auto, (max-width: 320px) 100vw, 320px\" \/><\/a> <a href=\"https:\/\/agora.xtec.cat\/zercepdesis\/wp-content\/uploads\/usu2412\/2021\/02\/Plantem-a-lhort-2-1.jpg\"><img loading=\"lazy\" decoding=\"async\" class=\"alignnone size-large wp-image-1182\" src=\"https:\/\/agora.xtec.cat\/zercepdesis\/wp-content\/uploads\/usu2412\/2021\/02\/Plantem-a-lhort-2-1.jpg\" alt=\"\" width=\"320\" height=\"240\" srcset=\"https:\/\/agora.xtec.cat\/zercepdesis\/wp-content\/uploads\/usu2412\/2021\/02\/Plantem-a-lhort-2-1.jpg 320w, https:\/\/agora.xtec.cat\/zercepdesis\/wp-content\/uploads\/usu2412\/2021\/02\/Plantem-a-lhort-2-1-300x225.jpg 300w, https:\/\/agora.xtec.cat\/zercepdesis\/wp-content\/uploads\/usu2412\/2021\/02\/Plantem-a-lhort-2-1-200x150.jpg 200w\" sizes=\"auto, (max-width: 320px) 100vw, 320px\" \/><\/a> \u00a0\u00a0 \u00a0\u00a0 \u00a0<a href=\"https:\/\/agora.xtec.cat\/zercepdesis\/wp-content\/uploads\/usu2412\/2021\/02\/Plantem-a-lhort-1-2.jpg\"><img loading=\"lazy\" decoding=\"async\" class=\"alignnone size-full wp-image-1183\" src=\"https:\/\/agora.xtec.cat\/zercepdesis\/wp-content\/uploads\/usu2412\/2021\/02\/Plantem-a-lhort-1-2.jpg\" alt=\"\" width=\"320\" height=\"240\" srcset=\"https:\/\/agora.xtec.cat\/zercepdesis\/wp-content\/uploads\/usu2412\/2021\/02\/Plantem-a-lhort-1-2.jpg 320w, https:\/\/agora.xtec.cat\/zercepdesis\/wp-content\/uploads\/usu2412\/2021\/02\/Plantem-a-lhort-1-2-300x225.jpg 300w, https:\/\/agora.xtec.cat\/zercepdesis\/wp-content\/uploads\/usu2412\/2021\/02\/Plantem-a-lhort-1-2-200x150.jpg 200w\" sizes=\"auto, (max-width: 320px) 100vw, 320px\" \/><\/a><\/p>\n","protected":false},"excerpt":{"rendered":"<p>Aquesta setmana la classe dels IGL\u00daS i la de les MERAVELLES DEL M\u00d3N hem comen\u00e7at a plantar a l\u2019hort despr\u00e9s d\u2019estar investigant quines plantes podr\u00edem plantar a la tardor. Per aix\u00f2 vam decidir plantar: enciams, espinacs, bledes, br\u00f2quil, roman\u00ed, farigola i orenga.<br \/>\nEsperem vagin creixent perqu\u00e8&hellip;  <a href=\"https:\/\/agora.xtec.cat\/zercepdesis\/esc-viro\/plantem-a-lhort\/\" title=\"Read PLANTEM A L&#8217;HORT\">Llegeix m\u00e9s\u00bb<\/a><\/p>\n","protected":false},"author":1,"featured_media":0,"comment_status":"open","ping_status":"closed","sticky":false,"template":"","format":"standard","meta":{"_bbp_topic_count":0,"_bbp_reply_count":0,"_bbp_total_topic_count":0,"_bbp_total_reply_count":0,"_bbp_voice_count":0,"_bbp_anonymous_reply_count":0,"_bbp_topic_count_hidden":0,"_bbp_reply_count_hidden":0,"_bbp_forum_subforum_count":0,"footnotes":""},"categories":[140,136],"tags":[150,148,147,124],"class_list":["post-1174","post","type-post","status-publish","format-standard","hentry","category-curs-18-19-pu","category-esc-viro","tag-hora-verda-18-19","tag-iglus","tag-les-15-meravelles-del-mon","tag-portada"],"post_mailing_queue_ids":[],"_links":{"self":[{"href":"https:\/\/agora.xtec.cat\/zercepdesis\/wp-json\/wp\/v2\/posts\/1174","targetHints":{"allow":["GET"]}}],"collection":[{"href":"https:\/\/agora.xtec.cat\/zercepdesis\/wp-json\/wp\/v2\/posts"}],"about":[{"href":"https:\/\/agora.xtec.cat\/zercepdesis\/wp-json\/wp\/v2\/types\/post"}],"author":[{"embeddable":true,"href":"https:\/\/agora.xtec.cat\/zercepdesis\/wp-json\/wp\/v2\/users\/1"}],"replies":[{"embeddable":true,"href":"https:\/\/agora.xtec.cat\/zercepdesis\/wp-json\/wp\/v2\/comments?post=1174"}],"version-history":[{"count":1,"href":"https:\/\/agora.xtec.cat\/zercepdesis\/wp-json\/wp\/v2\/posts\/1174\/revisions"}],"predecessor-version":[{"id":1184,"href":"https:\/\/agora.xtec.cat\/zercepdesis\/wp-json\/wp\/v2\/posts\/1174\/revisions\/1184"}],"wp:attachment":[{"href":"https:\/\/agora.xtec.cat\/zercepdesis\/wp-json\/wp\/v2\/media?parent=1174"}],"wp:term":[{"taxonomy":"category","embeddable":true,"href":"https:\/\/agora.xtec.cat\/zercepdesis\/wp-json\/wp\/v2\/categories?post=1174"},{"taxonomy":"post_tag","embeddable":true,"href":"https:\/\/agora.xtec.cat\/zercepdesis\/wp-json\/wp\/v2\/tags?post=1174"}],"curies":[{"name":"wp","href":"https:\/\/api.w.org\/{rel}","templated":true}]}}