{"id":1149,"date":"2019-01-15T10:40:29","date_gmt":"2019-01-15T09:40:29","guid":{"rendered":"https:\/\/agora.xtec.cat\/zercepdesis\/?p=1149"},"modified":"2021-02-23T10:45:36","modified_gmt":"2021-02-23T09:45:36","slug":"la-classe-de-les-cases-dels-arbres-fem-planter","status":"publish","type":"post","link":"https:\/\/agora.xtec.cat\/zercepdesis\/esc-viro\/la-classe-de-les-cases-dels-arbres-fem-planter\/","title":{"rendered":"LA CLASSE DE LES CASES DELS ARBRES FEM PLANTER"},"content":{"rendered":"<p>Fa uns dies les nenes i els nens de la classe de LES CASES DELS ARBRES vam observar el que semblaven unes llavors i vam decidir plantar-les amb cot\u00f3 fluix. Vam veure com anaven creixent unes petites plantes i vam pensar que potser estarien millor si les plant\u00e0vem a la terra i aix\u00ed ho vam fer. Ara toca cuidar-les perqu\u00e8 creixin ben fortes! A veure en qu\u00e8 es convertiran!<\/p>\n<p><a href=\"https:\/\/agora.xtec.cat\/zercepdesis\/wp-content\/uploads\/usu2412\/2021\/02\/03-Fem-planter-desembre-18-4.jpg\"><img loading=\"lazy\" decoding=\"async\" class=\"alignnone  wp-image-1150\" src=\"https:\/\/agora.xtec.cat\/zercepdesis\/wp-content\/uploads\/usu2412\/2021\/02\/03-Fem-planter-desembre-18-4.jpg\" alt=\"\" width=\"261\" height=\"195\" \/> \u00a0 \u00a0 <\/a><a style=\"font-family: inherit; font-size: 1em;\" href=\"https:\/\/agora.xtec.cat\/zercepdesis\/wp-content\/uploads\/usu2412\/2021\/02\/03-Fem-planter-desembre-18-1.jpg\"><img loading=\"lazy\" decoding=\"async\" class=\"alignnone  wp-image-1151\" src=\"https:\/\/agora.xtec.cat\/zercepdesis\/wp-content\/uploads\/usu2412\/2021\/02\/03-Fem-planter-desembre-18-1.jpg\" alt=\"\" width=\"260\" height=\"195\" \/>\u00a0\u00a0\u00a0<\/a><\/p>\n<p><a style=\"font-family: inherit; font-size: 1em;\" href=\"https:\/\/agora.xtec.cat\/zercepdesis\/wp-content\/uploads\/usu2412\/2021\/02\/03-Fem-planter-desembre-18-1.jpg\">\u00a0<\/a> <a href=\"https:\/\/agora.xtec.cat\/zercepdesis\/wp-content\/uploads\/usu2412\/2021\/02\/03-Fem-planter-desembre-18-3.jpg\"><img loading=\"lazy\" decoding=\"async\" class=\"alignnone  wp-image-1152\" src=\"https:\/\/agora.xtec.cat\/zercepdesis\/wp-content\/uploads\/usu2412\/2021\/02\/03-Fem-planter-desembre-18-3.jpg\" alt=\"\" width=\"259\" height=\"194\" \/> \u00a0 \u00a0<\/a><img loading=\"lazy\" decoding=\"async\" class=\"alignnone  wp-image-1153\" src=\"https:\/\/agora.xtec.cat\/zercepdesis\/wp-content\/uploads\/usu2412\/2021\/02\/03-Fem-planter-desembre-18-2.jpg\" alt=\"\" width=\"250\" height=\"188\" \/><\/p>\n","protected":false},"excerpt":{"rendered":"<p>Fa uns dies les nenes i els nens de la classe de LES CASES DELS ARBRES vam observar el que semblaven unes llavors i vam decidir plantar-les amb cot\u00f3 fluix. Vam veure com anaven creixent unes petites plantes i vam pensar que potser estarien millor&hellip;  <a href=\"https:\/\/agora.xtec.cat\/zercepdesis\/esc-viro\/la-classe-de-les-cases-dels-arbres-fem-planter\/\" title=\"Read LA CLASSE DE LES CASES DELS ARBRES FEM PLANTER\">Llegeix m\u00e9s\u00bb<\/a><\/p>\n","protected":false},"author":1,"featured_media":0,"comment_status":"open","ping_status":"closed","sticky":false,"template":"","format":"standard","meta":{"_bbp_topic_count":0,"_bbp_reply_count":0,"_bbp_total_topic_count":0,"_bbp_total_reply_count":0,"_bbp_voice_count":0,"_bbp_anonymous_reply_count":0,"_bbp_topic_count_hidden":0,"_bbp_reply_count_hidden":0,"_bbp_forum_subforum_count":0,"footnotes":""},"categories":[140,136],"tags":[149,124],"class_list":["post-1149","post","type-post","status-publish","format-standard","hentry","category-curs-18-19-pu","category-esc-viro","tag-casa-als-arbres","tag-portada"],"post_mailing_queue_ids":[],"_links":{"self":[{"href":"https:\/\/agora.xtec.cat\/zercepdesis\/wp-json\/wp\/v2\/posts\/1149","targetHints":{"allow":["GET"]}}],"collection":[{"href":"https:\/\/agora.xtec.cat\/zercepdesis\/wp-json\/wp\/v2\/posts"}],"about":[{"href":"https:\/\/agora.xtec.cat\/zercepdesis\/wp-json\/wp\/v2\/types\/post"}],"author":[{"embeddable":true,"href":"https:\/\/agora.xtec.cat\/zercepdesis\/wp-json\/wp\/v2\/users\/1"}],"replies":[{"embeddable":true,"href":"https:\/\/agora.xtec.cat\/zercepdesis\/wp-json\/wp\/v2\/comments?post=1149"}],"version-history":[{"count":1,"href":"https:\/\/agora.xtec.cat\/zercepdesis\/wp-json\/wp\/v2\/posts\/1149\/revisions"}],"predecessor-version":[{"id":1154,"href":"https:\/\/agora.xtec.cat\/zercepdesis\/wp-json\/wp\/v2\/posts\/1149\/revisions\/1154"}],"wp:attachment":[{"href":"https:\/\/agora.xtec.cat\/zercepdesis\/wp-json\/wp\/v2\/media?parent=1149"}],"wp:term":[{"taxonomy":"category","embeddable":true,"href":"https:\/\/agora.xtec.cat\/zercepdesis\/wp-json\/wp\/v2\/categories?post=1149"},{"taxonomy":"post_tag","embeddable":true,"href":"https:\/\/agora.xtec.cat\/zercepdesis\/wp-json\/wp\/v2\/tags?post=1149"}],"curies":[{"name":"wp","href":"https:\/\/api.w.org\/{rel}","templated":true}]}}