{"id":1119,"date":"2018-10-10T10:17:47","date_gmt":"2018-10-10T08:17:47","guid":{"rendered":"https:\/\/agora.xtec.cat\/zercepdesis\/?p=1119"},"modified":"2021-02-23T10:20:27","modified_gmt":"2021-02-23T09:20:27","slug":"el-projecte-dels-mes-grans","status":"publish","type":"post","link":"https:\/\/agora.xtec.cat\/zercepdesis\/esc-viro\/el-projecte-dels-mes-grans\/","title":{"rendered":"EL PROJECTE DELS M\u00c9S GRANS"},"content":{"rendered":"<p>La classe dels m\u00e9s grans hem comen\u00e7at a fer un projecte relacionat amb les masies dels voltants de Puigd\u00e0lber.<\/p>\n<p>Per cert, els i les alumnes m\u00e9s grans de l&#8217;Escola aquest curs ens diem: La Tribu dels Machu Picchu!<\/p>\n<p><a href=\"https:\/\/agora.xtec.cat\/zercepdesis\/wp-content\/uploads\/usu2412\/2021\/02\/WhatsApp-Image-2018-10-09-at-12.32.12.jpeg\"><img loading=\"lazy\" decoding=\"async\" class=\"alignnone size-full wp-image-1120\" src=\"https:\/\/agora.xtec.cat\/zercepdesis\/wp-content\/uploads\/usu2412\/2021\/02\/WhatsApp-Image-2018-10-09-at-12.32.12.jpeg\" alt=\"\" width=\"320\" height=\"179\" srcset=\"https:\/\/agora.xtec.cat\/zercepdesis\/wp-content\/uploads\/usu2412\/2021\/02\/WhatsApp-Image-2018-10-09-at-12.32.12.jpeg 320w, https:\/\/agora.xtec.cat\/zercepdesis\/wp-content\/uploads\/usu2412\/2021\/02\/WhatsApp-Image-2018-10-09-at-12.32.12-300x168.jpeg 300w\" sizes=\"auto, (max-width: 320px) 100vw, 320px\" \/><\/a><\/p>\n<p><a href=\"https:\/\/agora.xtec.cat\/zercepdesis\/wp-content\/uploads\/usu2412\/2021\/02\/WhatsApp-Image-2018-10-09-at-12.32.12-1.jpeg\"><img loading=\"lazy\" decoding=\"async\" class=\"alignnone size-large wp-image-1121\" src=\"https:\/\/agora.xtec.cat\/zercepdesis\/wp-content\/uploads\/usu2412\/2021\/02\/WhatsApp-Image-2018-10-09-at-12.32.12-1.jpeg\" alt=\"\" width=\"320\" height=\"179\" srcset=\"https:\/\/agora.xtec.cat\/zercepdesis\/wp-content\/uploads\/usu2412\/2021\/02\/WhatsApp-Image-2018-10-09-at-12.32.12-1.jpeg 320w, https:\/\/agora.xtec.cat\/zercepdesis\/wp-content\/uploads\/usu2412\/2021\/02\/WhatsApp-Image-2018-10-09-at-12.32.12-1-300x168.jpeg 300w\" sizes=\"auto, (max-width: 320px) 100vw, 320px\" \/><\/a><\/p>\n<p><a href=\"https:\/\/agora.xtec.cat\/zercepdesis\/wp-content\/uploads\/usu2412\/2021\/02\/WhatsApp-Image-2018-09-25-at-12.27.50-1.jpeg\"><img loading=\"lazy\" decoding=\"async\" class=\"alignnone wp-image-1122\" src=\"https:\/\/agora.xtec.cat\/zercepdesis\/wp-content\/uploads\/usu2412\/2021\/02\/WhatsApp-Image-2018-09-25-at-12.27.50-1.jpeg\" alt=\"\" width=\"321\" height=\"241\" srcset=\"https:\/\/agora.xtec.cat\/zercepdesis\/wp-content\/uploads\/usu2412\/2021\/02\/WhatsApp-Image-2018-09-25-at-12.27.50-1.jpeg 320w, https:\/\/agora.xtec.cat\/zercepdesis\/wp-content\/uploads\/usu2412\/2021\/02\/WhatsApp-Image-2018-09-25-at-12.27.50-1-300x225.jpeg 300w, https:\/\/agora.xtec.cat\/zercepdesis\/wp-content\/uploads\/usu2412\/2021\/02\/WhatsApp-Image-2018-09-25-at-12.27.50-1-200x150.jpeg 200w\" sizes=\"auto, (max-width: 321px) 100vw, 321px\" \/><\/a><\/p>\n","protected":false},"excerpt":{"rendered":"<p>La classe dels m\u00e9s grans hem comen\u00e7at a fer un projecte relacionat amb les masies dels voltants de Puigd\u00e0lber.<br \/>\nPer cert, els i les alumnes m\u00e9s grans de l&#8217;Escola aquest curs ens diem: La Tribu dels Machu Picchu!<br \/>\n<a href=\"https:\/\/agora.xtec.cat\/zercepdesis\/wp-content\/uploads\/usu2412\/2021\/02\/WhatsApp-Image-2018-10-09-at-12.32.12.jpeg\"><\/a><br \/>\n<a href=\"https:\/\/agora.xtec.cat\/zercepdesis\/wp-content\/uploads\/usu2412\/2021\/02\/WhatsApp-Image-2018-10-09-at-12.32.12-1.jpeg\"><\/a><br \/>\n<a href=\"https:\/\/agora.xtec.cat\/zercepdesis\/wp-content\/uploads\/usu2412\/2021\/02\/WhatsApp-Image-2018-09-25-at-12.27.50-1.jpeg\"><\/a><\/p>\n","protected":false},"author":1,"featured_media":0,"comment_status":"open","ping_status":"closed","sticky":false,"template":"","format":"standard","meta":{"_bbp_topic_count":0,"_bbp_reply_count":0,"_bbp_total_topic_count":0,"_bbp_total_reply_count":0,"_bbp_voice_count":0,"_bbp_anonymous_reply_count":0,"_bbp_topic_count_hidden":0,"_bbp_reply_count_hidden":0,"_bbp_forum_subforum_count":0,"footnotes":""},"categories":[140,136],"tags":[124,146],"class_list":["post-1119","post","type-post","status-publish","format-standard","hentry","category-curs-18-19-pu","category-esc-viro","tag-portada","tag-tribu-del-machu-picchu"],"post_mailing_queue_ids":[],"_links":{"self":[{"href":"https:\/\/agora.xtec.cat\/zercepdesis\/wp-json\/wp\/v2\/posts\/1119","targetHints":{"allow":["GET"]}}],"collection":[{"href":"https:\/\/agora.xtec.cat\/zercepdesis\/wp-json\/wp\/v2\/posts"}],"about":[{"href":"https:\/\/agora.xtec.cat\/zercepdesis\/wp-json\/wp\/v2\/types\/post"}],"author":[{"embeddable":true,"href":"https:\/\/agora.xtec.cat\/zercepdesis\/wp-json\/wp\/v2\/users\/1"}],"replies":[{"embeddable":true,"href":"https:\/\/agora.xtec.cat\/zercepdesis\/wp-json\/wp\/v2\/comments?post=1119"}],"version-history":[{"count":1,"href":"https:\/\/agora.xtec.cat\/zercepdesis\/wp-json\/wp\/v2\/posts\/1119\/revisions"}],"predecessor-version":[{"id":1123,"href":"https:\/\/agora.xtec.cat\/zercepdesis\/wp-json\/wp\/v2\/posts\/1119\/revisions\/1123"}],"wp:attachment":[{"href":"https:\/\/agora.xtec.cat\/zercepdesis\/wp-json\/wp\/v2\/media?parent=1119"}],"wp:term":[{"taxonomy":"category","embeddable":true,"href":"https:\/\/agora.xtec.cat\/zercepdesis\/wp-json\/wp\/v2\/categories?post=1119"},{"taxonomy":"post_tag","embeddable":true,"href":"https:\/\/agora.xtec.cat\/zercepdesis\/wp-json\/wp\/v2\/tags?post=1119"}],"curies":[{"name":"wp","href":"https:\/\/api.w.org\/{rel}","templated":true}]}}