{"id":1071,"date":"2017-11-06T16:14:01","date_gmt":"2017-11-06T15:14:01","guid":{"rendered":"https:\/\/agora.xtec.cat\/zercepdesis\/?p=1071"},"modified":"2021-02-22T16:21:47","modified_gmt":"2021-02-22T15:21:47","slug":"calculem-la-superficie","status":"publish","type":"post","link":"https:\/\/agora.xtec.cat\/zercepdesis\/esc-mor\/calculem-la-superficie\/","title":{"rendered":"CALCULEM LA SUPERF\u00cdCIE"},"content":{"rendered":"<div data-original-attrs=\"{&quot;style&quot;:&quot;&quot;}\"><span data-keep-original-tag=\"false\" data-original-attrs=\"{&quot;style&quot;:&quot;&quot;,&quot;face&quot;:&quot;\\&quot;trebuchet ms\\&quot; , sans-serif&quot;}\">A la dels Maced\u00f2nia estem fent un projecte sobre el govern i la distribuci\u00f3 del territori d&#8217;un pa\u00eds. Aquesta setmana hem calculat la superf\u00edcie del nostre territori tot utilitzant les diferents formes geom\u00e8triques. Hem calculat les \u00e0rees de cadascuna d&#8217;elles i finalment les hem sumat!<\/span><\/div>\n<div data-original-attrs=\"{&quot;style&quot;:&quot;&quot;}\"><\/div>\n<div data-original-attrs=\"{&quot;style&quot;:&quot;&quot;}\"><a href=\"https:\/\/agora.xtec.cat\/zercepdesis\/wp-content\/uploads\/usu2412\/2021\/02\/hd.png\"><img loading=\"lazy\" decoding=\"async\" class=\"alignnone size-full wp-image-1072\" src=\"https:\/\/agora.xtec.cat\/zercepdesis\/wp-content\/uploads\/usu2412\/2021\/02\/hd.png\" alt=\"\" width=\"600\" height=\"461\" srcset=\"https:\/\/agora.xtec.cat\/zercepdesis\/wp-content\/uploads\/usu2412\/2021\/02\/hd.png 600w, https:\/\/agora.xtec.cat\/zercepdesis\/wp-content\/uploads\/usu2412\/2021\/02\/hd-300x231.png 300w\" sizes=\"auto, (max-width: 600px) 100vw, 600px\" \/><\/a><\/div>\n","protected":false},"excerpt":{"rendered":"<p>A la dels Maced\u00f2nia estem fent un projecte sobre el govern i la distribuci\u00f3 del territori d&#8217;un pa\u00eds. Aquesta setmana hem calculat la superf\u00edcie del nostre territori tot utilitzant les diferents formes geom\u00e8triques. Hem calculat les \u00e0rees de cadascuna d&#8217;elles i finalment les hem sumat!<\/p>\n<p><a&hellip;  <a href=\"https:\/\/agora.xtec.cat\/zercepdesis\/esc-mor\/calculem-la-superficie\/\" title=\"Read CALCULEM LA SUPERF\u00cdCIE\">Llegeix m\u00e9s\u00bb<\/a><\/p>\n","protected":false},"author":1,"featured_media":0,"comment_status":"open","ping_status":"closed","sticky":false,"template":"","format":"standard","meta":{"_bbp_topic_count":0,"_bbp_reply_count":0,"_bbp_total_topic_count":0,"_bbp_total_reply_count":0,"_bbp_voice_count":0,"_bbp_anonymous_reply_count":0,"_bbp_topic_count_hidden":0,"_bbp_reply_count_hidden":0,"_bbp_forum_subforum_count":0,"footnotes":""},"categories":[143,121],"tags":[132],"class_list":["post-1071","post","type-post","status-publish","format-standard","hentry","category-curs-17-18-sf","category-esc-mor","tag-macedonia-classe-gran"],"post_mailing_queue_ids":[],"_links":{"self":[{"href":"https:\/\/agora.xtec.cat\/zercepdesis\/wp-json\/wp\/v2\/posts\/1071","targetHints":{"allow":["GET"]}}],"collection":[{"href":"https:\/\/agora.xtec.cat\/zercepdesis\/wp-json\/wp\/v2\/posts"}],"about":[{"href":"https:\/\/agora.xtec.cat\/zercepdesis\/wp-json\/wp\/v2\/types\/post"}],"author":[{"embeddable":true,"href":"https:\/\/agora.xtec.cat\/zercepdesis\/wp-json\/wp\/v2\/users\/1"}],"replies":[{"embeddable":true,"href":"https:\/\/agora.xtec.cat\/zercepdesis\/wp-json\/wp\/v2\/comments?post=1071"}],"version-history":[{"count":1,"href":"https:\/\/agora.xtec.cat\/zercepdesis\/wp-json\/wp\/v2\/posts\/1071\/revisions"}],"predecessor-version":[{"id":1073,"href":"https:\/\/agora.xtec.cat\/zercepdesis\/wp-json\/wp\/v2\/posts\/1071\/revisions\/1073"}],"wp:attachment":[{"href":"https:\/\/agora.xtec.cat\/zercepdesis\/wp-json\/wp\/v2\/media?parent=1071"}],"wp:term":[{"taxonomy":"category","embeddable":true,"href":"https:\/\/agora.xtec.cat\/zercepdesis\/wp-json\/wp\/v2\/categories?post=1071"},{"taxonomy":"post_tag","embeddable":true,"href":"https:\/\/agora.xtec.cat\/zercepdesis\/wp-json\/wp\/v2\/tags?post=1071"}],"curies":[{"name":"wp","href":"https:\/\/api.w.org\/{rel}","templated":true}]}}