{"id":5600,"date":"2026-02-03T17:17:11","date_gmt":"2026-02-03T16:17:11","guid":{"rendered":"https:\/\/agora.xtec.cat\/zerbaixpriorat\/?p=5600"},"modified":"2026-02-03T17:17:11","modified_gmt":"2026-02-03T16:17:11","slug":"dia-de-la-pau-i-la-no-violencia","status":"publish","type":"post","link":"https:\/\/agora.xtec.cat\/zerbaixpriorat\/rossendgiol\/dia-de-la-pau-i-la-no-violencia\/","title":{"rendered":"Dia de la Pau i la no viol\u00e8ncia"},"content":{"rendered":"<p><span style=\"font-weight: 400;\">A l\u2019escola el dia 31 de gener celebrem el dia de la Pau i la no viol\u00e8ncia.<\/span><\/p>\n<p><span style=\"font-weight: 400;\">Aquest any hem escoltat un conte molt especial que parla sobre la import\u00e0ncia d\u2019ajudar-nos els uns amb els altres, fent comunitat.<\/span><\/p>\n<p><span style=\"font-weight: 400;\">Hem fet el nostre Jard\u00ed de la Pau amb paraules que ajuden a cultivar la Pau.<\/span><\/p>\n<p><span style=\"font-weight: 400;\">Finalment, a la tarda, hem volgut mostrar el nostre Jard\u00ed de la Pau a les fam\u00edlies tot cantant la can\u00e7\u00f3 \u201cVolem la Pau\u201d.<\/span><\/p>\n<p><span style=\"font-weight: 400;\">Hem passat un dia de calma i de reflexi\u00f3 tots plegats i hem estat molt contents amb les fam\u00edlies que ens han vingut a veure\u2019ns abans de marxar cap a casa.<\/span><\/p>\n<p><a href=\"https:\/\/agora.xtec.cat\/zerbaixpriorat\/wp-content\/uploads\/usu962\/2026\/02\/EL-JARDI-DE-LA-PAU-1-scaled.jpg\"><img loading=\"lazy\" decoding=\"async\" class=\"alignnone size-large wp-image-5601\" src=\"https:\/\/agora.xtec.cat\/zerbaixpriorat\/wp-content\/uploads\/usu962\/2026\/02\/EL-JARDI-DE-LA-PAU-1-1024x576.jpg\" alt=\"\" width=\"1024\" height=\"576\" srcset=\"https:\/\/agora.xtec.cat\/zerbaixpriorat\/wp-content\/uploads\/usu962\/2026\/02\/EL-JARDI-DE-LA-PAU-1-1024x576.jpg 1024w, https:\/\/agora.xtec.cat\/zerbaixpriorat\/wp-content\/uploads\/usu962\/2026\/02\/EL-JARDI-DE-LA-PAU-1-300x169.jpg 300w, https:\/\/agora.xtec.cat\/zerbaixpriorat\/wp-content\/uploads\/usu962\/2026\/02\/EL-JARDI-DE-LA-PAU-1-768x432.jpg 768w, https:\/\/agora.xtec.cat\/zerbaixpriorat\/wp-content\/uploads\/usu962\/2026\/02\/EL-JARDI-DE-LA-PAU-1-1536x864.jpg 1536w, https:\/\/agora.xtec.cat\/zerbaixpriorat\/wp-content\/uploads\/usu962\/2026\/02\/EL-JARDI-DE-LA-PAU-1-2048x1152.jpg 2048w\" sizes=\"auto, (max-width: 1024px) 100vw, 1024px\" \/><\/a><\/p>\n","protected":false},"excerpt":{"rendered":"<p>A l\u2019escola el dia 31 de gener celebrem el dia de la Pau i la no viol\u00e8ncia. Aquest any hem escoltat un conte molt especial que parla sobre la import\u00e0ncia d\u2019ajudar-nos els uns amb els altres, fent comunitat. Hem fet el nostre Jard\u00ed de la Pau amb paraules que ajuden a cultivar la Pau. Finalment, [&hellip;]<\/p>\n","protected":false},"author":1,"featured_media":5601,"comment_status":"open","ping_status":"open","sticky":false,"template":"","format":"standard","meta":{"_bbp_topic_count":0,"_bbp_reply_count":0,"_bbp_total_topic_count":0,"_bbp_total_reply_count":0,"_bbp_voice_count":0,"_bbp_anonymous_reply_count":0,"_bbp_topic_count_hidden":0,"_bbp_reply_count_hidden":0,"_bbp_forum_subforum_count":0,"site-sidebar-layout":"default","site-content-layout":"","ast-site-content-layout":"default","site-content-style":"default","site-sidebar-style":"default","ast-global-header-display":"","ast-banner-title-visibility":"","ast-main-header-display":"","ast-hfb-above-header-display":"","ast-hfb-below-header-display":"","ast-hfb-mobile-header-display":"","site-post-title":"","ast-breadcrumbs-content":"","ast-featured-img":"","footer-sml-layout":"","theme-transparent-header-meta":"default","adv-header-id-meta":"","stick-header-meta":"","header-above-stick-meta":"","header-main-stick-meta":"","header-below-stick-meta":"","astra-migrate-meta-layouts":"set","ast-page-background-enabled":"default","ast-page-background-meta":{"desktop":{"background-color":"var(--ast-global-color-5)","background-image":"","background-repeat":"repeat","background-position":"center center","background-size":"auto","background-attachment":"scroll","background-type":"","background-media":"","overlay-type":"","overlay-color":"","overlay-opacity":"","overlay-gradient":""},"tablet":{"background-color":"","background-image":"","background-repeat":"repeat","background-position":"center center","background-size":"auto","background-attachment":"scroll","background-type":"","background-media":"","overlay-type":"","overlay-color":"","overlay-opacity":"","overlay-gradient":""},"mobile":{"background-color":"","background-image":"","background-repeat":"repeat","background-position":"center center","background-size":"auto","background-attachment":"scroll","background-type":"","background-media":"","overlay-type":"","overlay-color":"","overlay-opacity":"","overlay-gradient":""}},"ast-content-background-meta":{"desktop":{"background-color":"var(--ast-global-color-4)","background-image":"","background-repeat":"repeat","background-position":"center center","background-size":"auto","background-attachment":"scroll","background-type":"","background-media":"","overlay-type":"","overlay-color":"","overlay-opacity":"","overlay-gradient":""},"tablet":{"background-color":"var(--ast-global-color-4)","background-image":"","background-repeat":"repeat","background-position":"center center","background-size":"auto","background-attachment":"scroll","background-type":"","background-media":"","overlay-type":"","overlay-color":"","overlay-opacity":"","overlay-gradient":""},"mobile":{"background-color":"var(--ast-global-color-4)","background-image":"","background-repeat":"repeat","background-position":"center center","background-size":"auto","background-attachment":"scroll","background-type":"","background-media":"","overlay-type":"","overlay-color":"","overlay-opacity":"","overlay-gradient":""}},"footnotes":""},"categories":[69],"tags":[],"class_list":["post-5600","post","type-post","status-publish","format-standard","has-post-thumbnail","hentry","category-rossendgiol"],"post_mailing_queue_ids":[],"_links":{"self":[{"href":"https:\/\/agora.xtec.cat\/zerbaixpriorat\/wp-json\/wp\/v2\/posts\/5600","targetHints":{"allow":["GET"]}}],"collection":[{"href":"https:\/\/agora.xtec.cat\/zerbaixpriorat\/wp-json\/wp\/v2\/posts"}],"about":[{"href":"https:\/\/agora.xtec.cat\/zerbaixpriorat\/wp-json\/wp\/v2\/types\/post"}],"author":[{"embeddable":true,"href":"https:\/\/agora.xtec.cat\/zerbaixpriorat\/wp-json\/wp\/v2\/users\/1"}],"replies":[{"embeddable":true,"href":"https:\/\/agora.xtec.cat\/zerbaixpriorat\/wp-json\/wp\/v2\/comments?post=5600"}],"version-history":[{"count":1,"href":"https:\/\/agora.xtec.cat\/zerbaixpriorat\/wp-json\/wp\/v2\/posts\/5600\/revisions"}],"predecessor-version":[{"id":5602,"href":"https:\/\/agora.xtec.cat\/zerbaixpriorat\/wp-json\/wp\/v2\/posts\/5600\/revisions\/5602"}],"wp:featuredmedia":[{"embeddable":true,"href":"https:\/\/agora.xtec.cat\/zerbaixpriorat\/wp-json\/wp\/v2\/media\/5601"}],"wp:attachment":[{"href":"https:\/\/agora.xtec.cat\/zerbaixpriorat\/wp-json\/wp\/v2\/media?parent=5600"}],"wp:term":[{"taxonomy":"category","embeddable":true,"href":"https:\/\/agora.xtec.cat\/zerbaixpriorat\/wp-json\/wp\/v2\/categories?post=5600"},{"taxonomy":"post_tag","embeddable":true,"href":"https:\/\/agora.xtec.cat\/zerbaixpriorat\/wp-json\/wp\/v2\/tags?post=5600"}],"curies":[{"name":"wp","href":"https:\/\/api.w.org\/{rel}","templated":true}]}}