{"id":5419,"date":"2025-04-25T12:32:40","date_gmt":"2025-04-25T10:32:40","guid":{"rendered":"https:\/\/agora.xtec.cat\/zerbaixpriorat\/?p=5419"},"modified":"2025-04-25T12:32:40","modified_gmt":"2025-04-25T10:32:40","slug":"un-sant-jordi-compartit-i-ple-de-magia","status":"publish","type":"post","link":"https:\/\/agora.xtec.cat\/zerbaixpriorat\/sarrai\/un-sant-jordi-compartit-i-ple-de-magia\/","title":{"rendered":"Un Sant Jordi compartit i ple de m\u00e0gia"},"content":{"rendered":"<p style=\"text-align: left;\"><span style=\"font-weight: 400;\">A l\u2019escola, la Diada de Sant Jordi \u00e9s molt m\u00e9s que llibres i roses. \u00c9s un dia per compartir, imaginar, crear i enfortir vincles entre infants, fam\u00edlies i poble. I enguany ho hem tornat a viure amb entusiasme!<\/span><\/p>\n<p style=\"text-align: left;\"><span style=\"font-weight: 400;\">Durant la setmana, vam obrir les portes a les fam\u00edlies perqu\u00e8 poguessin venir a explicar contes als infants. El mateix dia de Sant Jordi vam tenir la visita d\u2019una fam\u00edlia que ens va explicar la llegenda del cavaller i el drac, un moment que ens va ajudar a endinsar-nos encara m\u00e9s en l\u2019esperit de la diada.<\/span><\/p>\n<p style=\"text-align: left;\"><span style=\"font-weight: 400;\">Despr\u00e9s, vam preparar amb molta il\u00b7lusi\u00f3 la vitrina de l\u2019escola, convertint-la en una petita finestra oberta al poble: hi vam penjar la lletra de la can\u00e7\u00f3 de Sant Jordi, perqu\u00e8 tothom qui pass\u00e9s pel davant pogu\u00e9s aprendre-la i cantar-la.<\/span><\/p>\n<p style=\"text-align: left;\"><span style=\"font-weight: 400;\">Al llarg del mat\u00ed, vam estar a la parada de roses que havien muntat l\u2019AFA, fent ambient i acompanyant des de l\u2019escola tot el que passava al voltant. Va ser una manera bonica de formar part d\u2019aquesta diada tan especial.<\/span><\/p>\n<p style=\"text-align: left;\"><span style=\"font-weight: 400;\">Despr\u00e9s vam fer tallers creatius a l\u2019escola: punts de llibre, dracs, manualitats i molta imaginaci\u00f3 en acci\u00f3.<\/span><\/p>\n<p style=\"text-align: left;\"><span style=\"font-weight: 400;\">La jornada va acabar amb una visita molt especial: vam anar a veure el drac que havia preparat l\u2019antiga mestra i directora de l\u2019escola.<\/span><\/p>\n<p style=\"text-align: left;\"><span style=\"font-weight: 400;\">Un Sant Jordi senzill, compartit i viscut amb cor. Gr\u00e0cies a totes les persones que en vau formar part!<\/span><\/p>\n<p><a href=\"https:\/\/agora.xtec.cat\/zerbaixpriorat\/wp-content\/uploads\/usu962\/2025\/04\/WhatsApp-Image-2025-04-25-at-11.58.15.jpeg\"><img loading=\"lazy\" decoding=\"async\" class=\"alignnone size-large wp-image-5420\" src=\"https:\/\/agora.xtec.cat\/zerbaixpriorat\/wp-content\/uploads\/usu962\/2025\/04\/WhatsApp-Image-2025-04-25-at-11.58.15-1024x768.jpeg\" alt=\"\" width=\"1024\" height=\"768\" srcset=\"https:\/\/agora.xtec.cat\/zerbaixpriorat\/wp-content\/uploads\/usu962\/2025\/04\/WhatsApp-Image-2025-04-25-at-11.58.15-1024x768.jpeg 1024w, https:\/\/agora.xtec.cat\/zerbaixpriorat\/wp-content\/uploads\/usu962\/2025\/04\/WhatsApp-Image-2025-04-25-at-11.58.15-300x225.jpeg 300w, https:\/\/agora.xtec.cat\/zerbaixpriorat\/wp-content\/uploads\/usu962\/2025\/04\/WhatsApp-Image-2025-04-25-at-11.58.15-768x576.jpeg 768w, https:\/\/agora.xtec.cat\/zerbaixpriorat\/wp-content\/uploads\/usu962\/2025\/04\/WhatsApp-Image-2025-04-25-at-11.58.15-1536x1152.jpeg 1536w, https:\/\/agora.xtec.cat\/zerbaixpriorat\/wp-content\/uploads\/usu962\/2025\/04\/WhatsApp-Image-2025-04-25-at-11.58.15-200x150.jpeg 200w, https:\/\/agora.xtec.cat\/zerbaixpriorat\/wp-content\/uploads\/usu962\/2025\/04\/WhatsApp-Image-2025-04-25-at-11.58.15.jpeg 2040w\" sizes=\"auto, (max-width: 1024px) 100vw, 1024px\" \/><\/a> <a href=\"https:\/\/agora.xtec.cat\/zerbaixpriorat\/wp-content\/uploads\/usu962\/2025\/04\/WhatsApp-Image-2025-04-25-at-11.58.15-2.jpeg\"><img loading=\"lazy\" decoding=\"async\" class=\"alignnone size-large wp-image-5421\" src=\"https:\/\/agora.xtec.cat\/zerbaixpriorat\/wp-content\/uploads\/usu962\/2025\/04\/WhatsApp-Image-2025-04-25-at-11.58.15-2-1024x768.jpeg\" alt=\"\" width=\"1024\" height=\"768\" srcset=\"https:\/\/agora.xtec.cat\/zerbaixpriorat\/wp-content\/uploads\/usu962\/2025\/04\/WhatsApp-Image-2025-04-25-at-11.58.15-2-1024x768.jpeg 1024w, https:\/\/agora.xtec.cat\/zerbaixpriorat\/wp-content\/uploads\/usu962\/2025\/04\/WhatsApp-Image-2025-04-25-at-11.58.15-2-300x225.jpeg 300w, https:\/\/agora.xtec.cat\/zerbaixpriorat\/wp-content\/uploads\/usu962\/2025\/04\/WhatsApp-Image-2025-04-25-at-11.58.15-2-768x576.jpeg 768w, https:\/\/agora.xtec.cat\/zerbaixpriorat\/wp-content\/uploads\/usu962\/2025\/04\/WhatsApp-Image-2025-04-25-at-11.58.15-2-1536x1152.jpeg 1536w, https:\/\/agora.xtec.cat\/zerbaixpriorat\/wp-content\/uploads\/usu962\/2025\/04\/WhatsApp-Image-2025-04-25-at-11.58.15-2-200x150.jpeg 200w, https:\/\/agora.xtec.cat\/zerbaixpriorat\/wp-content\/uploads\/usu962\/2025\/04\/WhatsApp-Image-2025-04-25-at-11.58.15-2.jpeg 2040w\" sizes=\"auto, (max-width: 1024px) 100vw, 1024px\" \/><\/a> <a href=\"https:\/\/agora.xtec.cat\/zerbaixpriorat\/wp-content\/uploads\/usu962\/2025\/04\/WhatsApp-Image-2025-04-25-at-11.58.15-1.jpeg\"><img loading=\"lazy\" decoding=\"async\" class=\"alignnone size-large wp-image-5422\" src=\"https:\/\/agora.xtec.cat\/zerbaixpriorat\/wp-content\/uploads\/usu962\/2025\/04\/WhatsApp-Image-2025-04-25-at-11.58.15-1-1024x768.jpeg\" alt=\"\" width=\"1024\" height=\"768\" srcset=\"https:\/\/agora.xtec.cat\/zerbaixpriorat\/wp-content\/uploads\/usu962\/2025\/04\/WhatsApp-Image-2025-04-25-at-11.58.15-1-1024x768.jpeg 1024w, https:\/\/agora.xtec.cat\/zerbaixpriorat\/wp-content\/uploads\/usu962\/2025\/04\/WhatsApp-Image-2025-04-25-at-11.58.15-1-300x225.jpeg 300w, https:\/\/agora.xtec.cat\/zerbaixpriorat\/wp-content\/uploads\/usu962\/2025\/04\/WhatsApp-Image-2025-04-25-at-11.58.15-1-768x576.jpeg 768w, https:\/\/agora.xtec.cat\/zerbaixpriorat\/wp-content\/uploads\/usu962\/2025\/04\/WhatsApp-Image-2025-04-25-at-11.58.15-1-1536x1152.jpeg 1536w, https:\/\/agora.xtec.cat\/zerbaixpriorat\/wp-content\/uploads\/usu962\/2025\/04\/WhatsApp-Image-2025-04-25-at-11.58.15-1-200x150.jpeg 200w, https:\/\/agora.xtec.cat\/zerbaixpriorat\/wp-content\/uploads\/usu962\/2025\/04\/WhatsApp-Image-2025-04-25-at-11.58.15-1.jpeg 2040w\" sizes=\"auto, (max-width: 1024px) 100vw, 1024px\" \/><\/a><\/p>\n","protected":false},"excerpt":{"rendered":"<p>A l\u2019escola, la Diada de Sant Jordi \u00e9s molt m\u00e9s que llibres i roses. \u00c9s un dia per compartir, imaginar, crear i enfortir vincles entre infants, fam\u00edlies i poble. I enguany ho hem tornat a viure amb entusiasme! Durant la setmana, vam obrir les portes a les fam\u00edlies perqu\u00e8 poguessin venir a explicar contes als [&hellip;]<\/p>\n","protected":false},"author":1,"featured_media":5421,"comment_status":"open","ping_status":"closed","sticky":false,"template":"","format":"standard","meta":{"_bbp_topic_count":0,"_bbp_reply_count":0,"_bbp_total_topic_count":0,"_bbp_total_reply_count":0,"_bbp_voice_count":0,"_bbp_anonymous_reply_count":0,"_bbp_topic_count_hidden":0,"_bbp_reply_count_hidden":0,"_bbp_forum_subforum_count":0,"site-sidebar-layout":"default","site-content-layout":"","ast-site-content-layout":"","site-content-style":"default","site-sidebar-style":"default","ast-global-header-display":"","ast-banner-title-visibility":"","ast-main-header-display":"","ast-hfb-above-header-display":"","ast-hfb-below-header-display":"","ast-hfb-mobile-header-display":"","site-post-title":"","ast-breadcrumbs-content":"","ast-featured-img":"","footer-sml-layout":"","theme-transparent-header-meta":"","adv-header-id-meta":"","stick-header-meta":"","header-above-stick-meta":"","header-main-stick-meta":"","header-below-stick-meta":"","astra-migrate-meta-layouts":"default","ast-page-background-enabled":"default","ast-page-background-meta":{"desktop":{"background-color":"var(--ast-global-color-5)","background-image":"","background-repeat":"repeat","background-position":"center center","background-size":"auto","background-attachment":"scroll","background-type":"","background-media":"","overlay-type":"","overlay-color":"","overlay-opacity":"","overlay-gradient":""},"tablet":{"background-color":"","background-image":"","background-repeat":"repeat","background-position":"center center","background-size":"auto","background-attachment":"scroll","background-type":"","background-media":"","overlay-type":"","overlay-color":"","overlay-opacity":"","overlay-gradient":""},"mobile":{"background-color":"","background-image":"","background-repeat":"repeat","background-position":"center center","background-size":"auto","background-attachment":"scroll","background-type":"","background-media":"","overlay-type":"","overlay-color":"","overlay-opacity":"","overlay-gradient":""}},"ast-content-background-meta":{"desktop":{"background-color":"var(--ast-global-color-4)","background-image":"","background-repeat":"repeat","background-position":"center center","background-size":"auto","background-attachment":"scroll","background-type":"","background-media":"","overlay-type":"","overlay-color":"","overlay-opacity":"","overlay-gradient":""},"tablet":{"background-color":"var(--ast-global-color-4)","background-image":"","background-repeat":"repeat","background-position":"center center","background-size":"auto","background-attachment":"scroll","background-type":"","background-media":"","overlay-type":"","overlay-color":"","overlay-opacity":"","overlay-gradient":""},"mobile":{"background-color":"var(--ast-global-color-4)","background-image":"","background-repeat":"repeat","background-position":"center center","background-size":"auto","background-attachment":"scroll","background-type":"","background-media":"","overlay-type":"","overlay-color":"","overlay-opacity":"","overlay-gradient":""}},"footnotes":""},"categories":[59],"tags":[],"class_list":["post-5419","post","type-post","status-publish","format-standard","has-post-thumbnail","hentry","category-sarrai"],"post_mailing_queue_ids":[],"_links":{"self":[{"href":"https:\/\/agora.xtec.cat\/zerbaixpriorat\/wp-json\/wp\/v2\/posts\/5419","targetHints":{"allow":["GET"]}}],"collection":[{"href":"https:\/\/agora.xtec.cat\/zerbaixpriorat\/wp-json\/wp\/v2\/posts"}],"about":[{"href":"https:\/\/agora.xtec.cat\/zerbaixpriorat\/wp-json\/wp\/v2\/types\/post"}],"author":[{"embeddable":true,"href":"https:\/\/agora.xtec.cat\/zerbaixpriorat\/wp-json\/wp\/v2\/users\/1"}],"replies":[{"embeddable":true,"href":"https:\/\/agora.xtec.cat\/zerbaixpriorat\/wp-json\/wp\/v2\/comments?post=5419"}],"version-history":[{"count":1,"href":"https:\/\/agora.xtec.cat\/zerbaixpriorat\/wp-json\/wp\/v2\/posts\/5419\/revisions"}],"predecessor-version":[{"id":5423,"href":"https:\/\/agora.xtec.cat\/zerbaixpriorat\/wp-json\/wp\/v2\/posts\/5419\/revisions\/5423"}],"wp:featuredmedia":[{"embeddable":true,"href":"https:\/\/agora.xtec.cat\/zerbaixpriorat\/wp-json\/wp\/v2\/media\/5421"}],"wp:attachment":[{"href":"https:\/\/agora.xtec.cat\/zerbaixpriorat\/wp-json\/wp\/v2\/media?parent=5419"}],"wp:term":[{"taxonomy":"category","embeddable":true,"href":"https:\/\/agora.xtec.cat\/zerbaixpriorat\/wp-json\/wp\/v2\/categories?post=5419"},{"taxonomy":"post_tag","embeddable":true,"href":"https:\/\/agora.xtec.cat\/zerbaixpriorat\/wp-json\/wp\/v2\/tags?post=5419"}],"curies":[{"name":"wp","href":"https:\/\/api.w.org\/{rel}","templated":true}]}}