{"id":9792,"date":"2026-03-13T10:28:20","date_gmt":"2026-03-13T09:28:20","guid":{"rendered":"https:\/\/agora.xtec.cat\/zerbaixcampsud\/?p=9792"},"modified":"2026-03-13T10:28:20","modified_gmt":"2026-03-13T09:28:20","slug":"zer-jornades-culturals-gaudi","status":"publish","type":"post","link":"https:\/\/agora.xtec.cat\/zerbaixcampsud\/general\/zer-jornades-culturals-gaudi\/","title":{"rendered":"ZER: Jornades culturals GAUD\u00cd"},"content":{"rendered":"\n<p>Aquest 2026 se celebra l&#8217;Any Gaud\u00ed per commemorar els 100 anys de la seva mort. Riudoms, Reus i Barcelona han organitzat diverses activitats per a homenatjar l&#8217;arquitecte catal\u00e0 m\u00e9s universal.<\/p>\n\n\n\n<p>L&#8217;equip de mestres de la ZER ens hem unit a aquesta celebraci\u00f3 treballant la figura i les obres de Gaud\u00ed durant els tres dies de les jornades culturals.<\/p>\n\n\n\n<p>Qui va ser Gaud\u00ed? Quin era el seu ofici? En qu\u00e8 s&#8217;inspirava? Qu\u00e8 \u00e9s el trencad\u00eds? Al llarg d&#8217;aquests dies el nostre alumnat ha trobat les respostes a aquestes preguntes.<\/p>\n\n\n\n<p>Podeu veure el recull fotogr\u00e0fic de les jornades en els seg\u00fcents enlla\u00e7os:<\/p>\n\n\n\n<p class=\"has-vivid-cyan-blue-color has-text-color has-link-color has-medium-font-size wp-elements-bd455398317bcf9b1b3c9c92c1190ac6\">\ud83c\udfeb <a href=\"https:\/\/agora.xtec.cat\/zerbaixcampsud\/general\/duesaigues-fotos-jornades-gaudi\/\">Escola Puigmar\u00ed<\/a><\/p>\n\n\n\n<p class=\"has-vivid-green-cyan-color has-text-color has-link-color has-medium-font-size wp-elements-ef0efa6839311c25d0b180d0c8c1db71\">\ud83c\udfeb<a href=\"https:\/\/agora.xtec.cat\/zerbaixcampsud\/general\/vilanova-fotos-gaudi\/\">Escola Font de l&#8217;Arc<\/a><\/p>\n\n\n\n<figure class=\"wp-block-image aligncenter size-full is-resized\"><a href=\"https:\/\/naturalocal.net\/ca\/rutes-senderisme-catalunya\/rutes-senderisme-tarragona\/rutes-senderisme-vilanova-descornalbou\/ruta-gaudi-coll-rodo#imatges\" target=\"_blank\" rel=\"Ruta Gaud\u00ed Coll Rod\u00f3\"><img loading=\"lazy\" decoding=\"async\" width=\"702\" height=\"468\" src=\"https:\/\/agora.xtec.cat\/zerbaixcampsud\/wp-content\/uploads\/usu513\/2026\/03\/Gaudi.jpg\" alt=\"\" class=\"wp-image-9796\" style=\"width:366px;height:auto\" srcset=\"https:\/\/agora.xtec.cat\/zerbaixcampsud\/wp-content\/uploads\/usu513\/2026\/03\/Gaudi.jpg 702w, https:\/\/agora.xtec.cat\/zerbaixcampsud\/wp-content\/uploads\/usu513\/2026\/03\/Gaudi-300x200.jpg 300w\" sizes=\"auto, (max-width: 702px) 100vw, 702px\" \/><\/a><\/figure>\n\n\n\n<p class=\"has-small-font-size\">(imatge extreta de la p\u00e0gina web natura local)<\/p>\n\n\n\n<p><\/p>\n","protected":false},"excerpt":{"rendered":"<p>Aquest 2026 se celebra l&#8217;Any Gaud\u00ed per commemorar els 100 anys de la seva mort. L&#8217;equip de mestres de la ZER ens hem unit a aquesta celebraci\u00f3 treballant la figura i les obres de Gaud\u00ed durant els tres dies de les jornades culturals.<\/p>\n","protected":false},"author":1,"featured_media":9796,"comment_status":"open","ping_status":"open","sticky":false,"template":"","format":"standard","meta":{"_bbp_topic_count":0,"_bbp_reply_count":0,"_bbp_total_topic_count":0,"_bbp_total_reply_count":0,"_bbp_voice_count":0,"_bbp_anonymous_reply_count":0,"_bbp_topic_count_hidden":0,"_bbp_reply_count_hidden":0,"_bbp_forum_subforum_count":0,"site-sidebar-layout":"default","site-content-layout":"","ast-site-content-layout":"default","site-content-style":"default","site-sidebar-style":"default","ast-global-header-display":"","ast-banner-title-visibility":"","ast-main-header-display":"","ast-hfb-above-header-display":"","ast-hfb-below-header-display":"","ast-hfb-mobile-header-display":"","site-post-title":"","ast-breadcrumbs-content":"","ast-featured-img":"disabled","footer-sml-layout":"","theme-transparent-header-meta":"","adv-header-id-meta":"","stick-header-meta":"","header-above-stick-meta":"","header-main-stick-meta":"","header-below-stick-meta":"","astra-migrate-meta-layouts":"set","ast-page-background-enabled":"default","ast-page-background-meta":{"desktop":{"background-color":"var(--ast-global-color-4)","background-image":"","background-repeat":"repeat","background-position":"center center","background-size":"auto","background-attachment":"scroll","background-type":"","background-media":"","overlay-type":"","overlay-color":"","overlay-opacity":"","overlay-gradient":""},"tablet":{"background-color":"","background-image":"","background-repeat":"repeat","background-position":"center center","background-size":"auto","background-attachment":"scroll","background-type":"","background-media":"","overlay-type":"","overlay-color":"","overlay-opacity":"","overlay-gradient":""},"mobile":{"background-color":"","background-image":"","background-repeat":"repeat","background-position":"center center","background-size":"auto","background-attachment":"scroll","background-type":"","background-media":"","overlay-type":"","overlay-color":"","overlay-opacity":"","overlay-gradient":""}},"ast-content-background-meta":{"desktop":{"background-color":"var(--ast-global-color-5)","background-image":"","background-repeat":"repeat","background-position":"center center","background-size":"auto","background-attachment":"scroll","background-type":"","background-media":"","overlay-type":"","overlay-color":"","overlay-opacity":"","overlay-gradient":""},"tablet":{"background-color":"var(--ast-global-color-5)","background-image":"","background-repeat":"repeat","background-position":"center center","background-size":"auto","background-attachment":"scroll","background-type":"","background-media":"","overlay-type":"","overlay-color":"","overlay-opacity":"","overlay-gradient":""},"mobile":{"background-color":"var(--ast-global-color-5)","background-image":"","background-repeat":"repeat","background-position":"center center","background-size":"auto","background-attachment":"scroll","background-type":"","background-media":"","overlay-type":"","overlay-color":"","overlay-opacity":"","overlay-gradient":""}},"footnotes":""},"categories":[59,108,1,29,140],"tags":[],"class_list":["post-9792","post","type-post","status-publish","format-standard","has-post-thumbnail","hentry","category-escola_f-de-larc","category-escola-puigmari","category-general","category-portada","category-zer"],"post_mailing_queue_ids":[],"_links":{"self":[{"href":"https:\/\/agora.xtec.cat\/zerbaixcampsud\/wp-json\/wp\/v2\/posts\/9792","targetHints":{"allow":["GET"]}}],"collection":[{"href":"https:\/\/agora.xtec.cat\/zerbaixcampsud\/wp-json\/wp\/v2\/posts"}],"about":[{"href":"https:\/\/agora.xtec.cat\/zerbaixcampsud\/wp-json\/wp\/v2\/types\/post"}],"author":[{"embeddable":true,"href":"https:\/\/agora.xtec.cat\/zerbaixcampsud\/wp-json\/wp\/v2\/users\/1"}],"replies":[{"embeddable":true,"href":"https:\/\/agora.xtec.cat\/zerbaixcampsud\/wp-json\/wp\/v2\/comments?post=9792"}],"version-history":[{"count":6,"href":"https:\/\/agora.xtec.cat\/zerbaixcampsud\/wp-json\/wp\/v2\/posts\/9792\/revisions"}],"predecessor-version":[{"id":9806,"href":"https:\/\/agora.xtec.cat\/zerbaixcampsud\/wp-json\/wp\/v2\/posts\/9792\/revisions\/9806"}],"wp:featuredmedia":[{"embeddable":true,"href":"https:\/\/agora.xtec.cat\/zerbaixcampsud\/wp-json\/wp\/v2\/media\/9796"}],"wp:attachment":[{"href":"https:\/\/agora.xtec.cat\/zerbaixcampsud\/wp-json\/wp\/v2\/media?parent=9792"}],"wp:term":[{"taxonomy":"category","embeddable":true,"href":"https:\/\/agora.xtec.cat\/zerbaixcampsud\/wp-json\/wp\/v2\/categories?post=9792"},{"taxonomy":"post_tag","embeddable":true,"href":"https:\/\/agora.xtec.cat\/zerbaixcampsud\/wp-json\/wp\/v2\/tags?post=9792"}],"curies":[{"name":"wp","href":"https:\/\/api.w.org\/{rel}","templated":true}]}}