{"id":7443,"date":"2022-01-19T23:44:52","date_gmt":"2022-01-19T22:44:52","guid":{"rendered":"https:\/\/agora.xtec.cat\/zerbaixcampsud\/?p=7443"},"modified":"2022-01-19T23:44:52","modified_gmt":"2022-01-19T22:44:52","slug":"zer-baix-camp-sud-treballem-com-fer-un-us-segur-dinternet-amb-els-companys-i-companyes-de-grecia-i-turquia","status":"publish","type":"post","link":"https:\/\/agora.xtec.cat\/zerbaixcampsud\/portada\/zer-baix-camp-sud-treballem-com-fer-un-us-segur-dinternet-amb-els-companys-i-companyes-de-grecia-i-turquia\/","title":{"rendered":"ZER BAIX CAMP SUD: Treballem com fer un \u00fas segur d&#8217;internet amb els companys i companyes de Gr\u00e8cia i Turquia"},"content":{"rendered":"<p>Dins el programa eTwinning en el qual estem participant \u201cNew magazine: Science in stories for kids\u201d, les escoles participants com a primera trobada online vam realitzar una sessi\u00f3 de treball sobre internet segura. L\u2019activitat es va realitzar el divendres 10 de desembre de 2021 amb la participaci\u00f3 d\u2019alumnat i mestres de totes les escoles, utilitzant la plataforma Cisco Webex.<\/p>\n<p>Els responsables de la preparaci\u00f3, organitzaci\u00f3 i presentaci\u00f3 de l\u2019activitat va ser l\u2019alumnat de la classe E2 de l\u2019escola \u201cPrimera escola de prim\u00e0ria de GlyKa Nera\u201d. Els companys grecs ens van preparar jocs i activitats que van estar coordinades per la mestra d\u2019inform\u00e0tica de l\u2019escola, la senyora Marina Kanitsaki. Els estudiants de Glyka Nera van elaborar jocs electr\u00f2nics i de taula aix\u00ed com tamb\u00e9 van seleccionar v\u00eddeos sobre les bones normes en les cerques per internet i sobre el correcte comportament quan s\u2019utilitza aquesta eina (netiquette).<\/p>\n<p>La presentaci\u00f3 de la sessi\u00f3 de treball va estar coordinada per la Sra. Kanitsaki. Els estudiants de totes les escoles vam estar intercanviant opinions sobre el tema tot comentant els v\u00eddeos que hav\u00edem observat. Al final del taller vam fer una avaluaci\u00f3 en l\u00ednia per testar els aprenentatges adquirits.<\/p>\n<p>El taller va ser la primera oportunitat en que l\u2019alumnat va poder coincidir amb els companys i companyes dels altres pa\u00efsos participants en el programa. Per la canalla va ser una activitat emocionant i estan ja esperant la propera trobada en l\u00ednia i la col\u00b7laboraci\u00f3 en accions comunes.<\/p>\n<p><a href=\"https:\/\/agora.xtec.cat\/zerbaixcampsud\/wp-content\/uploads\/usu513\/2022\/01\/trobada-safer-internet.jpeg\"><img loading=\"lazy\" decoding=\"async\" class=\"alignleft size-full wp-image-7444\" src=\"https:\/\/agora.xtec.cat\/zerbaixcampsud\/wp-content\/uploads\/usu513\/2022\/01\/trobada-safer-internet.jpeg\" alt=\"\" width=\"187\" height=\"187\" srcset=\"https:\/\/agora.xtec.cat\/zerbaixcampsud\/wp-content\/uploads\/usu513\/2022\/01\/trobada-safer-internet.jpeg 187w, https:\/\/agora.xtec.cat\/zerbaixcampsud\/wp-content\/uploads\/usu513\/2022\/01\/trobada-safer-internet-150x150.jpeg 150w\" sizes=\"auto, (max-width: 187px) 100vw, 187px\" \/><\/a><a href=\"https:\/\/agora.xtec.cat\/zerbaixcampsud\/wp-content\/uploads\/usu513\/2022\/01\/trobada-safer-internet-2.jpeg\"><img loading=\"lazy\" decoding=\"async\" class=\"alignleft size-full wp-image-7445\" src=\"https:\/\/agora.xtec.cat\/zerbaixcampsud\/wp-content\/uploads\/usu513\/2022\/01\/trobada-safer-internet-2.jpeg\" alt=\"\" width=\"187\" height=\"187\" srcset=\"https:\/\/agora.xtec.cat\/zerbaixcampsud\/wp-content\/uploads\/usu513\/2022\/01\/trobada-safer-internet-2.jpeg 187w, https:\/\/agora.xtec.cat\/zerbaixcampsud\/wp-content\/uploads\/usu513\/2022\/01\/trobada-safer-internet-2-150x150.jpeg 150w\" sizes=\"auto, (max-width: 187px) 100vw, 187px\" \/><\/a><\/p>\n","protected":false},"excerpt":{"rendered":"<p>Dins el programa eTwinning en el qual estem participant \u201cNew magazine: Science in stories for kids\u201d, les escoles participants com a primera trobada online vam realitzar una sessi\u00f3 de treball sobre internet segura. L\u2019activitat es va realitzar el divendres 10 de desembre de 2021 amb la participaci\u00f3 d\u2019alumnat i mestres de totes les escoles, utilitzant [&hellip;]<\/p>\n","protected":false},"author":6,"featured_media":7444,"comment_status":"open","ping_status":"closed","sticky":false,"template":"","format":"standard","meta":{"_bbp_topic_count":0,"_bbp_reply_count":0,"_bbp_total_topic_count":0,"_bbp_total_reply_count":0,"_bbp_voice_count":0,"_bbp_anonymous_reply_count":0,"_bbp_topic_count_hidden":0,"_bbp_reply_count_hidden":0,"_bbp_forum_subforum_count":0,"site-sidebar-layout":"default","site-content-layout":"","ast-site-content-layout":"","site-content-style":"default","site-sidebar-style":"default","ast-global-header-display":"","ast-banner-title-visibility":"","ast-main-header-display":"","ast-hfb-above-header-display":"","ast-hfb-below-header-display":"","ast-hfb-mobile-header-display":"","site-post-title":"","ast-breadcrumbs-content":"","ast-featured-img":"","footer-sml-layout":"","theme-transparent-header-meta":"","adv-header-id-meta":"","stick-header-meta":"","header-above-stick-meta":"","header-main-stick-meta":"","header-below-stick-meta":"","astra-migrate-meta-layouts":"default","ast-page-background-enabled":"default","ast-page-background-meta":{"desktop":{"background-color":"var(--ast-global-color-4)","background-image":"","background-repeat":"repeat","background-position":"center center","background-size":"auto","background-attachment":"scroll","background-type":"","background-media":"","overlay-type":"","overlay-color":"","overlay-opacity":"","overlay-gradient":""},"tablet":{"background-color":"","background-image":"","background-repeat":"repeat","background-position":"center center","background-size":"auto","background-attachment":"scroll","background-type":"","background-media":"","overlay-type":"","overlay-color":"","overlay-opacity":"","overlay-gradient":""},"mobile":{"background-color":"","background-image":"","background-repeat":"repeat","background-position":"center center","background-size":"auto","background-attachment":"scroll","background-type":"","background-media":"","overlay-type":"","overlay-color":"","overlay-opacity":"","overlay-gradient":""}},"ast-content-background-meta":{"desktop":{"background-color":"var(--ast-global-color-5)","background-image":"","background-repeat":"repeat","background-position":"center center","background-size":"auto","background-attachment":"scroll","background-type":"","background-media":"","overlay-type":"","overlay-color":"","overlay-opacity":"","overlay-gradient":""},"tablet":{"background-color":"var(--ast-global-color-5)","background-image":"","background-repeat":"repeat","background-position":"center center","background-size":"auto","background-attachment":"scroll","background-type":"","background-media":"","overlay-type":"","overlay-color":"","overlay-opacity":"","overlay-gradient":""},"mobile":{"background-color":"var(--ast-global-color-5)","background-image":"","background-repeat":"repeat","background-position":"center center","background-size":"auto","background-attachment":"scroll","background-type":"","background-media":"","overlay-type":"","overlay-color":"","overlay-opacity":"","overlay-gradient":""}},"footnotes":""},"categories":[91,96,226,59,108,221,29,140],"tags":[42,179,171,174,228,177,164,227,188],"class_list":["post-7443","post","type-post","status-publish","format-standard","has-post-thumbnail","hentry","category-angles","category-primaria","category-erasmus","category-escola_f-de-larc","category-escola-puigmari","category-etwinning-project","category-portada","category-zer","tag-angles","tag-cicle-mitja","tag-cicle-superior","tag-duesaigues","tag-erasmus","tag-etwinning-project","tag-font-de-larc","tag-new-magazine-science-in-stories-for-kids","tag-zer-baix-camp-sud"],"post_mailing_queue_ids":[],"_links":{"self":[{"href":"https:\/\/agora.xtec.cat\/zerbaixcampsud\/wp-json\/wp\/v2\/posts\/7443","targetHints":{"allow":["GET"]}}],"collection":[{"href":"https:\/\/agora.xtec.cat\/zerbaixcampsud\/wp-json\/wp\/v2\/posts"}],"about":[{"href":"https:\/\/agora.xtec.cat\/zerbaixcampsud\/wp-json\/wp\/v2\/types\/post"}],"author":[{"embeddable":true,"href":"https:\/\/agora.xtec.cat\/zerbaixcampsud\/wp-json\/wp\/v2\/users\/6"}],"replies":[{"embeddable":true,"href":"https:\/\/agora.xtec.cat\/zerbaixcampsud\/wp-json\/wp\/v2\/comments?post=7443"}],"version-history":[{"count":1,"href":"https:\/\/agora.xtec.cat\/zerbaixcampsud\/wp-json\/wp\/v2\/posts\/7443\/revisions"}],"predecessor-version":[{"id":7446,"href":"https:\/\/agora.xtec.cat\/zerbaixcampsud\/wp-json\/wp\/v2\/posts\/7443\/revisions\/7446"}],"wp:featuredmedia":[{"embeddable":true,"href":"https:\/\/agora.xtec.cat\/zerbaixcampsud\/wp-json\/wp\/v2\/media\/7444"}],"wp:attachment":[{"href":"https:\/\/agora.xtec.cat\/zerbaixcampsud\/wp-json\/wp\/v2\/media?parent=7443"}],"wp:term":[{"taxonomy":"category","embeddable":true,"href":"https:\/\/agora.xtec.cat\/zerbaixcampsud\/wp-json\/wp\/v2\/categories?post=7443"},{"taxonomy":"post_tag","embeddable":true,"href":"https:\/\/agora.xtec.cat\/zerbaixcampsud\/wp-json\/wp\/v2\/tags?post=7443"}],"curies":[{"name":"wp","href":"https:\/\/api.w.org\/{rel}","templated":true}]}}