{"id":7645,"date":"2018-03-16T11:45:47","date_gmt":"2018-03-16T10:45:47","guid":{"rendered":"http:\/\/agora.xtec.cat\/zeraltsegria\/?p=7645"},"modified":"2018-03-16T11:45:47","modified_gmt":"2018-03-16T10:45:47","slug":"el-protagonista-de-la-setmana-soukayna","status":"publish","type":"post","link":"https:\/\/agora.xtec.cat\/zeraltsegria\/general\/el-protagonista-de-la-setmana-soukayna\/","title":{"rendered":"EL PROTAGONISTA DE LA SETMANA: SOUKAYNA!"},"content":{"rendered":"<p>Cada setmana un nen o nena d\u2019Educaci\u00f3 Infantil o Cicle Inicial \u00e9s el protagonista. Ens explica amb ajuda de fotografies quan i on va n\u00e9ixer, si t\u00e9 germans, qu\u00e8 li agrada,&#8230; Aix\u00f2 ens permet coneixer-nos entre millor tots\/es. Els companys\/es li agraeixen que comparteixi moments de la seva vida fent-li una abra\u00e7ada en arribar i \u00a0dient-li que en pensen d\u2019ell\/a amb una paraula bonica que el defineixi.<\/p>\n<p>Al final de la setmana ens visita la mare o el pare del protagonista i ens fa una activitat per a tots\/es.<\/p>\n<p>En aquest cas el protagonista era la Soukayna! En la imatge podem veure a tots els companys compartin els an\u00e8cdotes de la Soukayna!<br \/>\n<a href=\"http:\/\/agora.xtec.cat\/zeraltsegria\/wp-content\/uploads\/usu461\/2018\/03\/IMG_1646.jpg\"><img loading=\"lazy\" decoding=\"async\" class=\"wp-image-7654 aligncenter\" src=\"http:\/\/agora.xtec.cat\/zeraltsegria\/wp-content\/uploads\/usu461\/2018\/03\/IMG_1646-1024x768.jpg\" alt=\"\" width=\"352\" height=\"263\" srcset=\"https:\/\/agora.xtec.cat\/zeraltsegria\/wp-content\/uploads\/usu461\/2018\/03\/IMG_1646-1024x768.jpg 1024w, https:\/\/agora.xtec.cat\/zeraltsegria\/wp-content\/uploads\/usu461\/2018\/03\/IMG_1646-300x225.jpg 300w, https:\/\/agora.xtec.cat\/zeraltsegria\/wp-content\/uploads\/usu461\/2018\/03\/IMG_1646-768x576.jpg 768w, https:\/\/agora.xtec.cat\/zeraltsegria\/wp-content\/uploads\/usu461\/2018\/03\/IMG_1646-200x150.jpg 200w\" sizes=\"auto, (max-width: 352px) 100vw, 352px\" \/><\/a><\/p>\n<p>Al final de la setmana vam comptar amb la visita de la Fatna, la mare de la Soukayna! La Fatna ens va ensenyar a fer uns bombons de xocolata d&#8217;all\u00f2 m\u00e9s bons&#8230;<\/p>\n<p style=\"text-align: center;\"><\/p>\n<p>Volem aprofitar per donar les gr\u00e0cies a la Fatna per compartir amb nosaltres la seva recepta i fer \u00a0que tots aprengu\u00e9ssim a dur-la a terme! Tots vam gaudir molt de l&#8217;experi\u00e8ncia.<\/p>\n<p>&nbsp;<\/p>\n","protected":false},"excerpt":{"rendered":"<p>Cada setmana un nen o nena d\u2019Educaci\u00f3 Infantil o Cicle Inicial \u00e9s el protagonista. Ens explica amb ajuda de fotografies quan i on va n\u00e9ixer, si t\u00e9 germans, qu\u00e8 li agrada,&#8230; Aix\u00f2 ens permet coneixer-nos entre millor tots\/es.<\/p>\n","protected":false},"author":1,"featured_media":7669,"comment_status":"open","ping_status":"closed","sticky":false,"template":"","format":"standard","meta":{"_bbp_topic_count":0,"_bbp_reply_count":0,"_bbp_total_topic_count":0,"_bbp_total_reply_count":0,"_bbp_voice_count":0,"_bbp_anonymous_reply_count":0,"_bbp_topic_count_hidden":0,"_bbp_reply_count_hidden":0,"_bbp_forum_subforum_count":0,"site-sidebar-layout":"default","site-content-layout":"","ast-site-content-layout":"","site-content-style":"default","site-sidebar-style":"default","ast-global-header-display":"","ast-banner-title-visibility":"","ast-main-header-display":"","ast-hfb-above-header-display":"","ast-hfb-below-header-display":"","ast-hfb-mobile-header-display":"","site-post-title":"","ast-breadcrumbs-content":"","ast-featured-img":"","footer-sml-layout":"","theme-transparent-header-meta":"","adv-header-id-meta":"","stick-header-meta":"","header-above-stick-meta":"","header-main-stick-meta":"","header-below-stick-meta":"","astra-migrate-meta-layouts":"default","ast-page-background-enabled":"default","ast-page-background-meta":{"desktop":{"background-color":"var(--ast-global-color-4)","background-image":"","background-repeat":"repeat","background-position":"center center","background-size":"auto","background-attachment":"scroll","background-type":"","background-media":"","overlay-type":"","overlay-color":"","overlay-opacity":"","overlay-gradient":""},"tablet":{"background-color":"","background-image":"","background-repeat":"repeat","background-position":"center center","background-size":"auto","background-attachment":"scroll","background-type":"","background-media":"","overlay-type":"","overlay-color":"","overlay-opacity":"","overlay-gradient":""},"mobile":{"background-color":"","background-image":"","background-repeat":"repeat","background-position":"center center","background-size":"auto","background-attachment":"scroll","background-type":"","background-media":"","overlay-type":"","overlay-color":"","overlay-opacity":"","overlay-gradient":""}},"ast-content-background-meta":{"desktop":{"background-color":"var(--ast-global-color-5)","background-image":"","background-repeat":"repeat","background-position":"center center","background-size":"auto","background-attachment":"scroll","background-type":"","background-media":"","overlay-type":"","overlay-color":"","overlay-opacity":"","overlay-gradient":""},"tablet":{"background-color":"var(--ast-global-color-5)","background-image":"","background-repeat":"repeat","background-position":"center center","background-size":"auto","background-attachment":"scroll","background-type":"","background-media":"","overlay-type":"","overlay-color":"","overlay-opacity":"","overlay-gradient":""},"mobile":{"background-color":"var(--ast-global-color-5)","background-image":"","background-repeat":"repeat","background-position":"center center","background-size":"auto","background-attachment":"scroll","background-type":"","background-media":"","overlay-type":"","overlay-color":"","overlay-opacity":"","overlay-gradient":""}},"footnotes":""},"categories":[100,79,102,108,70,1,99],"tags":[],"class_list":["post-7645","post","type-post","status-publish","format-standard","has-post-thumbnail","hentry","category-3r-4t-5e-6e-roser","category-ampa-escola-roser","category-cicle-inicial","category-educacio-infantil","category-escola-roser","category-general","category-p3-p5-1r-2n-roser"],"post_mailing_queue_ids":[],"_links":{"self":[{"href":"https:\/\/agora.xtec.cat\/zeraltsegria\/wp-json\/wp\/v2\/posts\/7645","targetHints":{"allow":["GET"]}}],"collection":[{"href":"https:\/\/agora.xtec.cat\/zeraltsegria\/wp-json\/wp\/v2\/posts"}],"about":[{"href":"https:\/\/agora.xtec.cat\/zeraltsegria\/wp-json\/wp\/v2\/types\/post"}],"author":[{"embeddable":true,"href":"https:\/\/agora.xtec.cat\/zeraltsegria\/wp-json\/wp\/v2\/users\/1"}],"replies":[{"embeddable":true,"href":"https:\/\/agora.xtec.cat\/zeraltsegria\/wp-json\/wp\/v2\/comments?post=7645"}],"version-history":[{"count":2,"href":"https:\/\/agora.xtec.cat\/zeraltsegria\/wp-json\/wp\/v2\/posts\/7645\/revisions"}],"predecessor-version":[{"id":7675,"href":"https:\/\/agora.xtec.cat\/zeraltsegria\/wp-json\/wp\/v2\/posts\/7645\/revisions\/7675"}],"wp:featuredmedia":[{"embeddable":true,"href":"https:\/\/agora.xtec.cat\/zeraltsegria\/wp-json\/wp\/v2\/media\/7669"}],"wp:attachment":[{"href":"https:\/\/agora.xtec.cat\/zeraltsegria\/wp-json\/wp\/v2\/media?parent=7645"}],"wp:term":[{"taxonomy":"category","embeddable":true,"href":"https:\/\/agora.xtec.cat\/zeraltsegria\/wp-json\/wp\/v2\/categories?post=7645"},{"taxonomy":"post_tag","embeddable":true,"href":"https:\/\/agora.xtec.cat\/zeraltsegria\/wp-json\/wp\/v2\/tags?post=7645"}],"curies":[{"name":"wp","href":"https:\/\/api.w.org\/{rel}","templated":true}]}}