{"id":13725,"date":"2020-01-31T10:00:37","date_gmt":"2020-01-31T09:00:37","guid":{"rendered":"http:\/\/agora.xtec.cat\/zeraltsegria\/?p=13725"},"modified":"2020-01-31T10:35:57","modified_gmt":"2020-01-31T09:35:57","slug":"les-families-expliquen-contes","status":"publish","type":"post","link":"https:\/\/agora.xtec.cat\/zeraltsegria\/general\/les-families-expliquen-contes\/","title":{"rendered":"LES FAM\u00cdLIES EXPLIQUEN CONTES"},"content":{"rendered":"<p>Avui la N\u00faria, la mare de la l&#8217;Anna ha encetat el cicle de &#8220;les fam\u00edlies expliquen contes&#8221;, i ho ha fet amb el conte del GEGANT DEL PI. Ens ho hem passat d&#8217;all\u00f2 m\u00e9s b\u00e9 escoltant i ballant la rondalla catalana.<\/p>\n<p>Gr\u00e0cies fam\u00edlia!<\/p>\n<p><a href=\"https:\/\/agora.xtec.cat\/zeraltsegria\/wp-content\/uploads\/usu461\/2020\/01\/IMG_9039.jpg\"><img loading=\"lazy\" decoding=\"async\" class=\"alignnone size-medium wp-image-13726\" src=\"https:\/\/agora.xtec.cat\/zeraltsegria\/wp-content\/uploads\/usu461\/2020\/01\/IMG_9039-300x225.jpg\" alt=\"\" width=\"300\" height=\"225\" srcset=\"https:\/\/agora.xtec.cat\/zeraltsegria\/wp-content\/uploads\/usu461\/2020\/01\/IMG_9039-300x225.jpg 300w, https:\/\/agora.xtec.cat\/zeraltsegria\/wp-content\/uploads\/usu461\/2020\/01\/IMG_9039-200x150.jpg 200w, https:\/\/agora.xtec.cat\/zeraltsegria\/wp-content\/uploads\/usu461\/2020\/01\/IMG_9039.jpg 640w\" sizes=\"auto, (max-width: 300px) 100vw, 300px\" \/><\/a> <a href=\"https:\/\/agora.xtec.cat\/zeraltsegria\/wp-content\/uploads\/usu461\/2020\/01\/IMG_9042.jpg\"><img loading=\"lazy\" decoding=\"async\" class=\"alignnone size-medium wp-image-13727\" src=\"https:\/\/agora.xtec.cat\/zeraltsegria\/wp-content\/uploads\/usu461\/2020\/01\/IMG_9042-300x225.jpg\" alt=\"\" width=\"300\" height=\"225\" srcset=\"https:\/\/agora.xtec.cat\/zeraltsegria\/wp-content\/uploads\/usu461\/2020\/01\/IMG_9042-300x225.jpg 300w, https:\/\/agora.xtec.cat\/zeraltsegria\/wp-content\/uploads\/usu461\/2020\/01\/IMG_9042-200x150.jpg 200w, https:\/\/agora.xtec.cat\/zeraltsegria\/wp-content\/uploads\/usu461\/2020\/01\/IMG_9042.jpg 640w\" sizes=\"auto, (max-width: 300px) 100vw, 300px\" \/><\/a> <a href=\"https:\/\/agora.xtec.cat\/zeraltsegria\/wp-content\/uploads\/usu461\/2020\/01\/IMG_9045.jpg\"><img loading=\"lazy\" decoding=\"async\" class=\"alignnone size-medium wp-image-13728\" src=\"https:\/\/agora.xtec.cat\/zeraltsegria\/wp-content\/uploads\/usu461\/2020\/01\/IMG_9045-300x225.jpg\" alt=\"\" width=\"300\" height=\"225\" srcset=\"https:\/\/agora.xtec.cat\/zeraltsegria\/wp-content\/uploads\/usu461\/2020\/01\/IMG_9045-300x225.jpg 300w, https:\/\/agora.xtec.cat\/zeraltsegria\/wp-content\/uploads\/usu461\/2020\/01\/IMG_9045-200x150.jpg 200w, https:\/\/agora.xtec.cat\/zeraltsegria\/wp-content\/uploads\/usu461\/2020\/01\/IMG_9045.jpg 640w\" sizes=\"auto, (max-width: 300px) 100vw, 300px\" \/><\/a><\/p>\n","protected":false},"excerpt":{"rendered":"<p>Avui la N\u00faria, la mare de la l&#8217;Anna ha encetat el cicle de &#8220;les fam\u00edlies expliquen contes&#8221;, i ho ha fet amb el conte del GEGANT DEL PI. Ens ho hem passat d&#8217;all\u00f2 m\u00e9s b\u00e9 escoltant i ballant la rondalla catalana. Gr\u00e0cies fam\u00edlia!<\/p>\n","protected":false},"author":9,"featured_media":13726,"comment_status":"open","ping_status":"closed","sticky":false,"template":"","format":"standard","meta":{"_bbp_topic_count":0,"_bbp_reply_count":0,"_bbp_total_topic_count":0,"_bbp_total_reply_count":0,"_bbp_voice_count":0,"_bbp_anonymous_reply_count":0,"_bbp_topic_count_hidden":0,"_bbp_reply_count_hidden":0,"_bbp_forum_subforum_count":0,"site-sidebar-layout":"default","site-content-layout":"","ast-site-content-layout":"","site-content-style":"default","site-sidebar-style":"default","ast-global-header-display":"","ast-banner-title-visibility":"","ast-main-header-display":"","ast-hfb-above-header-display":"","ast-hfb-below-header-display":"","ast-hfb-mobile-header-display":"","site-post-title":"","ast-breadcrumbs-content":"","ast-featured-img":"","footer-sml-layout":"","theme-transparent-header-meta":"","adv-header-id-meta":"","stick-header-meta":"","header-above-stick-meta":"","header-main-stick-meta":"","header-below-stick-meta":"","astra-migrate-meta-layouts":"default","ast-page-background-enabled":"default","ast-page-background-meta":{"desktop":{"background-color":"var(--ast-global-color-4)","background-image":"","background-repeat":"repeat","background-position":"center center","background-size":"auto","background-attachment":"scroll","background-type":"","background-media":"","overlay-type":"","overlay-color":"","overlay-opacity":"","overlay-gradient":""},"tablet":{"background-color":"","background-image":"","background-repeat":"repeat","background-position":"center center","background-size":"auto","background-attachment":"scroll","background-type":"","background-media":"","overlay-type":"","overlay-color":"","overlay-opacity":"","overlay-gradient":""},"mobile":{"background-color":"","background-image":"","background-repeat":"repeat","background-position":"center center","background-size":"auto","background-attachment":"scroll","background-type":"","background-media":"","overlay-type":"","overlay-color":"","overlay-opacity":"","overlay-gradient":""}},"ast-content-background-meta":{"desktop":{"background-color":"var(--ast-global-color-5)","background-image":"","background-repeat":"repeat","background-position":"center center","background-size":"auto","background-attachment":"scroll","background-type":"","background-media":"","overlay-type":"","overlay-color":"","overlay-opacity":"","overlay-gradient":""},"tablet":{"background-color":"var(--ast-global-color-5)","background-image":"","background-repeat":"repeat","background-position":"center center","background-size":"auto","background-attachment":"scroll","background-type":"","background-media":"","overlay-type":"","overlay-color":"","overlay-opacity":"","overlay-gradient":""},"mobile":{"background-color":"var(--ast-global-color-5)","background-image":"","background-repeat":"repeat","background-position":"center center","background-size":"auto","background-attachment":"scroll","background-type":"","background-media":"","overlay-type":"","overlay-color":"","overlay-opacity":"","overlay-gradient":""}},"footnotes":""},"categories":[1],"tags":[129,181],"class_list":["post-13725","post","type-post","status-publish","format-standard","has-post-thumbnail","hentry","category-general","tag-educacio-infantil","tag-escola-vilanova-de-segria"],"post_mailing_queue_ids":[],"_links":{"self":[{"href":"https:\/\/agora.xtec.cat\/zeraltsegria\/wp-json\/wp\/v2\/posts\/13725","targetHints":{"allow":["GET"]}}],"collection":[{"href":"https:\/\/agora.xtec.cat\/zeraltsegria\/wp-json\/wp\/v2\/posts"}],"about":[{"href":"https:\/\/agora.xtec.cat\/zeraltsegria\/wp-json\/wp\/v2\/types\/post"}],"author":[{"embeddable":true,"href":"https:\/\/agora.xtec.cat\/zeraltsegria\/wp-json\/wp\/v2\/users\/9"}],"replies":[{"embeddable":true,"href":"https:\/\/agora.xtec.cat\/zeraltsegria\/wp-json\/wp\/v2\/comments?post=13725"}],"version-history":[{"count":1,"href":"https:\/\/agora.xtec.cat\/zeraltsegria\/wp-json\/wp\/v2\/posts\/13725\/revisions"}],"predecessor-version":[{"id":13729,"href":"https:\/\/agora.xtec.cat\/zeraltsegria\/wp-json\/wp\/v2\/posts\/13725\/revisions\/13729"}],"wp:featuredmedia":[{"embeddable":true,"href":"https:\/\/agora.xtec.cat\/zeraltsegria\/wp-json\/wp\/v2\/media\/13726"}],"wp:attachment":[{"href":"https:\/\/agora.xtec.cat\/zeraltsegria\/wp-json\/wp\/v2\/media?parent=13725"}],"wp:term":[{"taxonomy":"category","embeddable":true,"href":"https:\/\/agora.xtec.cat\/zeraltsegria\/wp-json\/wp\/v2\/categories?post=13725"},{"taxonomy":"post_tag","embeddable":true,"href":"https:\/\/agora.xtec.cat\/zeraltsegria\/wp-json\/wp\/v2\/tags?post=13725"}],"curies":[{"name":"wp","href":"https:\/\/api.w.org\/{rel}","templated":true}]}}