{"id":13427,"date":"2020-01-15T13:55:35","date_gmt":"2020-01-15T12:55:35","guid":{"rendered":"http:\/\/agora.xtec.cat\/zeraltsegria\/?p=13427"},"modified":"2020-01-18T21:35:29","modified_gmt":"2020-01-18T20:35:29","slug":"quan-mesura-un-lleo","status":"publish","type":"post","link":"https:\/\/agora.xtec.cat\/zeraltsegria\/general\/quan-mesura-un-lleo\/","title":{"rendered":"QUANT  MESURA UN LLE\u00d3?"},"content":{"rendered":"<p>Una de preguntes que ens hav\u00edem plantejat en el projecte dels LLEONS, era descobrir quant mesura un LLE\u00d3. L&#8217;Anna ens va portat un conte on deia que eren molt grans per\u00f2 no sab\u00edem quant de grans, i l&#8217;Isaac va proposar que potser el senyor &#8220;Google&#8221; ens ho podria respondre i, \u00e9s clar, all\u00e0 ho vam cercar.<\/p>\n<p>Una vegada descoberta la seva mesura, vam haver de fer diverses sessions per investigar qu\u00e8 eren 2 metres. Vam\u00a0 utilitzar la cinta m\u00e8trica per fer-ho, per\u00f2 ens vam adonar que amb una no en ten\u00edem prou, quan ja en vam tenir dues les hav\u00edem de col\u00b7locar per verificar-ho i com ho pod\u00edem fer?<\/p>\n<p><a href=\"https:\/\/agora.xtec.cat\/zeraltsegria\/wp-content\/uploads\/usu461\/2020\/01\/IMG_8587.jpg\"><img loading=\"lazy\" decoding=\"async\" class=\"alignnone size-medium wp-image-13429\" src=\"https:\/\/agora.xtec.cat\/zeraltsegria\/wp-content\/uploads\/usu461\/2020\/01\/IMG_8587-300x225.jpg\" alt=\"\" width=\"300\" height=\"225\" srcset=\"https:\/\/agora.xtec.cat\/zeraltsegria\/wp-content\/uploads\/usu461\/2020\/01\/IMG_8587-300x225.jpg 300w, https:\/\/agora.xtec.cat\/zeraltsegria\/wp-content\/uploads\/usu461\/2020\/01\/IMG_8587-200x150.jpg 200w, https:\/\/agora.xtec.cat\/zeraltsegria\/wp-content\/uploads\/usu461\/2020\/01\/IMG_8587.jpg 640w\" sizes=\"auto, (max-width: 300px) 100vw, 300px\" \/><\/a><\/p>\n<p>En aquell moment va venir a la nostra classe dos alumnes de cicle superior, i ells els van explicar que per poder mesurar correctament hav\u00edem de posar les cintes amb l\u00ednia recta. I ells mateixos ens van ajudar.<\/p>\n<p><a href=\"https:\/\/agora.xtec.cat\/zeraltsegria\/wp-content\/uploads\/usu461\/2020\/01\/IMG_8591.jpg\"><img loading=\"lazy\" decoding=\"async\" class=\"alignnone size-medium wp-image-13432\" src=\"https:\/\/agora.xtec.cat\/zeraltsegria\/wp-content\/uploads\/usu461\/2020\/01\/IMG_8591-225x300.jpg\" alt=\"\" width=\"225\" height=\"300\" srcset=\"https:\/\/agora.xtec.cat\/zeraltsegria\/wp-content\/uploads\/usu461\/2020\/01\/IMG_8591-225x300.jpg 225w, https:\/\/agora.xtec.cat\/zeraltsegria\/wp-content\/uploads\/usu461\/2020\/01\/IMG_8591.jpg 480w\" sizes=\"auto, (max-width: 225px) 100vw, 225px\" \/><\/a><\/p>\n<p>Una vegada ten\u00edem clar que eren 2 metres, vam plantejar-nos quants nens i nenes necessitem per fer aquesta mesura.<\/p>\n<p><a href=\"https:\/\/agora.xtec.cat\/zeraltsegria\/wp-content\/uploads\/usu461\/2020\/01\/IMG_8594.jpg\"><img loading=\"lazy\" decoding=\"async\" class=\"alignnone size-medium wp-image-13434\" src=\"https:\/\/agora.xtec.cat\/zeraltsegria\/wp-content\/uploads\/usu461\/2020\/01\/IMG_8594-225x300.jpg\" alt=\"\" width=\"225\" height=\"300\" srcset=\"https:\/\/agora.xtec.cat\/zeraltsegria\/wp-content\/uploads\/usu461\/2020\/01\/IMG_8594-225x300.jpg 225w, https:\/\/agora.xtec.cat\/zeraltsegria\/wp-content\/uploads\/usu461\/2020\/01\/IMG_8594.jpg 480w\" sizes=\"auto, (max-width: 225px) 100vw, 225px\" \/><\/a><\/p>\n<p>I aleshores ens va sorgir la curiositat de saber quant mesurem nosaltres, aix\u00ed que ens hi vam posar:<\/p>\n<p><a href=\"https:\/\/agora.xtec.cat\/zeraltsegria\/wp-content\/uploads\/usu461\/2020\/01\/IMG_8595.jpg\"><img loading=\"lazy\" decoding=\"async\" class=\"alignnone size-medium wp-image-13435\" src=\"https:\/\/agora.xtec.cat\/zeraltsegria\/wp-content\/uploads\/usu461\/2020\/01\/IMG_8595-225x300.jpg\" alt=\"\" width=\"225\" height=\"300\" srcset=\"https:\/\/agora.xtec.cat\/zeraltsegria\/wp-content\/uploads\/usu461\/2020\/01\/IMG_8595-225x300.jpg 225w, https:\/\/agora.xtec.cat\/zeraltsegria\/wp-content\/uploads\/usu461\/2020\/01\/IMG_8595.jpg 480w\" sizes=\"auto, (max-width: 225px) 100vw, 225px\" \/><\/a><\/p>\n<p>D&#8217;aqu\u00ed vam extreure un llistat de resultats i vam decidir que en una altra sessi\u00f3 pod\u00edem jugar amb aquests resultats.<\/p>\n<p>&#8211; Qui era el\/la m\u00e9s alt de la classe, i el m\u00e9s baix, medim igual&#8230;<\/p>\n<p><a href=\"https:\/\/agora.xtec.cat\/zeraltsegria\/wp-content\/uploads\/usu461\/2020\/01\/IMG_8598.jpg\"><img loading=\"lazy\" decoding=\"async\" class=\"alignnone size-medium wp-image-13436\" src=\"https:\/\/agora.xtec.cat\/zeraltsegria\/wp-content\/uploads\/usu461\/2020\/01\/IMG_8598-225x300.jpg\" alt=\"\" width=\"225\" height=\"300\" srcset=\"https:\/\/agora.xtec.cat\/zeraltsegria\/wp-content\/uploads\/usu461\/2020\/01\/IMG_8598-225x300.jpg 225w, https:\/\/agora.xtec.cat\/zeraltsegria\/wp-content\/uploads\/usu461\/2020\/01\/IMG_8598.jpg 480w\" sizes=\"auto, (max-width: 225px) 100vw, 225px\" \/><\/a><\/p>\n<p>Aix\u00ed que vam decidir fer una fila del m\u00e9s alt al m\u00e9s baix, i com ens podem ordenar?<\/p>\n<p><a href=\"https:\/\/agora.xtec.cat\/zeraltsegria\/wp-content\/uploads\/usu461\/2020\/01\/IMG_8609.jpg\"><img loading=\"lazy\" decoding=\"async\" class=\"alignnone size-medium wp-image-13438\" src=\"https:\/\/agora.xtec.cat\/zeraltsegria\/wp-content\/uploads\/usu461\/2020\/01\/IMG_8609-300x225.jpg\" alt=\"\" width=\"300\" height=\"225\" srcset=\"https:\/\/agora.xtec.cat\/zeraltsegria\/wp-content\/uploads\/usu461\/2020\/01\/IMG_8609-300x225.jpg 300w, https:\/\/agora.xtec.cat\/zeraltsegria\/wp-content\/uploads\/usu461\/2020\/01\/IMG_8609-200x150.jpg 200w, https:\/\/agora.xtec.cat\/zeraltsegria\/wp-content\/uploads\/usu461\/2020\/01\/IMG_8609.jpg 640w\" sizes=\"auto, (max-width: 300px) 100vw, 300px\" \/><\/a><\/p>\n<p>Veure la imatge ens va ajudar a veure-ho m\u00e9s clar de forma visual.<\/p>\n<p>En una altra sessi\u00f3 vam reprendre la conversa amb l&#8217;objectiu de treballar la mesura, ens vam plantejar amb quina part del nostre cos pod\u00edem mesurar els dos metres que fa el lle\u00f3.<\/p>\n<p>I vam anar provant: amb l&#8217;esquena (deien), amb el cul, amb la panxa, amb els peus, amb els bra\u00e7os, amb les mans&#8230;<\/p>\n<p>Aix\u00ed que vam arribar a la conclusi\u00f3 que la manera m\u00e9s r\u00e0pid de fer-ho era amb les cames obertes que an\u00e0vem m\u00e9s r\u00e0pid, i li vam posar nom (aix\u00f2 \u00e9s mesurar amb passes).<\/p>\n<p><a href=\"https:\/\/agora.xtec.cat\/zeraltsegria\/wp-content\/uploads\/usu461\/2020\/01\/IMG_8611.jpg\"><img loading=\"lazy\" decoding=\"async\" class=\"alignnone size-medium wp-image-13439\" src=\"https:\/\/agora.xtec.cat\/zeraltsegria\/wp-content\/uploads\/usu461\/2020\/01\/IMG_8611-225x300.jpg\" alt=\"\" width=\"225\" height=\"300\" srcset=\"https:\/\/agora.xtec.cat\/zeraltsegria\/wp-content\/uploads\/usu461\/2020\/01\/IMG_8611-225x300.jpg 225w, https:\/\/agora.xtec.cat\/zeraltsegria\/wp-content\/uploads\/usu461\/2020\/01\/IMG_8611.jpg 480w\" sizes=\"auto, (max-width: 225px) 100vw, 225px\" \/><\/a><\/p>\n<p>Tamb\u00e9 ho podem fer amb peus, compte cal col\u00b7locar-los b\u00e9 sin\u00f3 no farem b\u00e9 la mesura.<\/p>\n<p><a href=\"https:\/\/agora.xtec.cat\/zeraltsegria\/wp-content\/uploads\/usu461\/2020\/01\/IMG_8614.jpg\"><img loading=\"lazy\" decoding=\"async\" class=\"alignnone size-medium wp-image-13440\" src=\"https:\/\/agora.xtec.cat\/zeraltsegria\/wp-content\/uploads\/usu461\/2020\/01\/IMG_8614-225x300.jpg\" alt=\"\" width=\"225\" height=\"300\" srcset=\"https:\/\/agora.xtec.cat\/zeraltsegria\/wp-content\/uploads\/usu461\/2020\/01\/IMG_8614-225x300.jpg 225w, https:\/\/agora.xtec.cat\/zeraltsegria\/wp-content\/uploads\/usu461\/2020\/01\/IMG_8614.jpg 480w\" sizes=\"auto, (max-width: 225px) 100vw, 225px\" \/><\/a><\/p>\n<p>I finalment vam aprendre a mesurar amb PAMS<\/p>\n<p><a href=\"https:\/\/agora.xtec.cat\/zeraltsegria\/wp-content\/uploads\/usu461\/2020\/01\/IMG_8616.jpg\"><img loading=\"lazy\" decoding=\"async\" class=\"alignnone size-medium wp-image-13441\" src=\"https:\/\/agora.xtec.cat\/zeraltsegria\/wp-content\/uploads\/usu461\/2020\/01\/IMG_8616-225x300.jpg\" alt=\"\" width=\"225\" height=\"300\" srcset=\"https:\/\/agora.xtec.cat\/zeraltsegria\/wp-content\/uploads\/usu461\/2020\/01\/IMG_8616-225x300.jpg 225w, https:\/\/agora.xtec.cat\/zeraltsegria\/wp-content\/uploads\/usu461\/2020\/01\/IMG_8616.jpg 480w\" sizes=\"auto, (max-width: 225px) 100vw, 225px\" \/><\/a><\/p>\n<p>Aix\u00ed que aquest ha estat el nostre treball arran de la pregunta inicial.<\/p>\n<p>Hem apr\u00e9s molt i ha estat molt divertit.<\/p>\n<p>&nbsp;<\/p>\n<p>&nbsp;<\/p>\n<p>&nbsp;<\/p>\n<p>&nbsp;<\/p>\n<p>&nbsp;<\/p>\n","protected":false},"excerpt":{"rendered":"<p>Una de preguntes que ens hav\u00edem plantejat en el projecte dels LLEONS, era descobrir quant mesura un LLE\u00d3. L&#8217;Anna ens va portat un conte on deia que eren molt grans per\u00f2 no sab\u00edem quant de grans, i l&#8217;Isaac va proposar que potser el senyor &#8220;Google&#8221; ens ho podria respondre i, \u00e9s clar, all\u00e0 ho vam [&hellip;]<\/p>\n","protected":false},"author":9,"featured_media":13439,"comment_status":"open","ping_status":"closed","sticky":false,"template":"","format":"standard","meta":{"_bbp_topic_count":0,"_bbp_reply_count":0,"_bbp_total_topic_count":0,"_bbp_total_reply_count":0,"_bbp_voice_count":0,"_bbp_anonymous_reply_count":0,"_bbp_topic_count_hidden":0,"_bbp_reply_count_hidden":0,"_bbp_forum_subforum_count":0,"site-sidebar-layout":"default","site-content-layout":"","ast-site-content-layout":"","site-content-style":"default","site-sidebar-style":"default","ast-global-header-display":"","ast-banner-title-visibility":"","ast-main-header-display":"","ast-hfb-above-header-display":"","ast-hfb-below-header-display":"","ast-hfb-mobile-header-display":"","site-post-title":"","ast-breadcrumbs-content":"","ast-featured-img":"","footer-sml-layout":"","theme-transparent-header-meta":"","adv-header-id-meta":"","stick-header-meta":"","header-above-stick-meta":"","header-main-stick-meta":"","header-below-stick-meta":"","astra-migrate-meta-layouts":"default","ast-page-background-enabled":"default","ast-page-background-meta":{"desktop":{"background-color":"var(--ast-global-color-4)","background-image":"","background-repeat":"repeat","background-position":"center center","background-size":"auto","background-attachment":"scroll","background-type":"","background-media":"","overlay-type":"","overlay-color":"","overlay-opacity":"","overlay-gradient":""},"tablet":{"background-color":"","background-image":"","background-repeat":"repeat","background-position":"center center","background-size":"auto","background-attachment":"scroll","background-type":"","background-media":"","overlay-type":"","overlay-color":"","overlay-opacity":"","overlay-gradient":""},"mobile":{"background-color":"","background-image":"","background-repeat":"repeat","background-position":"center center","background-size":"auto","background-attachment":"scroll","background-type":"","background-media":"","overlay-type":"","overlay-color":"","overlay-opacity":"","overlay-gradient":""}},"ast-content-background-meta":{"desktop":{"background-color":"var(--ast-global-color-5)","background-image":"","background-repeat":"repeat","background-position":"center center","background-size":"auto","background-attachment":"scroll","background-type":"","background-media":"","overlay-type":"","overlay-color":"","overlay-opacity":"","overlay-gradient":""},"tablet":{"background-color":"var(--ast-global-color-5)","background-image":"","background-repeat":"repeat","background-position":"center center","background-size":"auto","background-attachment":"scroll","background-type":"","background-media":"","overlay-type":"","overlay-color":"","overlay-opacity":"","overlay-gradient":""},"mobile":{"background-color":"var(--ast-global-color-5)","background-image":"","background-repeat":"repeat","background-position":"center center","background-size":"auto","background-attachment":"scroll","background-type":"","background-media":"","overlay-type":"","overlay-color":"","overlay-opacity":"","overlay-gradient":""}},"footnotes":""},"categories":[1],"tags":[],"class_list":["post-13427","post","type-post","status-publish","format-standard","has-post-thumbnail","hentry","category-general"],"post_mailing_queue_ids":[],"_links":{"self":[{"href":"https:\/\/agora.xtec.cat\/zeraltsegria\/wp-json\/wp\/v2\/posts\/13427","targetHints":{"allow":["GET"]}}],"collection":[{"href":"https:\/\/agora.xtec.cat\/zeraltsegria\/wp-json\/wp\/v2\/posts"}],"about":[{"href":"https:\/\/agora.xtec.cat\/zeraltsegria\/wp-json\/wp\/v2\/types\/post"}],"author":[{"embeddable":true,"href":"https:\/\/agora.xtec.cat\/zeraltsegria\/wp-json\/wp\/v2\/users\/9"}],"replies":[{"embeddable":true,"href":"https:\/\/agora.xtec.cat\/zeraltsegria\/wp-json\/wp\/v2\/comments?post=13427"}],"version-history":[{"count":3,"href":"https:\/\/agora.xtec.cat\/zeraltsegria\/wp-json\/wp\/v2\/posts\/13427\/revisions"}],"predecessor-version":[{"id":13492,"href":"https:\/\/agora.xtec.cat\/zeraltsegria\/wp-json\/wp\/v2\/posts\/13427\/revisions\/13492"}],"wp:featuredmedia":[{"embeddable":true,"href":"https:\/\/agora.xtec.cat\/zeraltsegria\/wp-json\/wp\/v2\/media\/13439"}],"wp:attachment":[{"href":"https:\/\/agora.xtec.cat\/zeraltsegria\/wp-json\/wp\/v2\/media?parent=13427"}],"wp:term":[{"taxonomy":"category","embeddable":true,"href":"https:\/\/agora.xtec.cat\/zeraltsegria\/wp-json\/wp\/v2\/categories?post=13427"},{"taxonomy":"post_tag","embeddable":true,"href":"https:\/\/agora.xtec.cat\/zeraltsegria\/wp-json\/wp\/v2\/tags?post=13427"}],"curies":[{"name":"wp","href":"https:\/\/api.w.org\/{rel}","templated":true}]}}