{"id":11583,"date":"2019-04-29T18:58:28","date_gmt":"2019-04-29T16:58:28","guid":{"rendered":"http:\/\/agora.xtec.cat\/zeraltsegria\/?p=11583"},"modified":"2019-04-30T10:51:01","modified_gmt":"2019-04-30T08:51:01","slug":"i-al-tornar-de-pasqua-sant-jordi","status":"publish","type":"post","link":"https:\/\/agora.xtec.cat\/zeraltsegria\/general\/i-al-tornar-de-pasqua-sant-jordi\/","title":{"rendered":"I al tornar de Pasqua&#8230;SANT JORDI!!"},"content":{"rendered":"<p>Sant Jordi \u00e9s una festa que celebrem amb un carinyo molt especial a l&#8217;escola perqu\u00e8 \u00e9s el dia de mirar, remirar, remenar, llegir llibres i olorar-los&#8230;perqu\u00e8 s\u00ed, els llibres fan una olor molt especial i, sobretot, quan s\u00f3n nous. Les hist\u00f2ries ens envolten i cadasc\u00fa pot triar la seva, imaginar-se els personatges i viure amb ells el que va passant a cada p\u00e0gina.<\/p>\n<p>Aquest curs, tot just acabant-nos de menjar l&#8217;\u00faltim boc\u00ed de mona, vam tornar a les classes amb la il\u00b7lusi\u00f3 d&#8217;anar a la paradeta de llibres i roses que organitza la nostra AMPA i vam poder comprar els llibres que ens van agradar m\u00e9s.<\/p>\n<p>Els m\u00e9s petits, van anar a veure l&#8217;obra de teatre &#8220;La llegenda del cavaller Sant Jordi&#8221; a c\u00e0rrec dels nens i nenes de l&#8217;Escola Bressol. Despr\u00e9s, ens vam trobar una sorpresa a l&#8217;escola: ten\u00edem llibres nous per la nostra biblioteca!!<\/p>\n<p>Vam anar a l&#8217;espai de lectura amb el que m\u00e9s ens va agradar i vam gaudir d&#8217;una estona de lectura m\u00e0gica i relaxada.<\/p>\n<p>A la tarda, vam dedicar el temps a fer les manualitats m\u00e9s t\u00edpiques de Sant Jordi: la rosa i els dracs&#8230;qu\u00e8 divertit!!<\/p>\n<p>Per\u00f2 aqu\u00ed no es va acabar tot perqu\u00e8 l&#8217;endem\u00e0 al mat\u00ed, vam fer un taller de poesia amb la mestra i poetessa Maite Bravo amb la que vam fer un viatge a l&#8217;espai i vam explorar els planetes del nostre Sistema Solar. Amb totes les nostres idees, ens far\u00e0 un poema i ens el far\u00e0 arribar. Estem ansiosos per poder llegir-lo!!<\/p>\n<p>Ja esperem el Sant Jordi del curs vinent!!<\/p>\n\n","protected":false},"excerpt":{"rendered":"<p>Sant Jordi \u00e9s una festa que celebrem amb un carinyo molt especial a l&#8217;escola perqu\u00e8 \u00e9s el dia de mirar, remirar, remenar, llegir llibres i olorar-los&#8230;perqu\u00e8 s\u00ed, els llibres fan una olor molt especial i, sobretot, quan s\u00f3n nous. Les hist\u00f2ries ens envolten i cadasc\u00fa pot triar la seva, imaginar-se els personatges i viure amb [&hellip;]<\/p>\n","protected":false},"author":12,"featured_media":11678,"comment_status":"open","ping_status":"closed","sticky":false,"template":"","format":"standard","meta":{"_bbp_topic_count":0,"_bbp_reply_count":0,"_bbp_total_topic_count":0,"_bbp_total_reply_count":0,"_bbp_voice_count":0,"_bbp_anonymous_reply_count":0,"_bbp_topic_count_hidden":0,"_bbp_reply_count_hidden":0,"_bbp_forum_subforum_count":0,"site-sidebar-layout":"default","site-content-layout":"","ast-site-content-layout":"","site-content-style":"default","site-sidebar-style":"default","ast-global-header-display":"","ast-banner-title-visibility":"","ast-main-header-display":"","ast-hfb-above-header-display":"","ast-hfb-below-header-display":"","ast-hfb-mobile-header-display":"","site-post-title":"","ast-breadcrumbs-content":"","ast-featured-img":"","footer-sml-layout":"","theme-transparent-header-meta":"","adv-header-id-meta":"","stick-header-meta":"","header-above-stick-meta":"","header-main-stick-meta":"","header-below-stick-meta":"","astra-migrate-meta-layouts":"default","ast-page-background-enabled":"default","ast-page-background-meta":{"desktop":{"background-color":"var(--ast-global-color-4)","background-image":"","background-repeat":"repeat","background-position":"center center","background-size":"auto","background-attachment":"scroll","background-type":"","background-media":"","overlay-type":"","overlay-color":"","overlay-opacity":"","overlay-gradient":""},"tablet":{"background-color":"","background-image":"","background-repeat":"repeat","background-position":"center center","background-size":"auto","background-attachment":"scroll","background-type":"","background-media":"","overlay-type":"","overlay-color":"","overlay-opacity":"","overlay-gradient":""},"mobile":{"background-color":"","background-image":"","background-repeat":"repeat","background-position":"center center","background-size":"auto","background-attachment":"scroll","background-type":"","background-media":"","overlay-type":"","overlay-color":"","overlay-opacity":"","overlay-gradient":""}},"ast-content-background-meta":{"desktop":{"background-color":"var(--ast-global-color-5)","background-image":"","background-repeat":"repeat","background-position":"center center","background-size":"auto","background-attachment":"scroll","background-type":"","background-media":"","overlay-type":"","overlay-color":"","overlay-opacity":"","overlay-gradient":""},"tablet":{"background-color":"var(--ast-global-color-5)","background-image":"","background-repeat":"repeat","background-position":"center center","background-size":"auto","background-attachment":"scroll","background-type":"","background-media":"","overlay-type":"","overlay-color":"","overlay-opacity":"","overlay-gradient":""},"mobile":{"background-color":"var(--ast-global-color-5)","background-image":"","background-repeat":"repeat","background-position":"center center","background-size":"auto","background-attachment":"scroll","background-type":"","background-media":"","overlay-type":"","overlay-color":"","overlay-opacity":"","overlay-gradient":""}},"footnotes":""},"categories":[77,102,103,104,108,68,1,111],"tags":[178],"class_list":["post-11583","post","type-post","status-publish","format-standard","has-post-thumbnail","hentry","category-ampa-escola-blanca","category-cicle-inicial","category-cicle-mitja","category-cicle-superior","category-educacio-infantil","category-escola-blanca","category-general","category-les-festes-a-lescola","tag-escola-blanca-de-villalonga"],"post_mailing_queue_ids":[],"_links":{"self":[{"href":"https:\/\/agora.xtec.cat\/zeraltsegria\/wp-json\/wp\/v2\/posts\/11583","targetHints":{"allow":["GET"]}}],"collection":[{"href":"https:\/\/agora.xtec.cat\/zeraltsegria\/wp-json\/wp\/v2\/posts"}],"about":[{"href":"https:\/\/agora.xtec.cat\/zeraltsegria\/wp-json\/wp\/v2\/types\/post"}],"author":[{"embeddable":true,"href":"https:\/\/agora.xtec.cat\/zeraltsegria\/wp-json\/wp\/v2\/users\/12"}],"replies":[{"embeddable":true,"href":"https:\/\/agora.xtec.cat\/zeraltsegria\/wp-json\/wp\/v2\/comments?post=11583"}],"version-history":[{"count":3,"href":"https:\/\/agora.xtec.cat\/zeraltsegria\/wp-json\/wp\/v2\/posts\/11583\/revisions"}],"predecessor-version":[{"id":11667,"href":"https:\/\/agora.xtec.cat\/zeraltsegria\/wp-json\/wp\/v2\/posts\/11583\/revisions\/11667"}],"wp:featuredmedia":[{"embeddable":true,"href":"https:\/\/agora.xtec.cat\/zeraltsegria\/wp-json\/wp\/v2\/media\/11678"}],"wp:attachment":[{"href":"https:\/\/agora.xtec.cat\/zeraltsegria\/wp-json\/wp\/v2\/media?parent=11583"}],"wp:term":[{"taxonomy":"category","embeddable":true,"href":"https:\/\/agora.xtec.cat\/zeraltsegria\/wp-json\/wp\/v2\/categories?post=11583"},{"taxonomy":"post_tag","embeddable":true,"href":"https:\/\/agora.xtec.cat\/zeraltsegria\/wp-json\/wp\/v2\/tags?post=11583"}],"curies":[{"name":"wp","href":"https:\/\/api.w.org\/{rel}","templated":true}]}}