{"id":11070,"date":"2019-04-03T12:25:24","date_gmt":"2019-04-03T10:25:24","guid":{"rendered":"http:\/\/agora.xtec.cat\/zeraltsegria\/?p=11070"},"modified":"2019-04-03T15:35:18","modified_gmt":"2019-04-03T13:35:18","slug":"dia-mundial-de-lautisme","status":"publish","type":"post","link":"https:\/\/agora.xtec.cat\/zeraltsegria\/general\/dia-mundial-de-lautisme\/","title":{"rendered":"Dia Mundial de l&#8217;Autisme"},"content":{"rendered":"<p>Ahir dia 2 d&#8217;abril va ser el Dia Mundial de conscienciaci\u00f3 de l&#8217;Autisme.<\/p>\n<p>Des de l&#8217;escola i amb l&#8217;orientaci\u00f3 del Consultori M\u00e8dic, vam voler sensibilitzar i afavorir la inclusi\u00f3 de les persones amb Trastorn de l&#8217;Espectre Autista, que afecta a 1 de cada 88 naixements.<\/p>\n<p>Per aquest motiu, al vest\u00edbul de la nostra escola hi haur\u00e0 durant uns dies una exposici\u00f3 informativa sobre aquest tema i ahir vam venir tots i totes vestits de color blau, que \u00e9s el color que vol fer visible aquesta malaltia.<\/p>\n<p>Us deixem les imatges d&#8217;aquest dia:<\/p>\n\r\n\t<div class=\"slideshow_container slideshow_container_style-light\" style=\" \" data-slideshow-id=\"11066\" data-style-name=\"style-light\" data-style-version=\"2.3.1\" >\r\n\r\n\t\t\t\t\t<div class=\"slideshow_loading_icon\"><\/div>\r\n\t\t\r\n\t\t<div class=\"slideshow_content\" style=\"display: none;\">\r\n\r\n\t\t\t<div class=\"slideshow_view\">\r\n\t\t\t\t<div class=\"slideshow_slide slideshow_slide_image\">\r\n\t\t\t\t\t\t\t\t\t\t\t<img src=\"https:\/\/agora.xtec.cat\/zeraltsegria\/wp-content\/uploads\/usu461\/2019\/04\/20190402_113841-1.jpg\" alt=\"20190402_113841 (1)\" width=\"860\" height=\"645\" \/>\r\n\t\t\t\t\t\t\t\t\t\t<div class=\"slideshow_description_box slideshow_transparent\">\r\n\t\t\t\t\t\t<div class=\"slideshow_title\">20190402_113841 (1)<\/div>\t\t\t\t\t\t\t\t\t\t\t<\/div>\r\n\t\t\t\t<\/div>\r\n\r\n\t\t\t\t\t\t<div style=\"clear: both;\"><\/div><\/div><div class=\"slideshow_view\">\r\n\t\t\t\t<div class=\"slideshow_slide slideshow_slide_image\">\r\n\t\t\t\t\t\t\t\t\t\t\t<img src=\"https:\/\/agora.xtec.cat\/zeraltsegria\/wp-content\/uploads\/usu461\/2019\/04\/20190403_114445.jpg\" alt=\"20190403_114445\" width=\"768\" height=\"550\" \/>\r\n\t\t\t\t\t\t\t\t\t\t<div class=\"slideshow_description_box slideshow_transparent\">\r\n\t\t\t\t\t\t<div class=\"slideshow_title\">20190403_114445<\/div>\t\t\t\t\t\t\t\t\t\t\t<\/div>\r\n\t\t\t\t<\/div>\r\n\r\n\t\t\t\t\t\t<div style=\"clear: both;\"><\/div><\/div>\r\n\t\t<\/div>\r\n\r\n\t\t<div class=\"slideshow_controlPanel slideshow_transparent\" style=\"display: none;\"><ul><li class=\"slideshow_togglePlay\" data-play-text=\"Visualitza\" data-pause-text=\"Pausa\"><\/li><\/ul><\/div>\r\n\r\n\t\t<div class=\"slideshow_button slideshow_previous slideshow_transparent\" role=\"button\" data-previous-text=\"Anterior\" style=\"display: none;\"><\/div>\r\n\t\t<div class=\"slideshow_button slideshow_next slideshow_transparent\" role=\"button\" data-next-text=\"Seg\u00fcent\" style=\"display: none;\"><\/div>\r\n\r\n\t\t<div class=\"slideshow_pagination\" style=\"display: none;\" data-go-to-text=\"V\u00e9s a la diapositiva\"><div class=\"slideshow_pagination_center\"><\/div><\/div>\r\n\r\n\t\t<!-- WordPress Slideshow Version 2.3.1 -->\r\n\r\n\t\t\t<\/div>\r\n\r\n\n<p>&nbsp;<\/p>\n","protected":false},"excerpt":{"rendered":"<p>Ahir dia 2 d&#8217;abril va ser el Dia Mundial de conscienciaci\u00f3 de l&#8217;Autisme. Des de l&#8217;escola i amb l&#8217;orientaci\u00f3 del Consultori M\u00e8dic, vam voler sensibilitzar i afavorir la inclusi\u00f3 de les persones amb Trastorn de l&#8217;Espectre Autista, que afecta a 1 de cada 88 naixements. Per aquest motiu, al vest\u00edbul de la nostra escola hi [&hellip;]<\/p>\n","protected":false},"author":1,"featured_media":11068,"comment_status":"open","ping_status":"closed","sticky":false,"template":"","format":"standard","meta":{"_bbp_topic_count":0,"_bbp_reply_count":0,"_bbp_total_topic_count":0,"_bbp_total_reply_count":0,"_bbp_voice_count":0,"_bbp_anonymous_reply_count":0,"_bbp_topic_count_hidden":0,"_bbp_reply_count_hidden":0,"_bbp_forum_subforum_count":0,"site-sidebar-layout":"default","site-content-layout":"","ast-site-content-layout":"","site-content-style":"default","site-sidebar-style":"default","ast-global-header-display":"","ast-banner-title-visibility":"","ast-main-header-display":"","ast-hfb-above-header-display":"","ast-hfb-below-header-display":"","ast-hfb-mobile-header-display":"","site-post-title":"","ast-breadcrumbs-content":"","ast-featured-img":"","footer-sml-layout":"","theme-transparent-header-meta":"","adv-header-id-meta":"","stick-header-meta":"","header-above-stick-meta":"","header-main-stick-meta":"","header-below-stick-meta":"","astra-migrate-meta-layouts":"default","ast-page-background-enabled":"default","ast-page-background-meta":{"desktop":{"background-color":"var(--ast-global-color-4)","background-image":"","background-repeat":"repeat","background-position":"center center","background-size":"auto","background-attachment":"scroll","background-type":"","background-media":"","overlay-type":"","overlay-color":"","overlay-opacity":"","overlay-gradient":""},"tablet":{"background-color":"","background-image":"","background-repeat":"repeat","background-position":"center center","background-size":"auto","background-attachment":"scroll","background-type":"","background-media":"","overlay-type":"","overlay-color":"","overlay-opacity":"","overlay-gradient":""},"mobile":{"background-color":"","background-image":"","background-repeat":"repeat","background-position":"center center","background-size":"auto","background-attachment":"scroll","background-type":"","background-media":"","overlay-type":"","overlay-color":"","overlay-opacity":"","overlay-gradient":""}},"ast-content-background-meta":{"desktop":{"background-color":"var(--ast-global-color-5)","background-image":"","background-repeat":"repeat","background-position":"center center","background-size":"auto","background-attachment":"scroll","background-type":"","background-media":"","overlay-type":"","overlay-color":"","overlay-opacity":"","overlay-gradient":""},"tablet":{"background-color":"var(--ast-global-color-5)","background-image":"","background-repeat":"repeat","background-position":"center center","background-size":"auto","background-attachment":"scroll","background-type":"","background-media":"","overlay-type":"","overlay-color":"","overlay-opacity":"","overlay-gradient":""},"mobile":{"background-color":"var(--ast-global-color-5)","background-image":"","background-repeat":"repeat","background-position":"center center","background-size":"auto","background-attachment":"scroll","background-type":"","background-media":"","overlay-type":"","overlay-color":"","overlay-opacity":"","overlay-gradient":""}},"footnotes":""},"categories":[97,98,102,103,104,108,68,1,96],"tags":[126,127,146,129,178],"class_list":["post-11070","post","type-post","status-publish","format-standard","has-post-thumbnail","hentry","category-1r-2n-3r-blanca","category-5e-6e-blanca","category-cicle-inicial","category-cicle-mitja","category-cicle-superior","category-educacio-infantil","category-escola-blanca","category-general","category-p3-p4-p5-blanca","tag-cicle-inicial","tag-cicle-mitja","tag-cicle-superior","tag-educacio-infantil","tag-escola-blanca-de-villalonga"],"post_mailing_queue_ids":[],"_links":{"self":[{"href":"https:\/\/agora.xtec.cat\/zeraltsegria\/wp-json\/wp\/v2\/posts\/11070","targetHints":{"allow":["GET"]}}],"collection":[{"href":"https:\/\/agora.xtec.cat\/zeraltsegria\/wp-json\/wp\/v2\/posts"}],"about":[{"href":"https:\/\/agora.xtec.cat\/zeraltsegria\/wp-json\/wp\/v2\/types\/post"}],"author":[{"embeddable":true,"href":"https:\/\/agora.xtec.cat\/zeraltsegria\/wp-json\/wp\/v2\/users\/1"}],"replies":[{"embeddable":true,"href":"https:\/\/agora.xtec.cat\/zeraltsegria\/wp-json\/wp\/v2\/comments?post=11070"}],"version-history":[{"count":3,"href":"https:\/\/agora.xtec.cat\/zeraltsegria\/wp-json\/wp\/v2\/posts\/11070\/revisions"}],"predecessor-version":[{"id":11076,"href":"https:\/\/agora.xtec.cat\/zeraltsegria\/wp-json\/wp\/v2\/posts\/11070\/revisions\/11076"}],"wp:featuredmedia":[{"embeddable":true,"href":"https:\/\/agora.xtec.cat\/zeraltsegria\/wp-json\/wp\/v2\/media\/11068"}],"wp:attachment":[{"href":"https:\/\/agora.xtec.cat\/zeraltsegria\/wp-json\/wp\/v2\/media?parent=11070"}],"wp:term":[{"taxonomy":"category","embeddable":true,"href":"https:\/\/agora.xtec.cat\/zeraltsegria\/wp-json\/wp\/v2\/categories?post=11070"},{"taxonomy":"post_tag","embeddable":true,"href":"https:\/\/agora.xtec.cat\/zeraltsegria\/wp-json\/wp\/v2\/tags?post=11070"}],"curies":[{"name":"wp","href":"https:\/\/api.w.org\/{rel}","templated":true}]}}