{"id":10637,"date":"2019-03-06T13:58:17","date_gmt":"2019-03-06T12:58:17","guid":{"rendered":"http:\/\/agora.xtec.cat\/zeraltsegria\/?p=10637"},"modified":"2019-03-14T14:12:11","modified_gmt":"2019-03-14T13:12:11","slug":"les-els-mes-saludables-del-mes-de-gener","status":"publish","type":"post","link":"https:\/\/agora.xtec.cat\/zeraltsegria\/general\/les-els-mes-saludables-del-mes-de-gener\/","title":{"rendered":"Les\/els m\u00e9s saludables del mes de gener!"},"content":{"rendered":"<p>El fruit\u00f2metre de la nostra escola segueix en marxa! Aquesta tarda descobrirem qui s\u00f3n els\/les m\u00e9s saludables del mes de febrer per\u00f2 avui&#8230; us mostrem als del gener! Enhorabona, campiones i campions de la salut!<\/p>\n<p>Al mes de gener, els m\u00e9s saludables de cada classe van ser:<\/p>\n<ul>\n<li>Odei (classe dels petits)<\/li>\n<li>Aritz (classe dels mitjans)<\/li>\n<li>Nataliya, Octavian i Youma (classe dels grans)<\/li>\n<\/ul>\n<p>Cal recordar que molts d&#8217;altres no pugen al p\u00f2dium de la fruita per\u00f2 segueixen sent s\u00faper saludables mes rere mes&#8230; felicitats!<\/p>\n<p><a href=\"https:\/\/agora.xtec.cat\/zeraltsegria\/wp-content\/uploads\/usu461\/2019\/03\/IMG-20190208-WA0005.jpg\"><img loading=\"lazy\" decoding=\"async\" class=\"alignnone size-full wp-image-10638\" src=\"https:\/\/agora.xtec.cat\/zeraltsegria\/wp-content\/uploads\/usu461\/2019\/03\/IMG-20190208-WA0005.jpg\" alt=\"\" width=\"768\" height=\"576\" srcset=\"https:\/\/agora.xtec.cat\/zeraltsegria\/wp-content\/uploads\/usu461\/2019\/03\/IMG-20190208-WA0005.jpg 768w, https:\/\/agora.xtec.cat\/zeraltsegria\/wp-content\/uploads\/usu461\/2019\/03\/IMG-20190208-WA0005-300x225.jpg 300w, https:\/\/agora.xtec.cat\/zeraltsegria\/wp-content\/uploads\/usu461\/2019\/03\/IMG-20190208-WA0005-200x150.jpg 200w\" sizes=\"auto, (max-width: 768px) 100vw, 768px\" \/><\/a><\/p>\n","protected":false},"excerpt":{"rendered":"<p>El fruit\u00f2metre de la nostra escola segueix en marxa! Aquesta tarda descobrirem qui s\u00f3n els\/les m\u00e9s saludables del mes de febrer per\u00f2 avui&#8230; us mostrem als del gener! Enhorabona, campiones i campions de la salut! Al mes de gener, els m\u00e9s saludables de cada classe van ser: Odei (classe dels petits) Aritz (classe dels mitjans) [&hellip;]<\/p>\n","protected":false},"author":1,"featured_media":10342,"comment_status":"open","ping_status":"closed","sticky":false,"template":"","format":"standard","meta":{"_bbp_topic_count":0,"_bbp_reply_count":0,"_bbp_total_topic_count":0,"_bbp_total_reply_count":0,"_bbp_voice_count":0,"_bbp_anonymous_reply_count":0,"_bbp_topic_count_hidden":0,"_bbp_reply_count_hidden":0,"_bbp_forum_subforum_count":0,"site-sidebar-layout":"default","site-content-layout":"","ast-site-content-layout":"","site-content-style":"default","site-sidebar-style":"default","ast-global-header-display":"","ast-banner-title-visibility":"","ast-main-header-display":"","ast-hfb-above-header-display":"","ast-hfb-below-header-display":"","ast-hfb-mobile-header-display":"","site-post-title":"","ast-breadcrumbs-content":"","ast-featured-img":"","footer-sml-layout":"","theme-transparent-header-meta":"","adv-header-id-meta":"","stick-header-meta":"","header-above-stick-meta":"","header-main-stick-meta":"","header-below-stick-meta":"","astra-migrate-meta-layouts":"default","ast-page-background-enabled":"default","ast-page-background-meta":{"desktop":{"background-color":"var(--ast-global-color-4)","background-image":"","background-repeat":"repeat","background-position":"center center","background-size":"auto","background-attachment":"scroll","background-type":"","background-media":"","overlay-type":"","overlay-color":"","overlay-opacity":"","overlay-gradient":""},"tablet":{"background-color":"","background-image":"","background-repeat":"repeat","background-position":"center center","background-size":"auto","background-attachment":"scroll","background-type":"","background-media":"","overlay-type":"","overlay-color":"","overlay-opacity":"","overlay-gradient":""},"mobile":{"background-color":"","background-image":"","background-repeat":"repeat","background-position":"center center","background-size":"auto","background-attachment":"scroll","background-type":"","background-media":"","overlay-type":"","overlay-color":"","overlay-opacity":"","overlay-gradient":""}},"ast-content-background-meta":{"desktop":{"background-color":"var(--ast-global-color-5)","background-image":"","background-repeat":"repeat","background-position":"center center","background-size":"auto","background-attachment":"scroll","background-type":"","background-media":"","overlay-type":"","overlay-color":"","overlay-opacity":"","overlay-gradient":""},"tablet":{"background-color":"var(--ast-global-color-5)","background-image":"","background-repeat":"repeat","background-position":"center center","background-size":"auto","background-attachment":"scroll","background-type":"","background-media":"","overlay-type":"","overlay-color":"","overlay-opacity":"","overlay-gradient":""},"mobile":{"background-color":"var(--ast-global-color-5)","background-image":"","background-repeat":"repeat","background-position":"center center","background-size":"auto","background-attachment":"scroll","background-type":"","background-media":"","overlay-type":"","overlay-color":"","overlay-opacity":"","overlay-gradient":""}},"footnotes":""},"categories":[97,98,68,1,96],"tags":[178,194],"class_list":["post-10637","post","type-post","status-publish","format-standard","has-post-thumbnail","hentry","category-1r-2n-3r-blanca","category-5e-6e-blanca","category-escola-blanca","category-general","category-p3-p4-p5-blanca","tag-escola-blanca-de-villalonga","tag-fruitometre"],"post_mailing_queue_ids":[],"_links":{"self":[{"href":"https:\/\/agora.xtec.cat\/zeraltsegria\/wp-json\/wp\/v2\/posts\/10637","targetHints":{"allow":["GET"]}}],"collection":[{"href":"https:\/\/agora.xtec.cat\/zeraltsegria\/wp-json\/wp\/v2\/posts"}],"about":[{"href":"https:\/\/agora.xtec.cat\/zeraltsegria\/wp-json\/wp\/v2\/types\/post"}],"author":[{"embeddable":true,"href":"https:\/\/agora.xtec.cat\/zeraltsegria\/wp-json\/wp\/v2\/users\/1"}],"replies":[{"embeddable":true,"href":"https:\/\/agora.xtec.cat\/zeraltsegria\/wp-json\/wp\/v2\/comments?post=10637"}],"version-history":[{"count":1,"href":"https:\/\/agora.xtec.cat\/zeraltsegria\/wp-json\/wp\/v2\/posts\/10637\/revisions"}],"predecessor-version":[{"id":10639,"href":"https:\/\/agora.xtec.cat\/zeraltsegria\/wp-json\/wp\/v2\/posts\/10637\/revisions\/10639"}],"wp:featuredmedia":[{"embeddable":true,"href":"https:\/\/agora.xtec.cat\/zeraltsegria\/wp-json\/wp\/v2\/media\/10342"}],"wp:attachment":[{"href":"https:\/\/agora.xtec.cat\/zeraltsegria\/wp-json\/wp\/v2\/media?parent=10637"}],"wp:term":[{"taxonomy":"category","embeddable":true,"href":"https:\/\/agora.xtec.cat\/zeraltsegria\/wp-json\/wp\/v2\/categories?post=10637"},{"taxonomy":"post_tag","embeddable":true,"href":"https:\/\/agora.xtec.cat\/zeraltsegria\/wp-json\/wp\/v2\/tags?post=10637"}],"curies":[{"name":"wp","href":"https:\/\/api.w.org\/{rel}","templated":true}]}}