{"id":3405,"date":"2026-04-27T13:58:20","date_gmt":"2026-04-27T11:58:20","guid":{"rendered":"https:\/\/agora.xtec.cat\/zeraltbergueda\/?p=3405"},"modified":"2026-04-27T13:58:21","modified_gmt":"2026-04-27T11:58:21","slug":"lletres-a-les-aules-ens-visita-loriol-canosa","status":"publish","type":"post","link":"https:\/\/agora.xtec.cat\/zeraltbergueda\/serrat-voltor\/lletres-a-les-aules-ens-visita-loriol-canosa\/","title":{"rendered":"LLETRES A LES AULES: Ens visita l&#8217;Oriol Canosa!"},"content":{"rendered":"\n<p>El dimarts 21 d&#8217;abril, coincidint amb la setmana de Sant Jordi ens va venir a visitar a l&#8217;escola Serrat Voltor, aprofitant que aquell dia ens acompanyen els nens i nenes de prim\u00e0ria de l&#8217;escola Santa Margarida,  l&#8217;Oriol Canosa, escriptor del llibre &#8220;L&#8217;illa de Paidon\u00e8sia&#8221; i &#8220;El bandit i les bessones Mataqu\u00edn&#8221; que hem estat llegint a les nostres escoles.\u00a0<br>La visita forma part del programa autors a les aules, que permet que escriptors com l&#8217;Oriol puguin visitar escoles i d&#8217;aquesta manera explicar i parlar-nos sobre l&#8217;ofici d&#8217;escriure.\u00a0<\/p>\n\n\n\n<p>Nosaltres ten\u00edem moltes preguntes per fer-li, per\u00f2 sobretot ens feia molta il\u00b7lusi\u00f3 poder con\u00e8ixer la persona que hi ha darrera d&#8217;unes aventures i d&#8217;uns personatges tan peculiars i divertits. Vam poder veure com treballa, a partir de totes les seves llibretes on ell es va anotant idees i on organitza com seran les seves hist\u00f2ries, vam poder saber d&#8217;on surten alguns dels personatges i com s&#8217;informa abans de comen\u00e7ar a escriure un text.&nbsp;<\/p>\n\n\n\n<p>Per\u00f2 no ens esper\u00e0vem el que passaria al cap de dos dies. Justament el dia de Sant Jordi vam rebre una carta i va resultar que era de l&#8217;Oriol. Ens l&#8217;enviava des de casa seva, qui sap si acabar\u00e0 sent el principi d&#8217;una nova hist\u00f2ria!<\/p>\n\n\n\n<p>Des de l&#8217;escola Serrat Voltor i Santa Margarida li volem donar les gr\u00e0cies, va ser un mat\u00ed fant\u00e0stic i con\u00e8ixer l&#8217;Oriol ha esta un bon regal!<\/p>\n\n\n\n<p>Si vosaltres tamb\u00e9 el voleu con\u00e8ixer, <a href=\"https:\/\/drive.google.com\/drive\/folders\/1j0e7ShPkYzC7hP9eEIhTERDocvpUzCZl?usp=drive_link\">cliqueu aqu\u00ed<\/a>!<\/p>\n\n\n\n<p><\/p>\n","protected":false},"excerpt":{"rendered":"<p>El dimarts 21 d&#8217;abril, coincidint amb la setmana de Sant Jordi ens va venir a visitar a l&#8217;escola Serrat Voltor, aprofitant que aquell dia ens acompanyen els nens i nenes de prim\u00e0ria de l&#8217;escola Santa Margarida, l&#8217;Oriol Canosa, escriptor del llibre &#8220;L&#8217;illa de Paidon\u00e8sia&#8221; i &#8220;El bandit i les bessones Mataqu\u00edn&#8221; que hem estat llegint [&hellip;]<\/p>\n","protected":false},"author":6,"featured_media":3406,"comment_status":"open","ping_status":"open","sticky":false,"template":"","format":"standard","meta":{"_bbp_topic_count":0,"_bbp_reply_count":0,"_bbp_total_topic_count":0,"_bbp_total_reply_count":0,"_bbp_voice_count":0,"_bbp_anonymous_reply_count":0,"_bbp_topic_count_hidden":0,"_bbp_reply_count_hidden":0,"_bbp_forum_subforum_count":0,"site-sidebar-layout":"default","site-content-layout":"","ast-site-content-layout":"default","site-content-style":"default","site-sidebar-style":"default","ast-global-header-display":"","ast-banner-title-visibility":"","ast-main-header-display":"","ast-hfb-above-header-display":"","ast-hfb-below-header-display":"","ast-hfb-mobile-header-display":"","site-post-title":"","ast-breadcrumbs-content":"","ast-featured-img":"","footer-sml-layout":"","theme-transparent-header-meta":"","adv-header-id-meta":"","stick-header-meta":"","header-above-stick-meta":"","header-main-stick-meta":"","header-below-stick-meta":"","astra-migrate-meta-layouts":"set","ast-page-background-enabled":"default","ast-page-background-meta":{"desktop":{"background-color":"var(--ast-global-color-4)","background-image":"","background-repeat":"repeat","background-position":"center center","background-size":"auto","background-attachment":"scroll","background-type":"","background-media":"","overlay-type":"","overlay-color":"","overlay-opacity":"","overlay-gradient":""},"tablet":{"background-color":"","background-image":"","background-repeat":"repeat","background-position":"center center","background-size":"auto","background-attachment":"scroll","background-type":"","background-media":"","overlay-type":"","overlay-color":"","overlay-opacity":"","overlay-gradient":""},"mobile":{"background-color":"","background-image":"","background-repeat":"repeat","background-position":"center center","background-size":"auto","background-attachment":"scroll","background-type":"","background-media":"","overlay-type":"","overlay-color":"","overlay-opacity":"","overlay-gradient":""}},"ast-content-background-meta":{"desktop":{"background-color":"var(--ast-global-color-5)","background-image":"","background-repeat":"repeat","background-position":"center center","background-size":"auto","background-attachment":"scroll","background-type":"","background-media":"","overlay-type":"","overlay-color":"","overlay-opacity":"","overlay-gradient":""},"tablet":{"background-color":"var(--ast-global-color-5)","background-image":"","background-repeat":"repeat","background-position":"center center","background-size":"auto","background-attachment":"scroll","background-type":"","background-media":"","overlay-type":"","overlay-color":"","overlay-opacity":"","overlay-gradient":""},"mobile":{"background-color":"var(--ast-global-color-5)","background-image":"","background-repeat":"repeat","background-position":"center center","background-size":"auto","background-attachment":"scroll","background-type":"","background-media":"","overlay-type":"","overlay-color":"","overlay-opacity":"","overlay-gradient":""}},"footnotes":""},"categories":[70,69],"tags":[],"class_list":["post-3405","post","type-post","status-publish","format-standard","has-post-thumbnail","hentry","category-santa-margarida","category-serrat-voltor"],"post_mailing_queue_ids":[],"_links":{"self":[{"href":"https:\/\/agora.xtec.cat\/zeraltbergueda\/wp-json\/wp\/v2\/posts\/3405","targetHints":{"allow":["GET"]}}],"collection":[{"href":"https:\/\/agora.xtec.cat\/zeraltbergueda\/wp-json\/wp\/v2\/posts"}],"about":[{"href":"https:\/\/agora.xtec.cat\/zeraltbergueda\/wp-json\/wp\/v2\/types\/post"}],"author":[{"embeddable":true,"href":"https:\/\/agora.xtec.cat\/zeraltbergueda\/wp-json\/wp\/v2\/users\/6"}],"replies":[{"embeddable":true,"href":"https:\/\/agora.xtec.cat\/zeraltbergueda\/wp-json\/wp\/v2\/comments?post=3405"}],"version-history":[{"count":1,"href":"https:\/\/agora.xtec.cat\/zeraltbergueda\/wp-json\/wp\/v2\/posts\/3405\/revisions"}],"predecessor-version":[{"id":3407,"href":"https:\/\/agora.xtec.cat\/zeraltbergueda\/wp-json\/wp\/v2\/posts\/3405\/revisions\/3407"}],"wp:featuredmedia":[{"embeddable":true,"href":"https:\/\/agora.xtec.cat\/zeraltbergueda\/wp-json\/wp\/v2\/media\/3406"}],"wp:attachment":[{"href":"https:\/\/agora.xtec.cat\/zeraltbergueda\/wp-json\/wp\/v2\/media?parent=3405"}],"wp:term":[{"taxonomy":"category","embeddable":true,"href":"https:\/\/agora.xtec.cat\/zeraltbergueda\/wp-json\/wp\/v2\/categories?post=3405"},{"taxonomy":"post_tag","embeddable":true,"href":"https:\/\/agora.xtec.cat\/zeraltbergueda\/wp-json\/wp\/v2\/tags?post=3405"}],"curies":[{"name":"wp","href":"https:\/\/api.w.org\/{rel}","templated":true}]}}