{"id":3402,"date":"2026-04-27T13:39:41","date_gmt":"2026-04-27T11:39:41","guid":{"rendered":"https:\/\/agora.xtec.cat\/zeraltbergueda\/?p=3402"},"modified":"2026-04-27T13:39:42","modified_gmt":"2026-04-27T11:39:42","slug":"us-presentem-el-bibliopati","status":"publish","type":"post","link":"https:\/\/agora.xtec.cat\/zeraltbergueda\/serrat-voltor\/us-presentem-el-bibliopati\/","title":{"rendered":"Us presentem: el Bibliopati!"},"content":{"rendered":"\n<p>Avui us volem presentar un projecte que ens fa molta il\u00b7lusi\u00f3. Des de l&#8217;\u00e0rea de llengua catalana, aquest curs, hem apr\u00e8s a escriure diferents&nbsp;tipologies textuals. Per fer-ho hem llegit en veu alta i hem conegut el llibre &#8220;L&#8217;illa de Paidon\u00e8sia&#8221; escrit per l&#8217;Oriol Canosa, un escriptor catal\u00e0 que ens agrada molt. Vam escollir aquest llibre perqu\u00e8 no hi ha una veu narrativa, sin\u00f3 que el que hi trobem son molt\u00edssimes cartes que s&#8217;envien els diferents protagonistes de la hist\u00f2ria.&nbsp;<br>A part d&#8217;aix\u00f2, i seguint el fil argumental de la hist\u00f2ria vam aprofitar per con\u00e8ixer una mica m\u00e9s l&#8217;organitzaci\u00f3 pol\u00edtica del nostre pa\u00eds. Per fer-ho ens va semblar coherent comen\u00e7ar per entendre com s&#8217;organitza el nostre ajuntament i per aquest motiu vam demanar ajuda al Jordi i al Llu\u00eds.&nbsp;<br>Ells per posar-nos-ho una mica emocionant, ens van proposar un repte: nosaltres vol\u00edem con\u00e8ixer el funcionament&nbsp;de l&#8217;ajuntament, doncs ells ens proposaven que ens convert\u00edssim en un ajuntament. El que sentiu! Ens oferien un total de 300 euros sempre i quan el projecte compl\u00eds una s\u00e8rie de condicions.&nbsp;<\/p>\n\n\n\n<p>Des de l&#8217;escola ens vam posar a treballar, primer calia aclarir els rols i aix\u00f2 \u00e9s el que van fer els infants de l&#8217;aula verda utilitzant votacions per tal que la decisi\u00f3 fos justa per tothom. Un cop organitzats calia pensar projectes, per\u00f2 aquests tamb\u00e9 havien de ser coherents, segurs, amb una repercussi\u00f3&nbsp;al poble de Vallcebre&#8230; Van apar\u00e8ixer moltes idees que per un motiu o altre no van poder tirar endavant. Finalment despr\u00e9s d&#8217;unes sessions de feina van quedar cinc idees principals sobre les quals es va treballar: recuperar el tobogan verd, la creaci\u00f3 d&#8217;un bibliopati, la caseta a l&#8217;arbre, jocs pintats al terra de l&#8217;exterior de l&#8217;alberg o un tipi pel pati.&nbsp;<br>Tots ells tenien avantatges i inconvenients, i van ser les diferents regidories de l&#8217;ajuntament de l&#8217;escola els encarregats de defensar els diferents projectes.&nbsp;<\/p>\n\n\n\n<p>Avui ja us podem explicar que finalment el projecte que es va ajustar m\u00e9s i que va resultar m\u00e9s votat ha estat: EL BIBLIOPATI! Un cop presentat a l&#8217;ajuntament i que aquest en valor\u00e9s&nbsp;les caracter\u00edstiques i l&#8217;aprov\u00e9s ja us podem dir que el bibliopati s&#8217;ha fet una realitat!<br>Durant el proc\u00e9s hem apr\u00e8s a fer un pressupost, una presentaci\u00f3 amb el canva, hem hagut de fer textos argumentatius per poder defensar les nostres propostes, correus electr\u00f2nics amb els dubtes que anaven apareixent entre l&#8217;ajuntament de l&#8217;escola i el de Vallcebre.&nbsp;<br>Tot plegat ens ha portat a molts aprenentatges, viv\u00e8ncies i actualment l&#8217;escola compta amb un espai acollidor ple d&#8217;hist\u00f2ries!<\/p>\n\n\n\n<p>Moltes gr\u00e0cies Jordi i Llu\u00eds per fer-nos propostes fant\u00e0stiques i ajudar-nos a seguir aprenent!&nbsp;<br>I per cert, qu\u00e8 millor que poder inaugurar&nbsp;el bibliopati que amb l&#8217;autor de l&#8217;illa de Paidon\u00e8sia? S\u00ed el que sentiu l&#8217;Oriol ens han vingut a visitar i ja ha pogut deixar el seu aut\u00f2graf a la porta! Per\u00f2 aix\u00f2 us ho expliquem en un altre article.&nbsp;<\/p>\n\n\n\n<p>Voleu veure les fotos de tot el proc\u00e9s i el resultat final?<br><a href=\"https:\/\/drive.google.com\/drive\/folders\/1J4N4VkKU6ViKg6-wpWCzWHel1HRDCIbF?usp=drive_link\">Cliqueu aqu\u00ed!<\/a><\/p>\n\n\n\n<p><\/p>\n","protected":false},"excerpt":{"rendered":"<p>Avui us volem presentar un projecte que ens fa molta il\u00b7lusi\u00f3. Des de l&#8217;\u00e0rea de llengua catalana, aquest curs, hem apr\u00e8s a escriure diferents&nbsp;tipologies textuals. Per fer-ho hem llegit en veu alta i hem conegut el llibre &#8220;L&#8217;illa de Paidon\u00e8sia&#8221; escrit per l&#8217;Oriol Canosa, un escriptor catal\u00e0 que ens agrada molt. Vam escollir aquest llibre [&hellip;]<\/p>\n","protected":false},"author":6,"featured_media":3403,"comment_status":"open","ping_status":"open","sticky":false,"template":"","format":"standard","meta":{"_bbp_topic_count":0,"_bbp_reply_count":0,"_bbp_total_topic_count":0,"_bbp_total_reply_count":0,"_bbp_voice_count":0,"_bbp_anonymous_reply_count":0,"_bbp_topic_count_hidden":0,"_bbp_reply_count_hidden":0,"_bbp_forum_subforum_count":0,"site-sidebar-layout":"default","site-content-layout":"","ast-site-content-layout":"default","site-content-style":"default","site-sidebar-style":"default","ast-global-header-display":"","ast-banner-title-visibility":"","ast-main-header-display":"","ast-hfb-above-header-display":"","ast-hfb-below-header-display":"","ast-hfb-mobile-header-display":"","site-post-title":"","ast-breadcrumbs-content":"","ast-featured-img":"","footer-sml-layout":"","theme-transparent-header-meta":"","adv-header-id-meta":"","stick-header-meta":"","header-above-stick-meta":"","header-main-stick-meta":"","header-below-stick-meta":"","astra-migrate-meta-layouts":"set","ast-page-background-enabled":"default","ast-page-background-meta":{"desktop":{"background-color":"var(--ast-global-color-4)","background-image":"","background-repeat":"repeat","background-position":"center center","background-size":"auto","background-attachment":"scroll","background-type":"","background-media":"","overlay-type":"","overlay-color":"","overlay-opacity":"","overlay-gradient":""},"tablet":{"background-color":"","background-image":"","background-repeat":"repeat","background-position":"center center","background-size":"auto","background-attachment":"scroll","background-type":"","background-media":"","overlay-type":"","overlay-color":"","overlay-opacity":"","overlay-gradient":""},"mobile":{"background-color":"","background-image":"","background-repeat":"repeat","background-position":"center center","background-size":"auto","background-attachment":"scroll","background-type":"","background-media":"","overlay-type":"","overlay-color":"","overlay-opacity":"","overlay-gradient":""}},"ast-content-background-meta":{"desktop":{"background-color":"var(--ast-global-color-5)","background-image":"","background-repeat":"repeat","background-position":"center center","background-size":"auto","background-attachment":"scroll","background-type":"","background-media":"","overlay-type":"","overlay-color":"","overlay-opacity":"","overlay-gradient":""},"tablet":{"background-color":"var(--ast-global-color-5)","background-image":"","background-repeat":"repeat","background-position":"center center","background-size":"auto","background-attachment":"scroll","background-type":"","background-media":"","overlay-type":"","overlay-color":"","overlay-opacity":"","overlay-gradient":""},"mobile":{"background-color":"var(--ast-global-color-5)","background-image":"","background-repeat":"repeat","background-position":"center center","background-size":"auto","background-attachment":"scroll","background-type":"","background-media":"","overlay-type":"","overlay-color":"","overlay-opacity":"","overlay-gradient":""}},"footnotes":""},"categories":[69],"tags":[],"class_list":["post-3402","post","type-post","status-publish","format-standard","has-post-thumbnail","hentry","category-serrat-voltor"],"post_mailing_queue_ids":[],"_links":{"self":[{"href":"https:\/\/agora.xtec.cat\/zeraltbergueda\/wp-json\/wp\/v2\/posts\/3402","targetHints":{"allow":["GET"]}}],"collection":[{"href":"https:\/\/agora.xtec.cat\/zeraltbergueda\/wp-json\/wp\/v2\/posts"}],"about":[{"href":"https:\/\/agora.xtec.cat\/zeraltbergueda\/wp-json\/wp\/v2\/types\/post"}],"author":[{"embeddable":true,"href":"https:\/\/agora.xtec.cat\/zeraltbergueda\/wp-json\/wp\/v2\/users\/6"}],"replies":[{"embeddable":true,"href":"https:\/\/agora.xtec.cat\/zeraltbergueda\/wp-json\/wp\/v2\/comments?post=3402"}],"version-history":[{"count":1,"href":"https:\/\/agora.xtec.cat\/zeraltbergueda\/wp-json\/wp\/v2\/posts\/3402\/revisions"}],"predecessor-version":[{"id":3404,"href":"https:\/\/agora.xtec.cat\/zeraltbergueda\/wp-json\/wp\/v2\/posts\/3402\/revisions\/3404"}],"wp:featuredmedia":[{"embeddable":true,"href":"https:\/\/agora.xtec.cat\/zeraltbergueda\/wp-json\/wp\/v2\/media\/3403"}],"wp:attachment":[{"href":"https:\/\/agora.xtec.cat\/zeraltbergueda\/wp-json\/wp\/v2\/media?parent=3402"}],"wp:term":[{"taxonomy":"category","embeddable":true,"href":"https:\/\/agora.xtec.cat\/zeraltbergueda\/wp-json\/wp\/v2\/categories?post=3402"},{"taxonomy":"post_tag","embeddable":true,"href":"https:\/\/agora.xtec.cat\/zeraltbergueda\/wp-json\/wp\/v2\/tags?post=3402"}],"curies":[{"name":"wp","href":"https:\/\/api.w.org\/{rel}","templated":true}]}}