{"id":2734,"date":"2025-06-16T16:29:53","date_gmt":"2025-06-16T14:29:53","guid":{"rendered":"https:\/\/agora.xtec.cat\/zeraltbergueda\/?p=2734"},"modified":"2025-06-16T18:27:09","modified_gmt":"2025-06-16T16:27:09","slug":"contes-amb-la-clara-gavalda","status":"publish","type":"post","link":"https:\/\/agora.xtec.cat\/zeraltbergueda\/pedraforca\/contes-amb-la-clara-gavalda\/","title":{"rendered":"Contes amb la Clara Gavald\u00e0"},"content":{"rendered":"<p>Aquest mat\u00ed, gr\u00e0cies al Bibliob\u00fas Pedraforca, hem pogut gaudir dels contes que ens ha explicat la Clara Gavald\u00e0!<\/p>\n<p><a href=\"https:\/\/agora.xtec.cat\/zeraltbergueda\/wp-content\/uploads\/usu2196\/2025\/06\/Screenshot_2025-06-16-16-26-50-292_com.miui_.gallery-edit.jpg\"><img loading=\"lazy\" decoding=\"async\" class=\"aligncenter wp-image-2735 size-medium\" src=\"https:\/\/agora.xtec.cat\/zeraltbergueda\/wp-content\/uploads\/usu2196\/2025\/06\/Screenshot_2025-06-16-16-26-50-292_com.miui_.gallery-edit-209x300.jpg\" alt=\"\" width=\"209\" height=\"300\" srcset=\"https:\/\/agora.xtec.cat\/zeraltbergueda\/wp-content\/uploads\/usu2196\/2025\/06\/Screenshot_2025-06-16-16-26-50-292_com.miui_.gallery-edit-209x300.jpg 209w, https:\/\/agora.xtec.cat\/zeraltbergueda\/wp-content\/uploads\/usu2196\/2025\/06\/Screenshot_2025-06-16-16-26-50-292_com.miui_.gallery-edit-714x1024.jpg 714w, https:\/\/agora.xtec.cat\/zeraltbergueda\/wp-content\/uploads\/usu2196\/2025\/06\/Screenshot_2025-06-16-16-26-50-292_com.miui_.gallery-edit-768x1101.jpg 768w, https:\/\/agora.xtec.cat\/zeraltbergueda\/wp-content\/uploads\/usu2196\/2025\/06\/Screenshot_2025-06-16-16-26-50-292_com.miui_.gallery-edit.jpg 990w\" sizes=\"auto, (max-width: 209px) 100vw, 209px\" \/><\/a><\/p>\n<p>Els nens i nenes han quedat fascinats amb la hist\u00f2ria dels animals que s&#8217;ajudaven per arribar fins la lluna i han conegut un drac molt simp\u00e0tic i rialler.<\/p>\n<p>Podeu veure les fotos de l&#8217;espectacle\u00a0<a href=\"https:\/\/drive.google.com\/drive\/folders\/1f0sSyHYV1z8bprILOLeGhqe73gOLUqSL\">clicant aqu\u00ed.<\/a><\/p>\n","protected":false},"excerpt":{"rendered":"<p>Aquest mat\u00ed, gr\u00e0cies al Bibliob\u00fas Pedraforca, hem pogut gaudir dels contes que ens ha explicat la Clara Gavald\u00e0! Els nens i nenes han quedat fascinats amb la hist\u00f2ria dels animals que s&#8217;ajudaven per arribar fins la lluna i han conegut un drac molt simp\u00e0tic i rialler. Podeu veure les fotos de l&#8217;espectacle\u00a0clicant aqu\u00ed.<\/p>\n","protected":false},"author":15,"featured_media":0,"comment_status":"open","ping_status":"open","sticky":false,"template":"","format":"standard","meta":{"_bbp_topic_count":0,"_bbp_reply_count":0,"_bbp_total_topic_count":0,"_bbp_total_reply_count":0,"_bbp_voice_count":0,"_bbp_anonymous_reply_count":0,"_bbp_topic_count_hidden":0,"_bbp_reply_count_hidden":0,"_bbp_forum_subforum_count":0,"site-sidebar-layout":"default","site-content-layout":"","ast-site-content-layout":"","site-content-style":"default","site-sidebar-style":"default","ast-global-header-display":"","ast-banner-title-visibility":"","ast-main-header-display":"","ast-hfb-above-header-display":"","ast-hfb-below-header-display":"","ast-hfb-mobile-header-display":"","site-post-title":"","ast-breadcrumbs-content":"","ast-featured-img":"","footer-sml-layout":"","theme-transparent-header-meta":"","adv-header-id-meta":"","stick-header-meta":"","header-above-stick-meta":"","header-main-stick-meta":"","header-below-stick-meta":"","astra-migrate-meta-layouts":"default","ast-page-background-enabled":"default","ast-page-background-meta":{"desktop":{"background-color":"var(--ast-global-color-4)","background-image":"","background-repeat":"repeat","background-position":"center center","background-size":"auto","background-attachment":"scroll","background-type":"","background-media":"","overlay-type":"","overlay-color":"","overlay-opacity":"","overlay-gradient":""},"tablet":{"background-color":"","background-image":"","background-repeat":"repeat","background-position":"center center","background-size":"auto","background-attachment":"scroll","background-type":"","background-media":"","overlay-type":"","overlay-color":"","overlay-opacity":"","overlay-gradient":""},"mobile":{"background-color":"","background-image":"","background-repeat":"repeat","background-position":"center center","background-size":"auto","background-attachment":"scroll","background-type":"","background-media":"","overlay-type":"","overlay-color":"","overlay-opacity":"","overlay-gradient":""}},"ast-content-background-meta":{"desktop":{"background-color":"var(--ast-global-color-5)","background-image":"","background-repeat":"repeat","background-position":"center center","background-size":"auto","background-attachment":"scroll","background-type":"","background-media":"","overlay-type":"","overlay-color":"","overlay-opacity":"","overlay-gradient":""},"tablet":{"background-color":"var(--ast-global-color-5)","background-image":"","background-repeat":"repeat","background-position":"center center","background-size":"auto","background-attachment":"scroll","background-type":"","background-media":"","overlay-type":"","overlay-color":"","overlay-opacity":"","overlay-gradient":""},"mobile":{"background-color":"var(--ast-global-color-5)","background-image":"","background-repeat":"repeat","background-position":"center center","background-size":"auto","background-attachment":"scroll","background-type":"","background-media":"","overlay-type":"","overlay-color":"","overlay-opacity":"","overlay-gradient":""}},"footnotes":""},"categories":[130],"tags":[],"class_list":["post-2734","post","type-post","status-publish","format-standard","hentry","category-pedraforca"],"post_mailing_queue_ids":[],"_links":{"self":[{"href":"https:\/\/agora.xtec.cat\/zeraltbergueda\/wp-json\/wp\/v2\/posts\/2734","targetHints":{"allow":["GET"]}}],"collection":[{"href":"https:\/\/agora.xtec.cat\/zeraltbergueda\/wp-json\/wp\/v2\/posts"}],"about":[{"href":"https:\/\/agora.xtec.cat\/zeraltbergueda\/wp-json\/wp\/v2\/types\/post"}],"author":[{"embeddable":true,"href":"https:\/\/agora.xtec.cat\/zeraltbergueda\/wp-json\/wp\/v2\/users\/15"}],"replies":[{"embeddable":true,"href":"https:\/\/agora.xtec.cat\/zeraltbergueda\/wp-json\/wp\/v2\/comments?post=2734"}],"version-history":[{"count":5,"href":"https:\/\/agora.xtec.cat\/zeraltbergueda\/wp-json\/wp\/v2\/posts\/2734\/revisions"}],"predecessor-version":[{"id":2740,"href":"https:\/\/agora.xtec.cat\/zeraltbergueda\/wp-json\/wp\/v2\/posts\/2734\/revisions\/2740"}],"wp:attachment":[{"href":"https:\/\/agora.xtec.cat\/zeraltbergueda\/wp-json\/wp\/v2\/media?parent=2734"}],"wp:term":[{"taxonomy":"category","embeddable":true,"href":"https:\/\/agora.xtec.cat\/zeraltbergueda\/wp-json\/wp\/v2\/categories?post=2734"},{"taxonomy":"post_tag","embeddable":true,"href":"https:\/\/agora.xtec.cat\/zeraltbergueda\/wp-json\/wp\/v2\/tags?post=2734"}],"curies":[{"name":"wp","href":"https:\/\/api.w.org\/{rel}","templated":true}]}}