{"id":2302,"date":"2024-01-07T15:45:18","date_gmt":"2024-01-07T14:45:18","guid":{"rendered":"https:\/\/agora.xtec.cat\/zeraltbergueda\/?p=2302"},"modified":"2024-01-07T15:45:18","modified_gmt":"2024-01-07T14:45:18","slug":"premi-escoles-verdes-2023","status":"publish","type":"post","link":"https:\/\/agora.xtec.cat\/zeraltbergueda\/serrat-voltor\/premi-escoles-verdes-2023\/","title":{"rendered":"Premi Escoles Verdes 2023"},"content":{"rendered":"<p>Com molts de vosaltres ja sabeu, l&#8217;escola Serrat Voltor hem guanyat el Premi d&#8217;escoles verdes d&#8217;enguany a la categoria &#8220;actuaci\u00f3 singular&#8221; pel projecte que vam realitzar a l&#8217;escola el passat curs 23-23 sobre el Proc\u00e9s de la llana.<\/p>\n<p>Estem molt agra\u00efts per aquest fant\u00e0stic reconeixement. Per una feina que hem fet entre tots, amb il\u00b7lusi\u00f3 i amb uns valors i aprenentatges que considerem molt valuosos.<\/p>\n<p>Aquestes darreres setmanes, a part de poder recollir el premi han sortit not\u00edcies i s&#8217;ha publicat el v\u00eddeo resum del nostre projecte. A continuaci\u00f3 us deixem tot aquest material.<\/p>\n<p>No ens cansarem d&#8217;agrair a l&#8217;Eva, la Berta i a l&#8217;ajuntament de Vallcebre tot el que han fet per tal que aquest projecte hagi estat un \u00e8xit.<\/p>\n<p><a href=\"https:\/\/agora.xtec.cat\/zeraltbergueda\/wp-content\/uploads\/usu2196\/2024\/01\/WhatsApp-Image-2023-12-14-at-17.11.55.jpeg\"><img loading=\"lazy\" decoding=\"async\" class=\"alignnone size-large wp-image-2304\" src=\"https:\/\/agora.xtec.cat\/zeraltbergueda\/wp-content\/uploads\/usu2196\/2024\/01\/WhatsApp-Image-2023-12-14-at-17.11.55-1024x768.jpeg\" alt=\"\" width=\"1024\" height=\"768\" srcset=\"https:\/\/agora.xtec.cat\/zeraltbergueda\/wp-content\/uploads\/usu2196\/2024\/01\/WhatsApp-Image-2023-12-14-at-17.11.55-1024x768.jpeg 1024w, https:\/\/agora.xtec.cat\/zeraltbergueda\/wp-content\/uploads\/usu2196\/2024\/01\/WhatsApp-Image-2023-12-14-at-17.11.55-300x225.jpeg 300w, https:\/\/agora.xtec.cat\/zeraltbergueda\/wp-content\/uploads\/usu2196\/2024\/01\/WhatsApp-Image-2023-12-14-at-17.11.55-768x576.jpeg 768w, https:\/\/agora.xtec.cat\/zeraltbergueda\/wp-content\/uploads\/usu2196\/2024\/01\/WhatsApp-Image-2023-12-14-at-17.11.55-1536x1152.jpeg 1536w, https:\/\/agora.xtec.cat\/zeraltbergueda\/wp-content\/uploads\/usu2196\/2024\/01\/WhatsApp-Image-2023-12-14-at-17.11.55-200x150.jpeg 200w, https:\/\/agora.xtec.cat\/zeraltbergueda\/wp-content\/uploads\/usu2196\/2024\/01\/WhatsApp-Image-2023-12-14-at-17.11.55.jpeg 1600w\" sizes=\"auto, (max-width: 1024px) 100vw, 1024px\" \/><\/a><\/p>\n<p><a href=\"https:\/\/www.youtube.com\/watch?v=Bb5zJYsKwRU\">V\u00eddeo resum del projecte<\/a><\/p>\n<p><a href=\"https:\/\/mediambient.gencat.cat\/ca\/05_ambits_dactuacio\/educacio_i_sostenibilitat\/premis\/premi_escoles_verdes\/premiats-2023\/\">Projectes premiats 2023<\/a><\/p>\n<p><a href=\"https:\/\/www.naciodigital.cat\/bergueda\/noticia\/27501\/premi-escoles-verdes-guardona-escola-serrat-voltor-vallcebre\">Not\u00edcia al naci\u00f3 digital<\/a><\/p>\n<p><a href=\"https:\/\/www.youtube.com\/watch?v=NrRGqfG9EJ0\">Not\u00edcia a Televisi\u00f3 del Bergued\u00e0, ho podeu trobar al minut 9:50<\/a><\/p>\n<p><a href=\"https:\/\/agora.xtec.cat\/zeraltbergueda\/wp-content\/uploads\/usu2196\/2024\/01\/Cloenda-del-projecte.jpg\"><img loading=\"lazy\" decoding=\"async\" class=\"alignnone size-large wp-image-2307\" src=\"https:\/\/agora.xtec.cat\/zeraltbergueda\/wp-content\/uploads\/usu2196\/2024\/01\/Cloenda-del-projecte-724x1024.jpg\" alt=\"\" width=\"724\" height=\"1024\" srcset=\"https:\/\/agora.xtec.cat\/zeraltbergueda\/wp-content\/uploads\/usu2196\/2024\/01\/Cloenda-del-projecte-724x1024.jpg 724w, https:\/\/agora.xtec.cat\/zeraltbergueda\/wp-content\/uploads\/usu2196\/2024\/01\/Cloenda-del-projecte-212x300.jpg 212w, https:\/\/agora.xtec.cat\/zeraltbergueda\/wp-content\/uploads\/usu2196\/2024\/01\/Cloenda-del-projecte-768x1086.jpg 768w, https:\/\/agora.xtec.cat\/zeraltbergueda\/wp-content\/uploads\/usu2196\/2024\/01\/Cloenda-del-projecte-1086x1536.jpg 1086w, https:\/\/agora.xtec.cat\/zeraltbergueda\/wp-content\/uploads\/usu2196\/2024\/01\/Cloenda-del-projecte-1448x2048.jpg 1448w, https:\/\/agora.xtec.cat\/zeraltbergueda\/wp-content\/uploads\/usu2196\/2024\/01\/Cloenda-del-projecte.jpg 1587w\" sizes=\"auto, (max-width: 724px) 100vw, 724px\" \/><\/a><\/p>\n<p>&nbsp;<\/p>\n","protected":false},"excerpt":{"rendered":"<p>Com molts de vosaltres ja sabeu, l&#8217;escola Serrat Voltor hem guanyat el Premi d&#8217;escoles verdes d&#8217;enguany a la categoria &#8220;actuaci\u00f3 singular&#8221; pel projecte que vam realitzar a l&#8217;escola el passat curs 23-23 sobre el Proc\u00e9s de la llana. Estem molt agra\u00efts per aquest fant\u00e0stic reconeixement. Per una feina que hem fet entre tots, amb il\u00b7lusi\u00f3 [&hellip;]<\/p>\n","protected":false},"author":6,"featured_media":2308,"comment_status":"open","ping_status":"closed","sticky":false,"template":"","format":"standard","meta":{"_bbp_topic_count":0,"_bbp_reply_count":0,"_bbp_total_topic_count":0,"_bbp_total_reply_count":0,"_bbp_voice_count":0,"_bbp_anonymous_reply_count":0,"_bbp_topic_count_hidden":0,"_bbp_reply_count_hidden":0,"_bbp_forum_subforum_count":0,"site-sidebar-layout":"default","site-content-layout":"","ast-site-content-layout":"","site-content-style":"default","site-sidebar-style":"default","ast-global-header-display":"","ast-banner-title-visibility":"","ast-main-header-display":"","ast-hfb-above-header-display":"","ast-hfb-below-header-display":"","ast-hfb-mobile-header-display":"","site-post-title":"","ast-breadcrumbs-content":"","ast-featured-img":"","footer-sml-layout":"","theme-transparent-header-meta":"","adv-header-id-meta":"","stick-header-meta":"","header-above-stick-meta":"","header-main-stick-meta":"","header-below-stick-meta":"","astra-migrate-meta-layouts":"default","ast-page-background-enabled":"default","ast-page-background-meta":{"desktop":{"background-color":"var(--ast-global-color-4)","background-image":"","background-repeat":"repeat","background-position":"center center","background-size":"auto","background-attachment":"scroll","background-type":"","background-media":"","overlay-type":"","overlay-color":"","overlay-opacity":"","overlay-gradient":""},"tablet":{"background-color":"","background-image":"","background-repeat":"repeat","background-position":"center center","background-size":"auto","background-attachment":"scroll","background-type":"","background-media":"","overlay-type":"","overlay-color":"","overlay-opacity":"","overlay-gradient":""},"mobile":{"background-color":"","background-image":"","background-repeat":"repeat","background-position":"center center","background-size":"auto","background-attachment":"scroll","background-type":"","background-media":"","overlay-type":"","overlay-color":"","overlay-opacity":"","overlay-gradient":""}},"ast-content-background-meta":{"desktop":{"background-color":"var(--ast-global-color-5)","background-image":"","background-repeat":"repeat","background-position":"center center","background-size":"auto","background-attachment":"scroll","background-type":"","background-media":"","overlay-type":"","overlay-color":"","overlay-opacity":"","overlay-gradient":""},"tablet":{"background-color":"var(--ast-global-color-5)","background-image":"","background-repeat":"repeat","background-position":"center center","background-size":"auto","background-attachment":"scroll","background-type":"","background-media":"","overlay-type":"","overlay-color":"","overlay-opacity":"","overlay-gradient":""},"mobile":{"background-color":"var(--ast-global-color-5)","background-image":"","background-repeat":"repeat","background-position":"center center","background-size":"auto","background-attachment":"scroll","background-type":"","background-media":"","overlay-type":"","overlay-color":"","overlay-opacity":"","overlay-gradient":""}},"footnotes":""},"categories":[69],"tags":[],"class_list":["post-2302","post","type-post","status-publish","format-standard","has-post-thumbnail","hentry","category-serrat-voltor"],"post_mailing_queue_ids":[],"_links":{"self":[{"href":"https:\/\/agora.xtec.cat\/zeraltbergueda\/wp-json\/wp\/v2\/posts\/2302","targetHints":{"allow":["GET"]}}],"collection":[{"href":"https:\/\/agora.xtec.cat\/zeraltbergueda\/wp-json\/wp\/v2\/posts"}],"about":[{"href":"https:\/\/agora.xtec.cat\/zeraltbergueda\/wp-json\/wp\/v2\/types\/post"}],"author":[{"embeddable":true,"href":"https:\/\/agora.xtec.cat\/zeraltbergueda\/wp-json\/wp\/v2\/users\/6"}],"replies":[{"embeddable":true,"href":"https:\/\/agora.xtec.cat\/zeraltbergueda\/wp-json\/wp\/v2\/comments?post=2302"}],"version-history":[{"count":3,"href":"https:\/\/agora.xtec.cat\/zeraltbergueda\/wp-json\/wp\/v2\/posts\/2302\/revisions"}],"predecessor-version":[{"id":2309,"href":"https:\/\/agora.xtec.cat\/zeraltbergueda\/wp-json\/wp\/v2\/posts\/2302\/revisions\/2309"}],"wp:featuredmedia":[{"embeddable":true,"href":"https:\/\/agora.xtec.cat\/zeraltbergueda\/wp-json\/wp\/v2\/media\/2308"}],"wp:attachment":[{"href":"https:\/\/agora.xtec.cat\/zeraltbergueda\/wp-json\/wp\/v2\/media?parent=2302"}],"wp:term":[{"taxonomy":"category","embeddable":true,"href":"https:\/\/agora.xtec.cat\/zeraltbergueda\/wp-json\/wp\/v2\/categories?post=2302"},{"taxonomy":"post_tag","embeddable":true,"href":"https:\/\/agora.xtec.cat\/zeraltbergueda\/wp-json\/wp\/v2\/tags?post=2302"}],"curies":[{"name":"wp","href":"https:\/\/api.w.org\/{rel}","templated":true}]}}