{"id":1345,"date":"2021-05-13T15:46:12","date_gmt":"2021-05-13T13:46:12","guid":{"rendered":"https:\/\/agora.xtec.cat\/zeraltbergueda\/?p=1345"},"modified":"2021-05-31T21:58:40","modified_gmt":"2021-05-31T19:58:40","slug":"el-campanar","status":"publish","type":"post","link":"https:\/\/agora.xtec.cat\/zeraltbergueda\/pagina-prova-qr\/el-campanar\/","title":{"rendered":"EL CAMPANAR"},"content":{"rendered":"<p>Si voleu escoltar l&#8217;audioguia cliqueu a continuaci\u00f3:<\/p>\n<!--[if lt IE 9]><script>document.createElement('audio');<\/script><![endif]-->\n<audio class=\"wp-audio-shortcode\" id=\"audio-1345-1\" preload=\"none\" style=\"width: 100%;\" controls=\"controls\"><source type=\"audio\/mpeg\" src=\"https:\/\/agora.xtec.cat\/zeraltbergueda\/wp-content\/uploads\/usu2196\/2021\/05\/Campanar.mp3?_=1\" \/><a href=\"https:\/\/agora.xtec.cat\/zeraltbergueda\/wp-content\/uploads\/usu2196\/2021\/05\/Campanar.mp3\">https:\/\/agora.xtec.cat\/zeraltbergueda\/wp-content\/uploads\/usu2196\/2021\/05\/Campanar.mp3<\/a><\/audio>\n<p>&nbsp;<\/p>\n<p><span style=\"font-weight: 400;\">El campanar de Vallcebre \u00e9s el que queda de l\u2019antiga esgl\u00e9sia, que es va haver d\u2019ensorrar perqu\u00e8 s&#8217;esquerdava i es tombava. Era la vuitena esgl\u00e9sia que es constru\u00efa, per\u00f2 com les anteriors, no va aguantar.\u00a0\u00a0\u00a0<\/span><\/p>\n<p><span style=\"font-weight: 400;\">La pen\u00falitma esgl\u00e9sia es va comen\u00e7ar a construir l\u2019any 1930 on ara hi ha l\u2019actual escola, per\u00f2 finalment no va tirar endavant. L\u2019arquitecte proposava canviar de lloc per evitar que es torn\u00e9s a ensorrar, per\u00f2 a l\u2019amo de cal Sastre, que en aquell moment era l\u2019alcalde de Vallcebre, no li va semblar b\u00e9 i no es va arribar a construir mai. Al pati de l\u2019escola encara s\u2019hi poden deduir els fonaments de l\u2019esgl\u00e9sia, en una zona on no hi creix mai la gespa.<\/span><\/p>\n<p><span style=\"font-weight: 400;\">Les antigues esgl\u00e9sies eren a la zona on actualment hi ha la taula de \u201cping pong\u201d, una zona on sovint es mou el terra, possiblement per circulaci\u00f3 d\u2019aigua subterr\u00e0nia, i provocava les esquerdes.\u00a0<\/span><\/p>\n<p><span style=\"font-weight: 400;\">L\u2019any 2000 es va construir l\u2019esgl\u00e9sia que tenim avui.<\/span><\/p>\n<p><span style=\"font-weight: 400;\">Avui, el campanar, \u00e9s un dels s\u00edmbols del poble de Vallcebre. La campana que hi ha, la van pagar la gent del poble tal com podeu veure a la imatge de sota. El comte de F\u00edgols va pagar el jou que aguanta les campanes.<\/span><\/p>\n<p><span style=\"font-weight: 400;\">El dia 4 de desembre de 1947 van inaugurar la campana, i per fer-ho, va pujar una orquestra de Manresa d\u2019onze m\u00fasics que van tocar tota l\u2019estona fins que va estar penjada. La va construir un campaner de Val\u00e8ncia.<\/span><\/p>\n<p><span style=\"font-weight: 400;\">El campanar \u00e9s el punt de trobada de la Colla de la Marmota.<\/span><\/p>\n<p>Informaci\u00f3 aportada per: Gl\u00f2ria Mal\u00e9 i Josep Oriola<\/p>\n<p><span style=\"font-weight: 400;\"><a href=\"https:\/\/agora.xtec.cat\/zeraltbergueda\/wp-content\/uploads\/usu2196\/2021\/03\/SIM-080307220112616130_0001.jpg\"><img loading=\"lazy\" decoding=\"async\" class=\"alignnone size-large wp-image-1376\" src=\"https:\/\/agora.xtec.cat\/zeraltbergueda\/wp-content\/uploads\/usu2196\/2021\/03\/SIM-080307220112616130_0001-1024x630.jpg\" alt=\"\" width=\"1024\" height=\"630\" srcset=\"https:\/\/agora.xtec.cat\/zeraltbergueda\/wp-content\/uploads\/usu2196\/2021\/03\/SIM-080307220112616130_0001-1024x630.jpg 1024w, https:\/\/agora.xtec.cat\/zeraltbergueda\/wp-content\/uploads\/usu2196\/2021\/03\/SIM-080307220112616130_0001-300x185.jpg 300w, https:\/\/agora.xtec.cat\/zeraltbergueda\/wp-content\/uploads\/usu2196\/2021\/03\/SIM-080307220112616130_0001-768x473.jpg 768w\" sizes=\"auto, (max-width: 1024px) 100vw, 1024px\" \/><\/a><a href=\"https:\/\/agora.xtec.cat\/zeraltbergueda\/wp-content\/uploads\/usu2196\/2021\/03\/SIM-080307220112616130_0002.jpg\"><img loading=\"lazy\" decoding=\"async\" class=\"alignnone size-large wp-image-1373\" src=\"https:\/\/agora.xtec.cat\/zeraltbergueda\/wp-content\/uploads\/usu2196\/2021\/03\/SIM-080307220112616130_0002-1024x630.jpg\" alt=\"\" width=\"1024\" height=\"630\" srcset=\"https:\/\/agora.xtec.cat\/zeraltbergueda\/wp-content\/uploads\/usu2196\/2021\/03\/SIM-080307220112616130_0002-1024x630.jpg 1024w, https:\/\/agora.xtec.cat\/zeraltbergueda\/wp-content\/uploads\/usu2196\/2021\/03\/SIM-080307220112616130_0002-300x185.jpg 300w, https:\/\/agora.xtec.cat\/zeraltbergueda\/wp-content\/uploads\/usu2196\/2021\/03\/SIM-080307220112616130_0002-768x473.jpg 768w\" sizes=\"auto, (max-width: 1024px) 100vw, 1024px\" \/><\/a><\/span><\/p>\n<p><a href=\"https:\/\/agora.xtec.cat\/zeraltbergueda\/wp-content\/uploads\/usu2196\/2021\/03\/SIM-080307220112616130_0003.jpg\"><img loading=\"lazy\" decoding=\"async\" class=\"alignnone size-large wp-image-1374\" src=\"https:\/\/agora.xtec.cat\/zeraltbergueda\/wp-content\/uploads\/usu2196\/2021\/03\/SIM-080307220112616130_0003-1024x630.jpg\" alt=\"\" width=\"1024\" height=\"630\" srcset=\"https:\/\/agora.xtec.cat\/zeraltbergueda\/wp-content\/uploads\/usu2196\/2021\/03\/SIM-080307220112616130_0003-1024x630.jpg 1024w, https:\/\/agora.xtec.cat\/zeraltbergueda\/wp-content\/uploads\/usu2196\/2021\/03\/SIM-080307220112616130_0003-300x185.jpg 300w, https:\/\/agora.xtec.cat\/zeraltbergueda\/wp-content\/uploads\/usu2196\/2021\/03\/SIM-080307220112616130_0003-768x473.jpg 768w\" sizes=\"auto, (max-width: 1024px) 100vw, 1024px\" \/><\/a><a href=\"https:\/\/agora.xtec.cat\/zeraltbergueda\/wp-content\/uploads\/usu2196\/2021\/03\/SIM-080307220112616130_0004.jpg\"><img loading=\"lazy\" decoding=\"async\" class=\"alignnone size-large wp-image-1375\" src=\"https:\/\/agora.xtec.cat\/zeraltbergueda\/wp-content\/uploads\/usu2196\/2021\/03\/SIM-080307220112616130_0004-1024x630.jpg\" alt=\"\" width=\"1024\" height=\"630\" srcset=\"https:\/\/agora.xtec.cat\/zeraltbergueda\/wp-content\/uploads\/usu2196\/2021\/03\/SIM-080307220112616130_0004-1024x630.jpg 1024w, https:\/\/agora.xtec.cat\/zeraltbergueda\/wp-content\/uploads\/usu2196\/2021\/03\/SIM-080307220112616130_0004-300x185.jpg 300w, https:\/\/agora.xtec.cat\/zeraltbergueda\/wp-content\/uploads\/usu2196\/2021\/03\/SIM-080307220112616130_0004-768x473.jpg 768w\" sizes=\"auto, (max-width: 1024px) 100vw, 1024px\" \/><\/a><\/p>\n<p>Font: Josep Oriola<\/p>\n<p><a href=\"https:\/\/agora.xtec.cat\/zeraltbergueda\/wp-content\/uploads\/usu2196\/2021\/03\/esglesia-vallcebre.jpg\"><img loading=\"lazy\" decoding=\"async\" class=\"alignnone size-large wp-image-1346\" src=\"https:\/\/agora.xtec.cat\/zeraltbergueda\/wp-content\/uploads\/usu2196\/2021\/03\/esglesia-vallcebre-1024x828.jpg\" alt=\"\" width=\"1024\" height=\"828\" srcset=\"https:\/\/agora.xtec.cat\/zeraltbergueda\/wp-content\/uploads\/usu2196\/2021\/03\/esglesia-vallcebre-1024x828.jpg 1024w, https:\/\/agora.xtec.cat\/zeraltbergueda\/wp-content\/uploads\/usu2196\/2021\/03\/esglesia-vallcebre-300x243.jpg 300w, https:\/\/agora.xtec.cat\/zeraltbergueda\/wp-content\/uploads\/usu2196\/2021\/03\/esglesia-vallcebre-768x621.jpg 768w\" sizes=\"auto, (max-width: 1024px) 100vw, 1024px\" \/><\/a><\/p>\n<p><a href=\"https:\/\/agora.xtec.cat\/zeraltbergueda\/wp-content\/uploads\/usu2196\/2021\/03\/img078.jpg\"><img loading=\"lazy\" decoding=\"async\" class=\"alignnone size-large wp-image-1338\" src=\"https:\/\/agora.xtec.cat\/zeraltbergueda\/wp-content\/uploads\/usu2196\/2021\/03\/img078-1024x709.jpg\" alt=\"\" width=\"1024\" height=\"709\" srcset=\"https:\/\/agora.xtec.cat\/zeraltbergueda\/wp-content\/uploads\/usu2196\/2021\/03\/img078-1024x709.jpg 1024w, https:\/\/agora.xtec.cat\/zeraltbergueda\/wp-content\/uploads\/usu2196\/2021\/03\/img078-300x208.jpg 300w, https:\/\/agora.xtec.cat\/zeraltbergueda\/wp-content\/uploads\/usu2196\/2021\/03\/img078-768x532.jpg 768w\" sizes=\"auto, (max-width: 1024px) 100vw, 1024px\" \/><\/a><\/p>\n<p><a href=\"https:\/\/agora.xtec.cat\/zeraltbergueda\/wp-content\/uploads\/usu2196\/2021\/03\/foto-esglesia-1975.jpg\"><img loading=\"lazy\" decoding=\"async\" class=\"alignnone size-full wp-image-1347\" src=\"https:\/\/agora.xtec.cat\/zeraltbergueda\/wp-content\/uploads\/usu2196\/2021\/03\/foto-esglesia-1975.jpg\" alt=\"\" width=\"1002\" height=\"978\" srcset=\"https:\/\/agora.xtec.cat\/zeraltbergueda\/wp-content\/uploads\/usu2196\/2021\/03\/foto-esglesia-1975.jpg 1002w, https:\/\/agora.xtec.cat\/zeraltbergueda\/wp-content\/uploads\/usu2196\/2021\/03\/foto-esglesia-1975-300x293.jpg 300w, https:\/\/agora.xtec.cat\/zeraltbergueda\/wp-content\/uploads\/usu2196\/2021\/03\/foto-esglesia-1975-768x750.jpg 768w\" sizes=\"auto, (max-width: 1002px) 100vw, 1002px\" \/><\/a><\/p>\n<p><a href=\"https:\/\/agora.xtec.cat\/zeraltbergueda\/wp-content\/uploads\/usu2196\/2021\/03\/foto-esglesia-1988.jpg\"><img loading=\"lazy\" decoding=\"async\" class=\"alignnone size-large wp-image-1348\" src=\"https:\/\/agora.xtec.cat\/zeraltbergueda\/wp-content\/uploads\/usu2196\/2021\/03\/foto-esglesia-1988-1024x702.jpg\" alt=\"\" width=\"1024\" height=\"702\" srcset=\"https:\/\/agora.xtec.cat\/zeraltbergueda\/wp-content\/uploads\/usu2196\/2021\/03\/foto-esglesia-1988-1024x702.jpg 1024w, https:\/\/agora.xtec.cat\/zeraltbergueda\/wp-content\/uploads\/usu2196\/2021\/03\/foto-esglesia-1988-300x206.jpg 300w, https:\/\/agora.xtec.cat\/zeraltbergueda\/wp-content\/uploads\/usu2196\/2021\/03\/foto-esglesia-1988-768x527.jpg 768w, https:\/\/agora.xtec.cat\/zeraltbergueda\/wp-content\/uploads\/usu2196\/2021\/03\/foto-esglesia-1988.jpg 1470w\" sizes=\"auto, (max-width: 1024px) 100vw, 1024px\" \/><\/a><\/p>\n<p>&nbsp;<\/p>\n<p>Font: Ajuntament de Vallcebre<\/p>\n","protected":false},"excerpt":{"rendered":"<p>Si voleu escoltar l&#8217;audioguia cliqueu a continuaci\u00f3: &nbsp; El campanar de Vallcebre \u00e9s el que queda de l\u2019antiga esgl\u00e9sia, que es va haver d\u2019ensorrar perqu\u00e8 s&#8217;esquerdava i es tombava. Era la vuitena esgl\u00e9sia que es constru\u00efa, per\u00f2 com les anteriors, no va aguantar.\u00a0\u00a0\u00a0 La pen\u00falitma esgl\u00e9sia es va comen\u00e7ar a construir l\u2019any 1930 on ara [&hellip;]<\/p>\n","protected":false},"author":6,"featured_media":0,"comment_status":"open","ping_status":"closed","sticky":false,"template":"","format":"standard","meta":{"_bbp_topic_count":0,"_bbp_reply_count":0,"_bbp_total_topic_count":0,"_bbp_total_reply_count":0,"_bbp_voice_count":0,"_bbp_anonymous_reply_count":0,"_bbp_topic_count_hidden":0,"_bbp_reply_count_hidden":0,"_bbp_forum_subforum_count":0,"site-sidebar-layout":"default","site-content-layout":"","ast-site-content-layout":"","site-content-style":"default","site-sidebar-style":"default","ast-global-header-display":"","ast-banner-title-visibility":"","ast-main-header-display":"","ast-hfb-above-header-display":"","ast-hfb-below-header-display":"","ast-hfb-mobile-header-display":"","site-post-title":"","ast-breadcrumbs-content":"","ast-featured-img":"","footer-sml-layout":"","theme-transparent-header-meta":"","adv-header-id-meta":"","stick-header-meta":"","header-above-stick-meta":"","header-main-stick-meta":"","header-below-stick-meta":"","astra-migrate-meta-layouts":"default","ast-page-background-enabled":"default","ast-page-background-meta":{"desktop":{"background-color":"var(--ast-global-color-4)","background-image":"","background-repeat":"repeat","background-position":"center center","background-size":"auto","background-attachment":"scroll","background-type":"","background-media":"","overlay-type":"","overlay-color":"","overlay-opacity":"","overlay-gradient":""},"tablet":{"background-color":"","background-image":"","background-repeat":"repeat","background-position":"center center","background-size":"auto","background-attachment":"scroll","background-type":"","background-media":"","overlay-type":"","overlay-color":"","overlay-opacity":"","overlay-gradient":""},"mobile":{"background-color":"","background-image":"","background-repeat":"repeat","background-position":"center center","background-size":"auto","background-attachment":"scroll","background-type":"","background-media":"","overlay-type":"","overlay-color":"","overlay-opacity":"","overlay-gradient":""}},"ast-content-background-meta":{"desktop":{"background-color":"var(--ast-global-color-5)","background-image":"","background-repeat":"repeat","background-position":"center center","background-size":"auto","background-attachment":"scroll","background-type":"","background-media":"","overlay-type":"","overlay-color":"","overlay-opacity":"","overlay-gradient":""},"tablet":{"background-color":"var(--ast-global-color-5)","background-image":"","background-repeat":"repeat","background-position":"center center","background-size":"auto","background-attachment":"scroll","background-type":"","background-media":"","overlay-type":"","overlay-color":"","overlay-opacity":"","overlay-gradient":""},"mobile":{"background-color":"var(--ast-global-color-5)","background-image":"","background-repeat":"repeat","background-position":"center center","background-size":"auto","background-attachment":"scroll","background-type":"","background-media":"","overlay-type":"","overlay-color":"","overlay-opacity":"","overlay-gradient":""}},"footnotes":""},"categories":[120],"tags":[],"class_list":["post-1345","post","type-post","status-publish","format-standard","hentry","category-pagina-prova-qr"],"post_mailing_queue_ids":[],"_links":{"self":[{"href":"https:\/\/agora.xtec.cat\/zeraltbergueda\/wp-json\/wp\/v2\/posts\/1345","targetHints":{"allow":["GET"]}}],"collection":[{"href":"https:\/\/agora.xtec.cat\/zeraltbergueda\/wp-json\/wp\/v2\/posts"}],"about":[{"href":"https:\/\/agora.xtec.cat\/zeraltbergueda\/wp-json\/wp\/v2\/types\/post"}],"author":[{"embeddable":true,"href":"https:\/\/agora.xtec.cat\/zeraltbergueda\/wp-json\/wp\/v2\/users\/6"}],"replies":[{"embeddable":true,"href":"https:\/\/agora.xtec.cat\/zeraltbergueda\/wp-json\/wp\/v2\/comments?post=1345"}],"version-history":[{"count":3,"href":"https:\/\/agora.xtec.cat\/zeraltbergueda\/wp-json\/wp\/v2\/posts\/1345\/revisions"}],"predecessor-version":[{"id":1525,"href":"https:\/\/agora.xtec.cat\/zeraltbergueda\/wp-json\/wp\/v2\/posts\/1345\/revisions\/1525"}],"wp:attachment":[{"href":"https:\/\/agora.xtec.cat\/zeraltbergueda\/wp-json\/wp\/v2\/media?parent=1345"}],"wp:term":[{"taxonomy":"category","embeddable":true,"href":"https:\/\/agora.xtec.cat\/zeraltbergueda\/wp-json\/wp\/v2\/categories?post=1345"},{"taxonomy":"post_tag","embeddable":true,"href":"https:\/\/agora.xtec.cat\/zeraltbergueda\/wp-json\/wp\/v2\/tags?post=1345"}],"curies":[{"name":"wp","href":"https:\/\/api.w.org\/{rel}","templated":true}]}}