{"id":3755,"date":"2026-02-19T18:44:12","date_gmt":"2026-02-19T17:44:12","guid":{"rendered":"https:\/\/agora.xtec.cat\/zer-urgellet\/?p=3755"},"modified":"2026-02-19T18:46:50","modified_gmt":"2026-02-19T17:46:50","slug":"el-pas-de-primaria-a-secundaria","status":"publish","type":"post","link":"https:\/\/agora.xtec.cat\/zer-urgellet\/general\/el-pas-de-primaria-a-secundaria\/","title":{"rendered":"El pas de prim\u00e0ria a secund\u00e0ria"},"content":{"rendered":"<p>El pas de prim\u00e0ria a secund\u00e0ria \u00e9s un moment molt important en la vida dels alumnes que comencen a assistir als instituts. Aquest canvi no nom\u00e9s implica anar a un centre m\u00e9s gran, sin\u00f3 tamb\u00e9 assumir noves responsabilitats i afrontar nous reptes acad\u00e8mics i personals.<\/p>\n<p>Aquest mes, els alumnes de 6\u00e8 han fet un pas important en el seu cam\u00ed cap a l\u2019educaci\u00f3 secund\u00e0ria. Han visitat els instituts <span class=\"font-semibold\" data-streamdown=\"strong\">La Valira<\/span> i <span class=\"font-semibold\" data-streamdown=\"strong\">Joan Brudieu<\/span> dins del marc de les <span class=\"font-semibold\" data-streamdown=\"strong\">jornades de portes obertes<\/span>, una activitat pensada perqu\u00e8 puguin con\u00e8ixer de prop el seu futur entorn educatiu. Durant les visites, els infants van poder rec\u00f3rrer les instal\u00b7lacions, veure les aules i laboratoris.<\/p>\n<p>Aquesta jornada ha estat una oportunitat molt enriquidora perqu\u00e8 els nostres alumnes comencin a familiaritzar-se amb aquesta nova etapa, resolguin dubtes i s\u2019il\u00b7lusionin amb tot all\u00f2 que els espera a la secund\u00e0ria!<\/p>\n<p>El pas a secund\u00e0ria \u00e9s, en definitiva, una etapa de creixement que els ajuda a preparar-se per al futur i a convertir-se en persones m\u00e9s madures i segures de si mateixes.<\/p>\n<p><img loading=\"lazy\" decoding=\"async\" class=\"aligncenter size-full wp-image-3756\" src=\"https:\/\/agora.xtec.cat\/zer-urgellet\/wp-content\/uploads\/usu1923\/2026\/02\/IMG-20260219-WA00031.jpg\" alt=\"\" width=\"1200\" height=\"1600\" srcset=\"https:\/\/agora.xtec.cat\/zer-urgellet\/wp-content\/uploads\/usu1923\/2026\/02\/IMG-20260219-WA00031.jpg 1200w, https:\/\/agora.xtec.cat\/zer-urgellet\/wp-content\/uploads\/usu1923\/2026\/02\/IMG-20260219-WA00031-225x300.jpg 225w, https:\/\/agora.xtec.cat\/zer-urgellet\/wp-content\/uploads\/usu1923\/2026\/02\/IMG-20260219-WA00031-768x1024.jpg 768w, https:\/\/agora.xtec.cat\/zer-urgellet\/wp-content\/uploads\/usu1923\/2026\/02\/IMG-20260219-WA00031-1152x1536.jpg 1152w\" sizes=\"auto, (max-width: 1200px) 100vw, 1200px\" \/> <img loading=\"lazy\" decoding=\"async\" class=\"aligncenter size-full wp-image-3757\" src=\"https:\/\/agora.xtec.cat\/zer-urgellet\/wp-content\/uploads\/usu1923\/2026\/02\/nslavalira-scaled.jpg\" alt=\"\" width=\"2560\" height=\"1927\" srcset=\"https:\/\/agora.xtec.cat\/zer-urgellet\/wp-content\/uploads\/usu1923\/2026\/02\/nslavalira-scaled.jpg 2560w, https:\/\/agora.xtec.cat\/zer-urgellet\/wp-content\/uploads\/usu1923\/2026\/02\/nslavalira-300x226.jpg 300w, https:\/\/agora.xtec.cat\/zer-urgellet\/wp-content\/uploads\/usu1923\/2026\/02\/nslavalira-1024x771.jpg 1024w, https:\/\/agora.xtec.cat\/zer-urgellet\/wp-content\/uploads\/usu1923\/2026\/02\/nslavalira-768x578.jpg 768w, https:\/\/agora.xtec.cat\/zer-urgellet\/wp-content\/uploads\/usu1923\/2026\/02\/nslavalira-1536x1156.jpg 1536w, https:\/\/agora.xtec.cat\/zer-urgellet\/wp-content\/uploads\/usu1923\/2026\/02\/nslavalira-2048x1542.jpg 2048w, https:\/\/agora.xtec.cat\/zer-urgellet\/wp-content\/uploads\/usu1923\/2026\/02\/nslavalira-200x150.jpg 200w\" sizes=\"auto, (max-width: 2560px) 100vw, 2560px\" \/><\/p>\n","protected":false},"excerpt":{"rendered":"<p>El pas de prim\u00e0ria a secund\u00e0ria \u00e9s un moment molt important en la vida dels alumnes que comencen a assistir als instituts. Aquest canvi no nom\u00e9s implica anar a un centre m\u00e9s gran, sin\u00f3 tamb\u00e9 assumir noves responsabilitats i afrontar nous reptes acad\u00e8mics i personals. Aquest mes, els alumnes de 6\u00e8 han fet un pas [&hellip;]<\/p>\n","protected":false},"author":1,"featured_media":3759,"comment_status":"open","ping_status":"open","sticky":false,"template":"","format":"standard","meta":{"_bbp_topic_count":0,"_bbp_reply_count":0,"_bbp_total_topic_count":0,"_bbp_total_reply_count":0,"_bbp_voice_count":0,"_bbp_anonymous_reply_count":0,"_bbp_topic_count_hidden":0,"_bbp_reply_count_hidden":0,"_bbp_forum_subforum_count":0,"site-sidebar-layout":"default","site-content-layout":"","ast-site-content-layout":"","site-content-style":"default","site-sidebar-style":"default","ast-global-header-display":"","ast-banner-title-visibility":"","ast-main-header-display":"","ast-hfb-above-header-display":"","ast-hfb-below-header-display":"","ast-hfb-mobile-header-display":"","site-post-title":"","ast-breadcrumbs-content":"","ast-featured-img":"","footer-sml-layout":"","theme-transparent-header-meta":"","adv-header-id-meta":"","stick-header-meta":"","header-above-stick-meta":"","header-main-stick-meta":"","header-below-stick-meta":"","astra-migrate-meta-layouts":"default","ast-page-background-enabled":"default","ast-page-background-meta":{"desktop":{"background-color":"var(--ast-global-color-4)","background-image":"","background-repeat":"repeat","background-position":"center center","background-size":"auto","background-attachment":"scroll","background-type":"","background-media":"","overlay-type":"","overlay-color":"","overlay-opacity":"","overlay-gradient":""},"tablet":{"background-color":"","background-image":"","background-repeat":"repeat","background-position":"center center","background-size":"auto","background-attachment":"scroll","background-type":"","background-media":"","overlay-type":"","overlay-color":"","overlay-opacity":"","overlay-gradient":""},"mobile":{"background-color":"","background-image":"","background-repeat":"repeat","background-position":"center center","background-size":"auto","background-attachment":"scroll","background-type":"","background-media":"","overlay-type":"","overlay-color":"","overlay-opacity":"","overlay-gradient":""}},"ast-content-background-meta":{"desktop":{"background-color":"var(--ast-global-color-5)","background-image":"","background-repeat":"repeat","background-position":"center center","background-size":"auto","background-attachment":"scroll","background-type":"","background-media":"","overlay-type":"","overlay-color":"","overlay-opacity":"","overlay-gradient":""},"tablet":{"background-color":"var(--ast-global-color-5)","background-image":"","background-repeat":"repeat","background-position":"center center","background-size":"auto","background-attachment":"scroll","background-type":"","background-media":"","overlay-type":"","overlay-color":"","overlay-opacity":"","overlay-gradient":""},"mobile":{"background-color":"var(--ast-global-color-5)","background-image":"","background-repeat":"repeat","background-position":"center center","background-size":"auto","background-attachment":"scroll","background-type":"","background-media":"","overlay-type":"","overlay-color":"","overlay-opacity":"","overlay-gradient":""}},"footnotes":""},"categories":[1,29],"tags":[],"class_list":["post-3755","post","type-post","status-publish","format-standard","has-post-thumbnail","hentry","category-general","category-portada"],"post_mailing_queue_ids":[],"_links":{"self":[{"href":"https:\/\/agora.xtec.cat\/zer-urgellet\/wp-json\/wp\/v2\/posts\/3755","targetHints":{"allow":["GET"]}}],"collection":[{"href":"https:\/\/agora.xtec.cat\/zer-urgellet\/wp-json\/wp\/v2\/posts"}],"about":[{"href":"https:\/\/agora.xtec.cat\/zer-urgellet\/wp-json\/wp\/v2\/types\/post"}],"author":[{"embeddable":true,"href":"https:\/\/agora.xtec.cat\/zer-urgellet\/wp-json\/wp\/v2\/users\/1"}],"replies":[{"embeddable":true,"href":"https:\/\/agora.xtec.cat\/zer-urgellet\/wp-json\/wp\/v2\/comments?post=3755"}],"version-history":[{"count":3,"href":"https:\/\/agora.xtec.cat\/zer-urgellet\/wp-json\/wp\/v2\/posts\/3755\/revisions"}],"predecessor-version":[{"id":3761,"href":"https:\/\/agora.xtec.cat\/zer-urgellet\/wp-json\/wp\/v2\/posts\/3755\/revisions\/3761"}],"wp:featuredmedia":[{"embeddable":true,"href":"https:\/\/agora.xtec.cat\/zer-urgellet\/wp-json\/wp\/v2\/media\/3759"}],"wp:attachment":[{"href":"https:\/\/agora.xtec.cat\/zer-urgellet\/wp-json\/wp\/v2\/media?parent=3755"}],"wp:term":[{"taxonomy":"category","embeddable":true,"href":"https:\/\/agora.xtec.cat\/zer-urgellet\/wp-json\/wp\/v2\/categories?post=3755"},{"taxonomy":"post_tag","embeddable":true,"href":"https:\/\/agora.xtec.cat\/zer-urgellet\/wp-json\/wp\/v2\/tags?post=3755"}],"curies":[{"name":"wp","href":"https:\/\/api.w.org\/{rel}","templated":true}]}}