{"id":1243,"date":"2019-10-29T14:40:35","date_gmt":"2019-10-29T13:40:35","guid":{"rendered":"https:\/\/agora.xtec.cat\/zer-urgellet\/?p=1243"},"modified":"2019-10-30T13:13:57","modified_gmt":"2019-10-30T12:13:57","slug":"matinal-esportiva-al-parc-olimpic-del-segre","status":"publish","type":"post","link":"https:\/\/agora.xtec.cat\/zer-urgellet\/general\/matinal-esportiva-al-parc-olimpic-del-segre\/","title":{"rendered":"Matinal esportiva al Parc Ol\u00edmpic del Segre"},"content":{"rendered":"<p>Durant aquest mat\u00ed, l&#8217;alumnat de 4t, 5\u00e8 i 6\u00e8 de les escoles de Castellciutat i Arnau Mir han compartit una jornada esportiva al parc Ol\u00edmpic del Segre.<\/p>\n<p>En primer lloc, s&#8217;ha realitzat una cursa d&#8217;orientaci\u00f3 en grups de 3-4 membres per l&#8217;interior del parc.<br \/>\n<a href=\"https:\/\/agora.xtec.cat\/zer-urgellet\/wp-content\/uploads\/usu1923\/2019\/10\/PHOTO-2019-10-30-13-09-08-1.jpg\"><img loading=\"lazy\" decoding=\"async\" src=\"https:\/\/agora.xtec.cat\/zer-urgellet\/wp-content\/uploads\/usu1923\/2019\/10\/PHOTO-2019-10-30-13-09-08-1.jpg\" alt=\"\" width=\"1599\" height=\"899\" class=\"aligncenter size-full wp-image-1255\" srcset=\"https:\/\/agora.xtec.cat\/zer-urgellet\/wp-content\/uploads\/usu1923\/2019\/10\/PHOTO-2019-10-30-13-09-08-1.jpg 1599w, https:\/\/agora.xtec.cat\/zer-urgellet\/wp-content\/uploads\/usu1923\/2019\/10\/PHOTO-2019-10-30-13-09-08-1-300x169.jpg 300w, https:\/\/agora.xtec.cat\/zer-urgellet\/wp-content\/uploads\/usu1923\/2019\/10\/PHOTO-2019-10-30-13-09-08-1-768x432.jpg 768w, https:\/\/agora.xtec.cat\/zer-urgellet\/wp-content\/uploads\/usu1923\/2019\/10\/PHOTO-2019-10-30-13-09-08-1-1024x576.jpg 1024w\" sizes=\"auto, (max-width: 1599px) 100vw, 1599px\" \/><\/a><\/p>\n<p><a href=\"https:\/\/agora.xtec.cat\/zer-urgellet\/wp-content\/uploads\/usu1923\/2019\/10\/PHOTO-2019-10-30-13-09-08.jpg\"><img loading=\"lazy\" decoding=\"async\" src=\"https:\/\/agora.xtec.cat\/zer-urgellet\/wp-content\/uploads\/usu1923\/2019\/10\/PHOTO-2019-10-30-13-09-08.jpg\" alt=\"\" width=\"1599\" height=\"899\" class=\"aligncenter size-full wp-image-1256\" srcset=\"https:\/\/agora.xtec.cat\/zer-urgellet\/wp-content\/uploads\/usu1923\/2019\/10\/PHOTO-2019-10-30-13-09-08.jpg 1599w, https:\/\/agora.xtec.cat\/zer-urgellet\/wp-content\/uploads\/usu1923\/2019\/10\/PHOTO-2019-10-30-13-09-08-300x169.jpg 300w, https:\/\/agora.xtec.cat\/zer-urgellet\/wp-content\/uploads\/usu1923\/2019\/10\/PHOTO-2019-10-30-13-09-08-768x432.jpg 768w, https:\/\/agora.xtec.cat\/zer-urgellet\/wp-content\/uploads\/usu1923\/2019\/10\/PHOTO-2019-10-30-13-09-08-1024x576.jpg 1024w\" sizes=\"auto, (max-width: 1599px) 100vw, 1599px\" \/><\/a><br \/>\n<div id='gallery-1' class='gallery galleryid-1243 gallery-columns-2 gallery-size-full'><figure class='gallery-item'>\n\t\t\t<div class='gallery-icon portrait'>\n\t\t\t\t<a href='https:\/\/agora.xtec.cat\/zer-urgellet\/general\/matinal-esportiva-al-parc-olimpic-del-segre\/attachment\/img_0932\/'><img loading=\"lazy\" decoding=\"async\" width=\"768\" height=\"1024\" src=\"https:\/\/agora.xtec.cat\/zer-urgellet\/wp-content\/uploads\/usu1923\/2019\/10\/IMG_0932.jpg\" class=\"attachment-full size-full\" alt=\"\" srcset=\"https:\/\/agora.xtec.cat\/zer-urgellet\/wp-content\/uploads\/usu1923\/2019\/10\/IMG_0932.jpg 768w, https:\/\/agora.xtec.cat\/zer-urgellet\/wp-content\/uploads\/usu1923\/2019\/10\/IMG_0932-225x300.jpg 225w\" sizes=\"auto, (max-width: 768px) 100vw, 768px\" \/><\/a>\n\t\t\t<\/div><\/figure><figure class='gallery-item'>\n\t\t\t<div class='gallery-icon portrait'>\n\t\t\t\t<a href='https:\/\/agora.xtec.cat\/zer-urgellet\/general\/matinal-esportiva-al-parc-olimpic-del-segre\/attachment\/img_0933\/'><img loading=\"lazy\" decoding=\"async\" width=\"768\" height=\"1024\" src=\"https:\/\/agora.xtec.cat\/zer-urgellet\/wp-content\/uploads\/usu1923\/2019\/10\/IMG_0933.jpg\" class=\"attachment-full size-full\" alt=\"\" srcset=\"https:\/\/agora.xtec.cat\/zer-urgellet\/wp-content\/uploads\/usu1923\/2019\/10\/IMG_0933.jpg 768w, https:\/\/agora.xtec.cat\/zer-urgellet\/wp-content\/uploads\/usu1923\/2019\/10\/IMG_0933-225x300.jpg 225w\" sizes=\"auto, (max-width: 768px) 100vw, 768px\" \/><\/a>\n\t\t\t<\/div><\/figure>\n\t\t<\/div>\n<\/p>\n<p>Un cop acabada la primera activitat i despr\u00e9s d&#8217;agafar forces amb l&#8217;esmorzar, s&#8217;ha dut a terme una sessi\u00f3 de pirag\u00fcisme amb kayaks de 3 persones. <\/p>\n<div id='gallery-2' class='gallery galleryid-1243 gallery-columns-3 gallery-size-full'><figure class='gallery-item'>\n\t\t\t<div class='gallery-icon landscape'>\n\t\t\t\t<a href='https:\/\/agora.xtec.cat\/zer-urgellet\/general\/matinal-esportiva-al-parc-olimpic-del-segre\/attachment\/img_0936\/'><img loading=\"lazy\" decoding=\"async\" width=\"2016\" height=\"1512\" src=\"https:\/\/agora.xtec.cat\/zer-urgellet\/wp-content\/uploads\/usu1923\/2019\/10\/IMG_0936.jpg\" class=\"attachment-full size-full\" alt=\"\" srcset=\"https:\/\/agora.xtec.cat\/zer-urgellet\/wp-content\/uploads\/usu1923\/2019\/10\/IMG_0936.jpg 2016w, https:\/\/agora.xtec.cat\/zer-urgellet\/wp-content\/uploads\/usu1923\/2019\/10\/IMG_0936-300x225.jpg 300w, https:\/\/agora.xtec.cat\/zer-urgellet\/wp-content\/uploads\/usu1923\/2019\/10\/IMG_0936-768x576.jpg 768w, https:\/\/agora.xtec.cat\/zer-urgellet\/wp-content\/uploads\/usu1923\/2019\/10\/IMG_0936-1024x768.jpg 1024w, https:\/\/agora.xtec.cat\/zer-urgellet\/wp-content\/uploads\/usu1923\/2019\/10\/IMG_0936-200x150.jpg 200w\" sizes=\"auto, (max-width: 2016px) 100vw, 2016px\" \/><\/a>\n\t\t\t<\/div><\/figure><figure class='gallery-item'>\n\t\t\t<div class='gallery-icon landscape'>\n\t\t\t\t<a href='https:\/\/agora.xtec.cat\/zer-urgellet\/general\/matinal-esportiva-al-parc-olimpic-del-segre\/attachment\/img_0947\/'><img loading=\"lazy\" decoding=\"async\" width=\"2016\" height=\"1512\" src=\"https:\/\/agora.xtec.cat\/zer-urgellet\/wp-content\/uploads\/usu1923\/2019\/10\/IMG_0947.jpg\" class=\"attachment-full size-full\" alt=\"\" srcset=\"https:\/\/agora.xtec.cat\/zer-urgellet\/wp-content\/uploads\/usu1923\/2019\/10\/IMG_0947.jpg 2016w, https:\/\/agora.xtec.cat\/zer-urgellet\/wp-content\/uploads\/usu1923\/2019\/10\/IMG_0947-300x225.jpg 300w, https:\/\/agora.xtec.cat\/zer-urgellet\/wp-content\/uploads\/usu1923\/2019\/10\/IMG_0947-768x576.jpg 768w, https:\/\/agora.xtec.cat\/zer-urgellet\/wp-content\/uploads\/usu1923\/2019\/10\/IMG_0947-1024x768.jpg 1024w, https:\/\/agora.xtec.cat\/zer-urgellet\/wp-content\/uploads\/usu1923\/2019\/10\/IMG_0947-200x150.jpg 200w\" sizes=\"auto, (max-width: 2016px) 100vw, 2016px\" \/><\/a>\n\t\t\t<\/div><\/figure><figure class='gallery-item'>\n\t\t\t<div class='gallery-icon landscape'>\n\t\t\t\t<a href='https:\/\/agora.xtec.cat\/zer-urgellet\/general\/matinal-esportiva-al-parc-olimpic-del-segre\/attachment\/img_0939\/'><img loading=\"lazy\" decoding=\"async\" width=\"2016\" height=\"1512\" src=\"https:\/\/agora.xtec.cat\/zer-urgellet\/wp-content\/uploads\/usu1923\/2019\/10\/IMG_0939.jpg\" class=\"attachment-full size-full\" alt=\"\" srcset=\"https:\/\/agora.xtec.cat\/zer-urgellet\/wp-content\/uploads\/usu1923\/2019\/10\/IMG_0939.jpg 2016w, https:\/\/agora.xtec.cat\/zer-urgellet\/wp-content\/uploads\/usu1923\/2019\/10\/IMG_0939-300x225.jpg 300w, https:\/\/agora.xtec.cat\/zer-urgellet\/wp-content\/uploads\/usu1923\/2019\/10\/IMG_0939-768x576.jpg 768w, https:\/\/agora.xtec.cat\/zer-urgellet\/wp-content\/uploads\/usu1923\/2019\/10\/IMG_0939-1024x768.jpg 1024w, https:\/\/agora.xtec.cat\/zer-urgellet\/wp-content\/uploads\/usu1923\/2019\/10\/IMG_0939-200x150.jpg 200w\" sizes=\"auto, (max-width: 2016px) 100vw, 2016px\" \/><\/a>\n\t\t\t<\/div><\/figure><figure class='gallery-item'>\n\t\t\t<div class='gallery-icon landscape'>\n\t\t\t\t<a href='https:\/\/agora.xtec.cat\/zer-urgellet\/general\/matinal-esportiva-al-parc-olimpic-del-segre\/attachment\/img_0940\/'><img loading=\"lazy\" decoding=\"async\" width=\"2016\" height=\"1512\" src=\"https:\/\/agora.xtec.cat\/zer-urgellet\/wp-content\/uploads\/usu1923\/2019\/10\/IMG_0940.jpg\" class=\"attachment-full size-full\" alt=\"\" srcset=\"https:\/\/agora.xtec.cat\/zer-urgellet\/wp-content\/uploads\/usu1923\/2019\/10\/IMG_0940.jpg 2016w, https:\/\/agora.xtec.cat\/zer-urgellet\/wp-content\/uploads\/usu1923\/2019\/10\/IMG_0940-300x225.jpg 300w, https:\/\/agora.xtec.cat\/zer-urgellet\/wp-content\/uploads\/usu1923\/2019\/10\/IMG_0940-768x576.jpg 768w, https:\/\/agora.xtec.cat\/zer-urgellet\/wp-content\/uploads\/usu1923\/2019\/10\/IMG_0940-1024x768.jpg 1024w, https:\/\/agora.xtec.cat\/zer-urgellet\/wp-content\/uploads\/usu1923\/2019\/10\/IMG_0940-200x150.jpg 200w\" sizes=\"auto, (max-width: 2016px) 100vw, 2016px\" \/><\/a>\n\t\t\t<\/div><\/figure><figure class='gallery-item'>\n\t\t\t<div class='gallery-icon landscape'>\n\t\t\t\t<a href='https:\/\/agora.xtec.cat\/zer-urgellet\/general\/matinal-esportiva-al-parc-olimpic-del-segre\/attachment\/img_0941\/'><img loading=\"lazy\" decoding=\"async\" width=\"2016\" height=\"1512\" src=\"https:\/\/agora.xtec.cat\/zer-urgellet\/wp-content\/uploads\/usu1923\/2019\/10\/IMG_0941.jpg\" class=\"attachment-full size-full\" alt=\"\" srcset=\"https:\/\/agora.xtec.cat\/zer-urgellet\/wp-content\/uploads\/usu1923\/2019\/10\/IMG_0941.jpg 2016w, https:\/\/agora.xtec.cat\/zer-urgellet\/wp-content\/uploads\/usu1923\/2019\/10\/IMG_0941-300x225.jpg 300w, https:\/\/agora.xtec.cat\/zer-urgellet\/wp-content\/uploads\/usu1923\/2019\/10\/IMG_0941-768x576.jpg 768w, https:\/\/agora.xtec.cat\/zer-urgellet\/wp-content\/uploads\/usu1923\/2019\/10\/IMG_0941-1024x768.jpg 1024w, https:\/\/agora.xtec.cat\/zer-urgellet\/wp-content\/uploads\/usu1923\/2019\/10\/IMG_0941-200x150.jpg 200w\" sizes=\"auto, (max-width: 2016px) 100vw, 2016px\" \/><\/a>\n\t\t\t<\/div><\/figure><figure class='gallery-item'>\n\t\t\t<div class='gallery-icon landscape'>\n\t\t\t\t<a href='https:\/\/agora.xtec.cat\/zer-urgellet\/general\/matinal-esportiva-al-parc-olimpic-del-segre\/attachment\/img_0942\/'><img loading=\"lazy\" decoding=\"async\" width=\"2016\" height=\"1512\" src=\"https:\/\/agora.xtec.cat\/zer-urgellet\/wp-content\/uploads\/usu1923\/2019\/10\/IMG_0942.jpg\" class=\"attachment-full size-full\" alt=\"\" srcset=\"https:\/\/agora.xtec.cat\/zer-urgellet\/wp-content\/uploads\/usu1923\/2019\/10\/IMG_0942.jpg 2016w, https:\/\/agora.xtec.cat\/zer-urgellet\/wp-content\/uploads\/usu1923\/2019\/10\/IMG_0942-300x225.jpg 300w, https:\/\/agora.xtec.cat\/zer-urgellet\/wp-content\/uploads\/usu1923\/2019\/10\/IMG_0942-768x576.jpg 768w, https:\/\/agora.xtec.cat\/zer-urgellet\/wp-content\/uploads\/usu1923\/2019\/10\/IMG_0942-1024x768.jpg 1024w, https:\/\/agora.xtec.cat\/zer-urgellet\/wp-content\/uploads\/usu1923\/2019\/10\/IMG_0942-200x150.jpg 200w\" sizes=\"auto, (max-width: 2016px) 100vw, 2016px\" \/><\/a>\n\t\t\t<\/div><\/figure>\n\t\t<\/div>\n\n","protected":false},"excerpt":{"rendered":"<p>Durant aquest mat\u00ed, l&#8217;alumnat de 4t, 5\u00e8 i 6\u00e8 de les escoles de Castellciutat i Arnau Mir han compartit una jornada esportiva al parc Ol\u00edmpic del Segre. En primer lloc, s&#8217;ha realitzat una cursa d&#8217;orientaci\u00f3 en grups de 3-4 membres per l&#8217;interior del parc. Un cop acabada la primera activitat i despr\u00e9s d&#8217;agafar forces amb [&hellip;]<\/p>\n","protected":false},"author":1,"featured_media":0,"comment_status":"open","ping_status":"closed","sticky":false,"template":"","format":"standard","meta":{"_bbp_topic_count":0,"_bbp_reply_count":0,"_bbp_total_topic_count":0,"_bbp_total_reply_count":0,"_bbp_voice_count":0,"_bbp_anonymous_reply_count":0,"_bbp_topic_count_hidden":0,"_bbp_reply_count_hidden":0,"_bbp_forum_subforum_count":0,"site-sidebar-layout":"default","site-content-layout":"","ast-site-content-layout":"","site-content-style":"default","site-sidebar-style":"default","ast-global-header-display":"","ast-banner-title-visibility":"","ast-main-header-display":"","ast-hfb-above-header-display":"","ast-hfb-below-header-display":"","ast-hfb-mobile-header-display":"","site-post-title":"","ast-breadcrumbs-content":"","ast-featured-img":"","footer-sml-layout":"","theme-transparent-header-meta":"","adv-header-id-meta":"","stick-header-meta":"","header-above-stick-meta":"","header-main-stick-meta":"","header-below-stick-meta":"","astra-migrate-meta-layouts":"default","ast-page-background-enabled":"default","ast-page-background-meta":{"desktop":{"background-color":"var(--ast-global-color-4)","background-image":"","background-repeat":"repeat","background-position":"center center","background-size":"auto","background-attachment":"scroll","background-type":"","background-media":"","overlay-type":"","overlay-color":"","overlay-opacity":"","overlay-gradient":""},"tablet":{"background-color":"","background-image":"","background-repeat":"repeat","background-position":"center center","background-size":"auto","background-attachment":"scroll","background-type":"","background-media":"","overlay-type":"","overlay-color":"","overlay-opacity":"","overlay-gradient":""},"mobile":{"background-color":"","background-image":"","background-repeat":"repeat","background-position":"center center","background-size":"auto","background-attachment":"scroll","background-type":"","background-media":"","overlay-type":"","overlay-color":"","overlay-opacity":"","overlay-gradient":""}},"ast-content-background-meta":{"desktop":{"background-color":"var(--ast-global-color-5)","background-image":"","background-repeat":"repeat","background-position":"center center","background-size":"auto","background-attachment":"scroll","background-type":"","background-media":"","overlay-type":"","overlay-color":"","overlay-opacity":"","overlay-gradient":""},"tablet":{"background-color":"var(--ast-global-color-5)","background-image":"","background-repeat":"repeat","background-position":"center center","background-size":"auto","background-attachment":"scroll","background-type":"","background-media":"","overlay-type":"","overlay-color":"","overlay-opacity":"","overlay-gradient":""},"mobile":{"background-color":"var(--ast-global-color-5)","background-image":"","background-repeat":"repeat","background-position":"center center","background-size":"auto","background-attachment":"scroll","background-type":"","background-media":"","overlay-type":"","overlay-color":"","overlay-opacity":"","overlay-gradient":""}},"footnotes":""},"categories":[1,29],"tags":[124,39,117],"class_list":["post-1243","post","type-post","status-publish","format-standard","hentry","category-general","category-portada","tag-curs19_20","tag-sortides","tag-trobadadezer"],"post_mailing_queue_ids":[],"_links":{"self":[{"href":"https:\/\/agora.xtec.cat\/zer-urgellet\/wp-json\/wp\/v2\/posts\/1243","targetHints":{"allow":["GET"]}}],"collection":[{"href":"https:\/\/agora.xtec.cat\/zer-urgellet\/wp-json\/wp\/v2\/posts"}],"about":[{"href":"https:\/\/agora.xtec.cat\/zer-urgellet\/wp-json\/wp\/v2\/types\/post"}],"author":[{"embeddable":true,"href":"https:\/\/agora.xtec.cat\/zer-urgellet\/wp-json\/wp\/v2\/users\/1"}],"replies":[{"embeddable":true,"href":"https:\/\/agora.xtec.cat\/zer-urgellet\/wp-json\/wp\/v2\/comments?post=1243"}],"version-history":[{"count":3,"href":"https:\/\/agora.xtec.cat\/zer-urgellet\/wp-json\/wp\/v2\/posts\/1243\/revisions"}],"predecessor-version":[{"id":1258,"href":"https:\/\/agora.xtec.cat\/zer-urgellet\/wp-json\/wp\/v2\/posts\/1243\/revisions\/1258"}],"wp:attachment":[{"href":"https:\/\/agora.xtec.cat\/zer-urgellet\/wp-json\/wp\/v2\/media?parent=1243"}],"wp:term":[{"taxonomy":"category","embeddable":true,"href":"https:\/\/agora.xtec.cat\/zer-urgellet\/wp-json\/wp\/v2\/categories?post=1243"},{"taxonomy":"post_tag","embeddable":true,"href":"https:\/\/agora.xtec.cat\/zer-urgellet\/wp-json\/wp\/v2\/tags?post=1243"}],"curies":[{"name":"wp","href":"https:\/\/api.w.org\/{rel}","templated":true}]}}