{"id":9161,"date":"2018-06-02T07:37:23","date_gmt":"2018-06-02T05:37:23","guid":{"rendered":"http:\/\/agora.xtec.cat\/zer-solsones\/?p=9161"},"modified":"2018-06-03T20:31:26","modified_gmt":"2018-06-03T18:31:26","slug":"ea-de-tuixent-31-05-18","status":"publish","type":"post","link":"https:\/\/agora.xtec.cat\/zer-solsones\/activitats\/camps-daprenentatge-mitjans\/ea-de-tuixent-31-05-18\/","title":{"rendered":"EA de Tuixent 31-05-18"},"content":{"rendered":"<p style=\"text-align: justify;\"><a href=\"https:\/\/photos.app.goo.gl\/IEmE0tIYae9WS74n1\"><img loading=\"lazy\" decoding=\"async\" class=\"alignleft\" src=\"https:\/\/lh3.googleusercontent.com\/9TVGGbcMrcWdI2VvYoyaiFFJ1c5-zAiRjQmsnrvJpdLJR4DBI1SU7EiW-OwPE8Hto0tTjHPviFdcrWqVBdNS22YaqRGZU8zpwyoHee3XWta5cNDkvLmxOcxphr2ThgDylldfJJ3KQ5Dv3_2y89rKkPZJQAC9XexWREZYfAnz_llGrEJ-s2nPsNu7kPc3ORmUnLhRzvDnSlynkoaytiFqrjTt_7O3J6QYDKPHKAFnJF2E-vyZKvKzF3KTPlV9YP3JsmYTThTjBcAY9VGFn2dierkmlCzPAH39gpeB76jKLGi73KnD3nPOfEpRsMquVq2OIng1z1AyZ5kGZr8SBmBEeVS4QDiMKrYQQ4ItSFSg0R0FLkTDOqctPeKHqST0906CRAZXiC2Ch1kN3znAV7JJV1KoPwnJBo9bbPRhcRA4FUYRZqkPSB2xqJJwHw1_JjKV5U2e0DYiO717VHhJJqEnyDH52zP9chKFL_l5gV0h_7VTw3zCH-HJScFYtAv79QZAbxsxq88aoC82i0hWgIWv9IgF_sJN9hIbWu-H1HkbWyqt7ywEuOWMLs22gV6t5pEBs29OAUcZqj-ge6Bc4PlvQ9IW05C2rD4rlec-Z5GA19bOr77zppaXaIC7zM5Vao9g0XdbZEvpbB6VVMXqrRWQbrQm16Z2dyTiIw=w1760-h990-no\" width=\"449\" height=\"252\" \/><\/a>Darrer dia a Tuixent. Finalment el Sol ens acompanya.<br \/>\nDespr\u00e9s d&#8217;un bon esmorzar hem pogut rec\u00f3rrer el jard\u00ed bot\u00e0nic per tal de con\u00e8ixer algunes de les plantes remeieres que s&#8217;hi troben. Un cop feta la visita, hem baixat a les aules del centre d&#8217;interpretaci\u00f3 de flora on hem elaborat una infusi\u00f3 digestiva amb la barreja de 4 plantes. Cada alumne ha pogut fer la seva infusi\u00f3 per endur-se-la.<br \/>\nCom que encara ens quedava una estona, hem fet un altres taller on hem confeccionat un punt de llibre utilitzant l&#8217;herba blava.<\/p>\n<p style=\"text-align: justify;\">En tornar cap a l&#8217;aberg hem tingut una gran sorpresa. L&#8217;Em\u00edlia Lloren\u00e7, la darrera trementinaire, (la nena que volia con\u00e8ixer el mar), ens ha vingut a visitar i ens ha explicat moltes aventures de la vida de trementinaire.<br \/>\n&lt;&lt; L&#8217;Em\u00edlia, de cal Peret de Cornellana (La Vansa) va fer de trementinaire amb la seva \u00e0via, Maria Majoral, des dels set anys fins al setze. Durant l&#8217;estiu recollien les herbes i plantes de la vall i les feien assecar, passat l&#8217;estiu feien dues sortides que podien durar fins a tres mesos.<br \/>\nLa majoria de les trementinaires seguien sempre la mateixa ruta, ja que la major part de les masies on anaven esdevenien els clients d&#8217;any rere any. Em\u00edlia explica que anaven per les masies del moian\u00e8s, pel Montseny, per Arb\u00facies i havien arribat fins a Sant Pol de Mar. Les sortides per a vendre remeis es feien dos cops l&#8217;any i podien durar fins a tres mesos. Sortien passat l&#8217;estiu carregades amb les herbes i la trementina i tornaven a casa abans de Nadal. La segona sortida es feia passat Nadal i podia durar fins a Pasqua.<br \/>\nEm\u00edlia assegura que &#8220;caminaven de sol a sol&#8221; i &#8220;sempre freq\u00fcent\u00e0vem les mateixes cases que ja ens esperaven, \u00e9rem com de la fam\u00edlia&#8221;. I afegeix que &#8220;tothom volia que ens qued\u00e9ssim a casa seva, mai an\u00e0vem a dormir a la palla, ens deixaven els llits, marx\u00e0vem de casa i anant pel m\u00f3n torn\u00e0vem a casa&#8221;.&gt;&gt;<\/p>\n<p style=\"text-align: justify;\">Despr\u00e9s de con\u00e8ixer l&#8217;Em\u00edlia hem anat a dinar. I a les 15:00h marx\u00e0vem cap a Solsona.<br \/>\nHa estat una estada plena d&#8217;emocions i bonics aprenentatges. La pluja ha intentat fer-nos la punyeta, per\u00f2 ens n&#8217;hem sortit i hem gaudit molt.<br \/>\nFins aviat Tuixent!<\/p>\n","protected":false},"excerpt":{"rendered":"<p>Darrer dia a Tuixent. Finalment el Sol ens acompanya. Despr\u00e9s d&#8217;un bon esmorzar hem pogut rec\u00f3rrer el jard\u00ed bot\u00e0nic per tal de con\u00e8ixer algunes de les plantes remeieres que s&#8217;hi troben. Un cop feta la visita, hem baixat a les aules del centre d&#8217;interpretaci\u00f3 de flora on hem elaborat una infusi\u00f3 digestiva amb la barreja [&hellip;]<\/p>\n","protected":false},"author":1,"featured_media":0,"comment_status":"open","ping_status":"closed","sticky":false,"template":"","format":"standard","meta":{"_bbp_topic_count":0,"_bbp_reply_count":0,"_bbp_total_topic_count":0,"_bbp_total_reply_count":0,"_bbp_voice_count":0,"_bbp_anonymous_reply_count":0,"_bbp_topic_count_hidden":0,"_bbp_reply_count_hidden":0,"_bbp_forum_subforum_count":0,"site-sidebar-layout":"default","site-content-layout":"","ast-site-content-layout":"","site-content-style":"default","site-sidebar-style":"default","ast-global-header-display":"","ast-banner-title-visibility":"","ast-main-header-display":"","ast-hfb-above-header-display":"","ast-hfb-below-header-display":"","ast-hfb-mobile-header-display":"","site-post-title":"","ast-breadcrumbs-content":"","ast-featured-img":"","footer-sml-layout":"","theme-transparent-header-meta":"","adv-header-id-meta":"","stick-header-meta":"","header-above-stick-meta":"","header-main-stick-meta":"","header-below-stick-meta":"","astra-migrate-meta-layouts":"default","ast-page-background-enabled":"default","ast-page-background-meta":{"desktop":{"background-color":"var(--ast-global-color-4)","background-image":"","background-repeat":"repeat","background-position":"center center","background-size":"auto","background-attachment":"scroll","background-type":"","background-media":"","overlay-type":"","overlay-color":"","overlay-opacity":"","overlay-gradient":""},"tablet":{"background-color":"","background-image":"","background-repeat":"repeat","background-position":"center center","background-size":"auto","background-attachment":"scroll","background-type":"","background-media":"","overlay-type":"","overlay-color":"","overlay-opacity":"","overlay-gradient":""},"mobile":{"background-color":"","background-image":"","background-repeat":"repeat","background-position":"center center","background-size":"auto","background-attachment":"scroll","background-type":"","background-media":"","overlay-type":"","overlay-color":"","overlay-opacity":"","overlay-gradient":""}},"ast-content-background-meta":{"desktop":{"background-color":"var(--ast-global-color-5)","background-image":"","background-repeat":"repeat","background-position":"center center","background-size":"auto","background-attachment":"scroll","background-type":"","background-media":"","overlay-type":"","overlay-color":"","overlay-opacity":"","overlay-gradient":""},"tablet":{"background-color":"var(--ast-global-color-5)","background-image":"","background-repeat":"repeat","background-position":"center center","background-size":"auto","background-attachment":"scroll","background-type":"","background-media":"","overlay-type":"","overlay-color":"","overlay-opacity":"","overlay-gradient":""},"mobile":{"background-color":"var(--ast-global-color-5)","background-image":"","background-repeat":"repeat","background-position":"center center","background-size":"auto","background-attachment":"scroll","background-type":"","background-media":"","overlay-type":"","overlay-color":"","overlay-opacity":"","overlay-gradient":""}},"footnotes":""},"categories":[30,38],"tags":[175,146],"class_list":["post-9161","post","type-post","status-publish","format-standard","hentry","category-camps-daprenentatge-mitjans","category-portada","tag-cda-tuixent","tag-cicle-inicial"],"post_mailing_queue_ids":[],"_links":{"self":[{"href":"https:\/\/agora.xtec.cat\/zer-solsones\/wp-json\/wp\/v2\/posts\/9161","targetHints":{"allow":["GET"]}}],"collection":[{"href":"https:\/\/agora.xtec.cat\/zer-solsones\/wp-json\/wp\/v2\/posts"}],"about":[{"href":"https:\/\/agora.xtec.cat\/zer-solsones\/wp-json\/wp\/v2\/types\/post"}],"author":[{"embeddable":true,"href":"https:\/\/agora.xtec.cat\/zer-solsones\/wp-json\/wp\/v2\/users\/1"}],"replies":[{"embeddable":true,"href":"https:\/\/agora.xtec.cat\/zer-solsones\/wp-json\/wp\/v2\/comments?post=9161"}],"version-history":[{"count":3,"href":"https:\/\/agora.xtec.cat\/zer-solsones\/wp-json\/wp\/v2\/posts\/9161\/revisions"}],"predecessor-version":[{"id":9166,"href":"https:\/\/agora.xtec.cat\/zer-solsones\/wp-json\/wp\/v2\/posts\/9161\/revisions\/9166"}],"wp:attachment":[{"href":"https:\/\/agora.xtec.cat\/zer-solsones\/wp-json\/wp\/v2\/media?parent=9161"}],"wp:term":[{"taxonomy":"category","embeddable":true,"href":"https:\/\/agora.xtec.cat\/zer-solsones\/wp-json\/wp\/v2\/categories?post=9161"},{"taxonomy":"post_tag","embeddable":true,"href":"https:\/\/agora.xtec.cat\/zer-solsones\/wp-json\/wp\/v2\/tags?post=9161"}],"curies":[{"name":"wp","href":"https:\/\/api.w.org\/{rel}","templated":true}]}}