{"id":8926,"date":"2018-03-07T21:29:16","date_gmt":"2018-03-07T20:29:16","guid":{"rendered":"http:\/\/agora.xtec.cat\/zer-solsones\/?p=8926"},"modified":"2018-03-21T11:06:31","modified_gmt":"2018-03-21T10:06:31","slug":"unes-altres-jornades-literaries-a-la-carral","status":"publish","type":"post","link":"https:\/\/agora.xtec.cat\/zer-solsones\/activitats\/unes-altres-jornades-literaries-a-la-carral\/","title":{"rendered":"UNES ALTRES JORNADES LITER\u00c0RIES A LA CARRAL"},"content":{"rendered":"<p style=\"text-align: justify;\">Els passats 22 i 23 de febrer, tots els alumnes i mestres de la ZER El Solson\u00e8s, ens vam trobar a La Carral per participar un any m\u00e9s en les tradicionals Jornades Liter\u00e0ries, i ja en van divuit.<\/p>\n<p style=\"text-align: justify;\">Els infants van gaudir de diferents tallers preparats pels mestres: contes, can\u00e7ons, entrevistes, edici\u00f3 de la revista, animalades, videoclips&#8230; En aquests tallers s\u2019ha treballat, entre altres aspectes, la comunicaci\u00f3 oral i escrita amb la intenci\u00f3 que els alumnes poguessin expressar, interpretar, comunicar pensaments, fets, opinions, emocions, fent servir diferents suports i formats i a m\u00e9s fent-ho de manera creativa i divertida. Altres aspectes treballats han estat l\u2019adquisici\u00f3 de destreses i aplicacions digitals. I evidentment s\u2019ha treballat l\u2019autonomia i la iniciativa personal.<\/p>\n<p style=\"text-align: justify;\">Dijous a la tarda ens va visitar la contacontes\u00a0 Patr\u00edcia Mc Gill, La Patricia \u00e9s una dona polifac\u00e8tica, es va llicenciar com a actriu, ha conreat el cant, la dansa cl\u00e0ssica i contempor\u00e0nia, l\u2019expressi\u00f3 corporal i la pantomima.\u00a0 A la Carral va dur a terme unes de les activitats amb les que gaudeix m\u00e9s, narrar contes i hist\u00f2ries. Ho va fer d\u2019una manera tant divertida que ens va fer gaudir molt.<\/p>\n<p style=\"text-align: justify;\">Com ja vam fer l\u2019any passat els alumnes de sis\u00e8, van fer de periodistes i van ser els encarregats de muntar la revista Especial Jornades Liter\u00e0ries. Revista que es va\u00a0 lliurar als diferents col\u00b7laboradors i membres de la Comunitat Educativa: fam\u00edlies, mestres, Ajuntaments&#8230; en finalitzar les jornades. Aquesta revista la podeu trobar a la p\u00e0gina web de la ZER.<\/p>\n<p style=\"text-align: justify;\">Com a novetat, aquest any, el v\u00eddeo de cloenda de les jornades, ha anat a c\u00e0rrec dels alumnes de cinqu\u00e8 que han creat un format similar al del fam\u00f3s programa de TV3 \u201cEl foraster\u201d i que l\u2019han titulat \u201cEl foraZER\u201d.<\/p>\n<p style=\"text-align: justify;\">A part dels tallers, vam poder compartir moments\u00a0 amb els altres companys de la ZER: joc lliure, jocs de nit, els \u00e0pats, conviv\u00e8ncia a les habitacions&#8230;<\/p>\n<p style=\"text-align: justify;\">Des d\u2019aqu\u00ed volem donar les gr\u00e0cies a tots els que han fet possible, un any m\u00e9s les jornades: alumnes, fam\u00edlies, mestres, AMPA, Ajuntaments de les nostres Escoles, el Consell Comarcal i al personal de La Carral.<\/p>\n<p style=\"text-align: justify;\">Han estat unes Jornades Liter\u00e0ries molt intenses i profitoses.!!<\/p>\n<p style=\"text-align: justify;\">RESUM DE LES ACTIVITATS DELS TALLERS<\/p>\n<table>\n<tbody>\n<tr>\n<td>P4 &#8211; LA PORTA M\u00c0GICA DELS MINIMONS<\/td>\n<td><a href=\"http:\/\/agora.xtec.cat\/zer-solsones\/activitats\/jornades-literaries\/la-porta-magica-dels-minimons-taller-de-p4-jjll-de-la-zer-1718\/\"><img loading=\"lazy\" decoding=\"async\" class=\"alignnone\" src=\"https:\/\/lh3.googleusercontent.com\/88QXthbiQTsLD2AAa1oOpdOOJwXwbVapduIXHG_bnqYpWI_Yxqopq7Q6q-E2hzKQvFKWBATIsSTDozfGeQJ7s5bkqbb3GwGkQJX_6xBDbNs6bp7dO-YXYSOB0IndbF-8p-dqHlWG2wZpdoIOt6agKag-ywfSvi2tITW2BTT5eDzM-_TqQe-s_91UTlqtMyv4PRzpGDjSJ8TOa1htA9PL5-UKa7nzSTrqm9wBy7IzRLbnOaXJg_N2ey_I5W89ulsraxJYbiqHkWvIBlVkBRrw6ITDfJtKW-ufPO3N7TqTo4Z46SahpYrROhz1_IxaXCVpJbFtvtE1LWITKhQGzn_Kxn0d4FJrLcHm996daDP5leDhNxN_32-Db_oPWkNvERBsjdbzStinCU6lzw9JO0aMvWimxSajLhjtEnNtJE--9JeFTFzLpoYPtYPeRfnP4YJAI8u3mE9HcCikBaTWvXf94vFz89xDrlh-noyPuC5fOK3ioxLWbfHdJ4C11HpWzJIq8DeV4-oZqBs4jaNQZ3exHMPJ34nNFpsAJ0akySoOQ_nTWKybIRWoMYfqp03Yvqa9r9wZADuNgPHn7hj5lt32-x2gCJqpat95JYyPczjh=w1566-h967-no\" alt=\"\" width=\"499\" height=\"308\" \/><\/a><\/td>\n<\/tr>\n<tr>\n<td>\u00a0CI-1 &#8211; ALL TOGETHER NOW<\/td>\n<td>\n<div class=\"ast-oembed-container \" style=\"height: 100%;\"><iframe loading=\"lazy\" title=\"Oursong\" width=\"500\" height=\"281\" src=\"https:\/\/www.youtube.com\/embed\/d08UQF9ornk?feature=oembed\" frameborder=\"0\" allow=\"accelerometer; autoplay; clipboard-write; encrypted-media; gyroscope; picture-in-picture; web-share\" referrerpolicy=\"strict-origin-when-cross-origin\" allowfullscreen><\/iframe><\/div>\n<\/td>\n<\/tr>\n<tr>\n<td>\u00a0CM &#8211; M\u00c9S ANIMALADES<\/td>\n<td>\u00a0<a href=\"https:\/\/photos.app.goo.gl\/RgJMU3Jbl9oI50Ip1\"><img loading=\"lazy\" decoding=\"async\" class=\"alignnone \" src=\"https:\/\/lh3.googleusercontent.com\/uLEIWiL585dyRk7pS0DpKxLqeARwWIorNenZy4MdPaRSd-FK3DuTL_ZzTV5qVt6-JwzYLWD5fNdYVbt56wThIovod6icO9CwIBAS3lDuPhXn_mZC8-LdifWDIobGNAqkLNif-iFXAVf-dxTeQb6VIVWYf4Qricd_roGQY4QvvoLZiR-tuvcPKRAZ7H8_T6TjHggGkvm5o40yLGWdLrkNgGDlcMC1iAKSIc68pLGhPIo1kstoKtIm_IIxNB6uihQ5dL3Z2jrNPa81FZ_iPvMNaz5Ad88mPiq0fciOlaJJAljfbIOZOmh2gMecmpXRgKGuwkY5KuZ9RVm2sfnx87UEwNX28KAKDs1DvQ9ydxRay975g_ZtWsf2GYm4KJxCK2YDZFT-m_5QgZ7gv7MEktBg7_SfEF0ihk_-VLdA-azjuf3AYadbLJOlR1exZtwx1fidrRQsrIgpidVjZYp_yL74x-MtQ4eKXe_PrigNMkxAy6ASYECW4UA7GdIseOowsun4jhK-uHQUgM8UoJPgL9uEGhHJAqTOiwrOT_UWrnqImDAG8PkSr6CESwpJSq-8bOXmxmp_q4Dyam5wAm1T_ovWuQNY9J3FYBSDHXAzzH8GXKxjUaWNxHOta0-6h24zchdPm0Vuox2USMvVzUbUYVZ-JSkliSFAQ2zv=w1294-h970-no\" width=\"500\" height=\"375\" \/><\/a><\/td>\n<\/tr>\n<tr>\n<td><\/td>\n<td><\/td>\n<\/tr>\n<tr>\n<td>\u00a0<a href=\"https:\/\/photos.app.goo.gl\/Q96GNHd3JwRtN8bY2\">\u00c0LBUM DE FOTOS<\/a><\/td>\n<td>\u00a0<a href=\"http:\/\/agora.xtec.cat\/zer-solsones\/wp-content\/uploads\/usu317\/2018\/03\/20180222_132754.jpg\"><img loading=\"lazy\" decoding=\"async\" class=\"alignnone  wp-image-8965\" src=\"http:\/\/agora.xtec.cat\/zer-solsones\/wp-content\/uploads\/usu317\/2018\/03\/20180222_132754-1024x768.jpg\" alt=\"\" width=\"501\" height=\"376\" srcset=\"https:\/\/agora.xtec.cat\/zer-solsones\/wp-content\/uploads\/usu317\/2018\/03\/20180222_132754.jpg 1024w, https:\/\/agora.xtec.cat\/zer-solsones\/wp-content\/uploads\/usu317\/2018\/03\/20180222_132754-300x225.jpg 300w, https:\/\/agora.xtec.cat\/zer-solsones\/wp-content\/uploads\/usu317\/2018\/03\/20180222_132754-768x576.jpg 768w, https:\/\/agora.xtec.cat\/zer-solsones\/wp-content\/uploads\/usu317\/2018\/03\/20180222_132754-200x150.jpg 200w\" sizes=\"auto, (max-width: 501px) 100vw, 501px\" \/><\/a><\/td>\n<\/tr>\n<tr>\n<td><\/td>\n<td><\/td>\n<\/tr>\n<tr>\n<td><\/td>\n<td><\/td>\n<\/tr>\n<\/tbody>\n<\/table>\n<p>&nbsp;<\/p>\n","protected":false},"excerpt":{"rendered":"<p>Els passats 22 i 23 de febrer, tots els alumnes i mestres de la ZER El Solson\u00e8s, ens vam trobar a La Carral per participar un any m\u00e9s en les tradicionals Jornades Liter\u00e0ries, i ja en van divuit. Els infants van gaudir de diferents tallers preparats pels mestres: contes, can\u00e7ons, entrevistes, edici\u00f3 de la revista, [&hellip;]<\/p>\n","protected":false},"author":10,"featured_media":0,"comment_status":"closed","ping_status":"closed","sticky":false,"template":"","format":"standard","meta":{"_bbp_topic_count":0,"_bbp_reply_count":0,"_bbp_total_topic_count":0,"_bbp_total_reply_count":0,"_bbp_voice_count":0,"_bbp_anonymous_reply_count":0,"_bbp_topic_count_hidden":0,"_bbp_reply_count_hidden":0,"_bbp_forum_subforum_count":0,"site-sidebar-layout":"default","site-content-layout":"","ast-site-content-layout":"","site-content-style":"default","site-sidebar-style":"default","ast-global-header-display":"","ast-banner-title-visibility":"","ast-main-header-display":"","ast-hfb-above-header-display":"","ast-hfb-below-header-display":"","ast-hfb-mobile-header-display":"","site-post-title":"","ast-breadcrumbs-content":"","ast-featured-img":"","footer-sml-layout":"","theme-transparent-header-meta":"","adv-header-id-meta":"","stick-header-meta":"","header-above-stick-meta":"","header-main-stick-meta":"","header-below-stick-meta":"","astra-migrate-meta-layouts":"default","ast-page-background-enabled":"default","ast-page-background-meta":{"desktop":{"background-color":"var(--ast-global-color-4)","background-image":"","background-repeat":"repeat","background-position":"center center","background-size":"auto","background-attachment":"scroll","background-type":"","background-media":"","overlay-type":"","overlay-color":"","overlay-opacity":"","overlay-gradient":""},"tablet":{"background-color":"","background-image":"","background-repeat":"repeat","background-position":"center center","background-size":"auto","background-attachment":"scroll","background-type":"","background-media":"","overlay-type":"","overlay-color":"","overlay-opacity":"","overlay-gradient":""},"mobile":{"background-color":"","background-image":"","background-repeat":"repeat","background-position":"center center","background-size":"auto","background-attachment":"scroll","background-type":"","background-media":"","overlay-type":"","overlay-color":"","overlay-opacity":"","overlay-gradient":""}},"ast-content-background-meta":{"desktop":{"background-color":"var(--ast-global-color-5)","background-image":"","background-repeat":"repeat","background-position":"center center","background-size":"auto","background-attachment":"scroll","background-type":"","background-media":"","overlay-type":"","overlay-color":"","overlay-opacity":"","overlay-gradient":""},"tablet":{"background-color":"var(--ast-global-color-5)","background-image":"","background-repeat":"repeat","background-position":"center center","background-size":"auto","background-attachment":"scroll","background-type":"","background-media":"","overlay-type":"","overlay-color":"","overlay-opacity":"","overlay-gradient":""},"mobile":{"background-color":"var(--ast-global-color-5)","background-image":"","background-repeat":"repeat","background-position":"center center","background-size":"auto","background-attachment":"scroll","background-type":"","background-media":"","overlay-type":"","overlay-color":"","overlay-opacity":"","overlay-gradient":""}},"footnotes":""},"categories":[20,28,38],"tags":[126,157],"class_list":["post-8926","post","type-post","status-publish","format-standard","hentry","category-activitats","category-jornades-literaries","category-portada","tag-jornades-literaries","tag-zer-solsones"],"post_mailing_queue_ids":[],"_links":{"self":[{"href":"https:\/\/agora.xtec.cat\/zer-solsones\/wp-json\/wp\/v2\/posts\/8926","targetHints":{"allow":["GET"]}}],"collection":[{"href":"https:\/\/agora.xtec.cat\/zer-solsones\/wp-json\/wp\/v2\/posts"}],"about":[{"href":"https:\/\/agora.xtec.cat\/zer-solsones\/wp-json\/wp\/v2\/types\/post"}],"author":[{"embeddable":true,"href":"https:\/\/agora.xtec.cat\/zer-solsones\/wp-json\/wp\/v2\/users\/10"}],"replies":[{"embeddable":true,"href":"https:\/\/agora.xtec.cat\/zer-solsones\/wp-json\/wp\/v2\/comments?post=8926"}],"version-history":[{"count":4,"href":"https:\/\/agora.xtec.cat\/zer-solsones\/wp-json\/wp\/v2\/posts\/8926\/revisions"}],"predecessor-version":[{"id":8996,"href":"https:\/\/agora.xtec.cat\/zer-solsones\/wp-json\/wp\/v2\/posts\/8926\/revisions\/8996"}],"wp:attachment":[{"href":"https:\/\/agora.xtec.cat\/zer-solsones\/wp-json\/wp\/v2\/media?parent=8926"}],"wp:term":[{"taxonomy":"category","embeddable":true,"href":"https:\/\/agora.xtec.cat\/zer-solsones\/wp-json\/wp\/v2\/categories?post=8926"},{"taxonomy":"post_tag","embeddable":true,"href":"https:\/\/agora.xtec.cat\/zer-solsones\/wp-json\/wp\/v2\/tags?post=8926"}],"curies":[{"name":"wp","href":"https:\/\/api.w.org\/{rel}","templated":true}]}}