{"id":7472,"date":"2023-11-06T20:37:04","date_gmt":"2023-11-06T19:37:04","guid":{"rendered":"https:\/\/agora.xtec.cat\/zer-riuiserra\/?p=7472"},"modified":"2023-11-06T20:37:04","modified_gmt":"2023-11-06T19:37:04","slug":"loteria-de-nadal-de-lampa","status":"publish","type":"post","link":"https:\/\/agora.xtec.cat\/zer-riuiserra\/general\/loteria-de-nadal-de-lampa\/","title":{"rendered":"LOTERIA DE NADAL DE L&#8217;AMPA"},"content":{"rendered":"<p>Ja tenim la<strong> LOTERIA DE NADAL DE L&#8217;AMPA<\/strong> !! No us podeu quedar sense!!!<\/p>\n<p>Podeu adquirir els d\u00e8cims a qualsevol dels\/les membres de l&#8217;AMPA:\u00a0 Cl\u00e0udio, Lucy, Oaia o Maite, o b\u00e9 als establiments del poble on deixem tots els anys els d\u00e8cims.<\/p>\n<p>Aquest any el n\u00famero \u00e9s el <strong>79695.<\/strong><\/p>\n<p>El preu dels d\u00e8cims s\u00f3n: 22 euros<\/p>\n<p>MOLTA SORT !!!<\/p>\n<p><a href=\"https:\/\/agora.xtec.cat\/zer-riuiserra\/wp-content\/uploads\/usu446\/2023\/11\/DECIM-LOTERIA-2023.jpg\"><img loading=\"lazy\" decoding=\"async\" class=\"alignnone size-large wp-image-7473\" src=\"https:\/\/agora.xtec.cat\/zer-riuiserra\/wp-content\/uploads\/usu446\/2023\/11\/DECIM-LOTERIA-2023-1024x653.jpg\" alt=\"\" width=\"1024\" height=\"653\" srcset=\"https:\/\/agora.xtec.cat\/zer-riuiserra\/wp-content\/uploads\/usu446\/2023\/11\/DECIM-LOTERIA-2023-1024x653.jpg 1024w, https:\/\/agora.xtec.cat\/zer-riuiserra\/wp-content\/uploads\/usu446\/2023\/11\/DECIM-LOTERIA-2023-300x191.jpg 300w, https:\/\/agora.xtec.cat\/zer-riuiserra\/wp-content\/uploads\/usu446\/2023\/11\/DECIM-LOTERIA-2023-768x490.jpg 768w, https:\/\/agora.xtec.cat\/zer-riuiserra\/wp-content\/uploads\/usu446\/2023\/11\/DECIM-LOTERIA-2023.jpg 1170w\" sizes=\"auto, (max-width: 1024px) 100vw, 1024px\" \/><\/a><\/p>\n","protected":false},"excerpt":{"rendered":"<p>Ja tenim la LOTERIA DE NADAL DE L&#8217;AMPA !! No us podeu quedar sense!!! Podeu adquirir els d\u00e8cims a qualsevol dels\/les membres de l&#8217;AMPA:\u00a0 Cl\u00e0udio, Lucy, Oaia o Maite, o b\u00e9 als establiments del poble on deixem tots els anys els d\u00e8cims. Aquest any el n\u00famero \u00e9s el 79695. El preu dels d\u00e8cims s\u00f3n: 22 [&hellip;]<\/p>\n","protected":false},"author":56,"featured_media":0,"comment_status":"open","ping_status":"closed","sticky":false,"template":"","format":"standard","meta":{"_bbp_topic_count":0,"_bbp_reply_count":0,"_bbp_total_topic_count":0,"_bbp_total_reply_count":0,"_bbp_voice_count":0,"_bbp_anonymous_reply_count":0,"_bbp_topic_count_hidden":0,"_bbp_reply_count_hidden":0,"_bbp_forum_subforum_count":0,"site-sidebar-layout":"default","site-content-layout":"","ast-site-content-layout":"","site-content-style":"default","site-sidebar-style":"default","ast-global-header-display":"","ast-banner-title-visibility":"","ast-main-header-display":"","ast-hfb-above-header-display":"","ast-hfb-below-header-display":"","ast-hfb-mobile-header-display":"","site-post-title":"","ast-breadcrumbs-content":"","ast-featured-img":"","footer-sml-layout":"","theme-transparent-header-meta":"","adv-header-id-meta":"","stick-header-meta":"","header-above-stick-meta":"","header-main-stick-meta":"","header-below-stick-meta":"","astra-migrate-meta-layouts":"default","ast-page-background-enabled":"default","ast-page-background-meta":{"desktop":{"background-color":"var(--ast-global-color-4)","background-image":"","background-repeat":"repeat","background-position":"center center","background-size":"auto","background-attachment":"scroll","background-type":"","background-media":"","overlay-type":"","overlay-color":"","overlay-opacity":"","overlay-gradient":""},"tablet":{"background-color":"","background-image":"","background-repeat":"repeat","background-position":"center center","background-size":"auto","background-attachment":"scroll","background-type":"","background-media":"","overlay-type":"","overlay-color":"","overlay-opacity":"","overlay-gradient":""},"mobile":{"background-color":"","background-image":"","background-repeat":"repeat","background-position":"center center","background-size":"auto","background-attachment":"scroll","background-type":"","background-media":"","overlay-type":"","overlay-color":"","overlay-opacity":"","overlay-gradient":""}},"ast-content-background-meta":{"desktop":{"background-color":"var(--ast-global-color-5)","background-image":"","background-repeat":"repeat","background-position":"center center","background-size":"auto","background-attachment":"scroll","background-type":"","background-media":"","overlay-type":"","overlay-color":"","overlay-opacity":"","overlay-gradient":""},"tablet":{"background-color":"var(--ast-global-color-5)","background-image":"","background-repeat":"repeat","background-position":"center center","background-size":"auto","background-attachment":"scroll","background-type":"","background-media":"","overlay-type":"","overlay-color":"","overlay-opacity":"","overlay-gradient":""},"mobile":{"background-color":"var(--ast-global-color-5)","background-image":"","background-repeat":"repeat","background-position":"center center","background-size":"auto","background-attachment":"scroll","background-type":"","background-media":"","overlay-type":"","overlay-color":"","overlay-opacity":"","overlay-gradient":""}},"footnotes":""},"categories":[76,156,157,154,149,1,155],"tags":[],"class_list":["post-7472","post","type-post","status-publish","format-standard","hentry","category-ampa-escola-aldover","category-cicle-mitja-aldover","category-cicle-superior-aldover","category-educacio-infantil-aldover","category-escola-aldover-2","category-general","category-cicle-inicial-aldover"],"post_mailing_queue_ids":[],"_links":{"self":[{"href":"https:\/\/agora.xtec.cat\/zer-riuiserra\/wp-json\/wp\/v2\/posts\/7472","targetHints":{"allow":["GET"]}}],"collection":[{"href":"https:\/\/agora.xtec.cat\/zer-riuiserra\/wp-json\/wp\/v2\/posts"}],"about":[{"href":"https:\/\/agora.xtec.cat\/zer-riuiserra\/wp-json\/wp\/v2\/types\/post"}],"author":[{"embeddable":true,"href":"https:\/\/agora.xtec.cat\/zer-riuiserra\/wp-json\/wp\/v2\/users\/56"}],"replies":[{"embeddable":true,"href":"https:\/\/agora.xtec.cat\/zer-riuiserra\/wp-json\/wp\/v2\/comments?post=7472"}],"version-history":[{"count":1,"href":"https:\/\/agora.xtec.cat\/zer-riuiserra\/wp-json\/wp\/v2\/posts\/7472\/revisions"}],"predecessor-version":[{"id":7474,"href":"https:\/\/agora.xtec.cat\/zer-riuiserra\/wp-json\/wp\/v2\/posts\/7472\/revisions\/7474"}],"wp:attachment":[{"href":"https:\/\/agora.xtec.cat\/zer-riuiserra\/wp-json\/wp\/v2\/media?parent=7472"}],"wp:term":[{"taxonomy":"category","embeddable":true,"href":"https:\/\/agora.xtec.cat\/zer-riuiserra\/wp-json\/wp\/v2\/categories?post=7472"},{"taxonomy":"post_tag","embeddable":true,"href":"https:\/\/agora.xtec.cat\/zer-riuiserra\/wp-json\/wp\/v2\/tags?post=7472"}],"curies":[{"name":"wp","href":"https:\/\/api.w.org\/{rel}","templated":true}]}}