{"id":2922,"date":"2019-10-09T17:20:00","date_gmt":"2019-10-09T15:20:00","guid":{"rendered":"http:\/\/agora.xtec.cat\/zer-riuiserra\/?p=2922"},"modified":"2019-10-09T17:29:23","modified_gmt":"2019-10-09T15:29:23","slug":"treballem-els-autors","status":"publish","type":"post","link":"https:\/\/agora.xtec.cat\/zer-riuiserra\/escola-benifallet\/treballem-els-autors\/","title":{"rendered":"Treballem els autors&#8230;"},"content":{"rendered":"<p><a href=\"https:\/\/agora.xtec.cat\/zer-riuiserra\/wp-content\/uploads\/usu446\/2019\/10\/Pablo_picasso_1.jpg\"><img loading=\"lazy\" decoding=\"async\" class=\"wp-image-2952 alignleft\" src=\"https:\/\/agora.xtec.cat\/zer-riuiserra\/wp-content\/uploads\/usu446\/2019\/10\/Pablo_picasso_1-871x1024.jpg\" alt=\"\" width=\"167\" height=\"197\" srcset=\"https:\/\/agora.xtec.cat\/zer-riuiserra\/wp-content\/uploads\/usu446\/2019\/10\/Pablo_picasso_1-871x1024.jpg 871w, https:\/\/agora.xtec.cat\/zer-riuiserra\/wp-content\/uploads\/usu446\/2019\/10\/Pablo_picasso_1-255x300.jpg 255w, https:\/\/agora.xtec.cat\/zer-riuiserra\/wp-content\/uploads\/usu446\/2019\/10\/Pablo_picasso_1-768x903.jpg 768w, https:\/\/agora.xtec.cat\/zer-riuiserra\/wp-content\/uploads\/usu446\/2019\/10\/Pablo_picasso_1.jpg 1080w\" sizes=\"auto, (max-width: 167px) 100vw, 167px\" \/><\/a>Bona tarda !!<\/p>\n<p>Ja hem comen\u00e7at el curs amb les piles carregades. Treballarem Pablo Picasso durant el primer trimestre a l&#8217;\u00e0rea de pl\u00e0stica. Un pintor andal\u00fas m\u00e9s reconegut del segle XX. En Picasso va n\u00e9ixer a M\u00e0laga al 1881 i ens va deixar als 91 anys per causes m\u00e8diques. Ara us toca a vosaltres investigar m\u00e9s i con\u00e8ixer aquest autor. Endavant nois i noies !!<\/p>\n","protected":false},"excerpt":{"rendered":"<p>Bona tarda !! Ja hem comen\u00e7at el curs amb les piles carregades. Treballarem Pablo Picasso durant el primer trimestre a l&#8217;\u00e0rea de pl\u00e0stica. Un pintor andal\u00fas m\u00e9s reconegut del segle XX. En Picasso va n\u00e9ixer a M\u00e0laga al 1881 i ens va deixar als 91 anys per causes m\u00e8diques. Ara us toca a vosaltres investigar [&hellip;]<\/p>\n","protected":false},"author":1,"featured_media":2952,"comment_status":"open","ping_status":"closed","sticky":false,"template":"","format":"standard","meta":{"_bbp_topic_count":0,"_bbp_reply_count":0,"_bbp_total_topic_count":0,"_bbp_total_reply_count":0,"_bbp_voice_count":0,"_bbp_anonymous_reply_count":0,"_bbp_topic_count_hidden":0,"_bbp_reply_count_hidden":0,"_bbp_forum_subforum_count":0,"site-sidebar-layout":"default","site-content-layout":"","ast-site-content-layout":"","site-content-style":"default","site-sidebar-style":"default","ast-global-header-display":"","ast-banner-title-visibility":"","ast-main-header-display":"","ast-hfb-above-header-display":"","ast-hfb-below-header-display":"","ast-hfb-mobile-header-display":"","site-post-title":"","ast-breadcrumbs-content":"","ast-featured-img":"","footer-sml-layout":"","theme-transparent-header-meta":"","adv-header-id-meta":"","stick-header-meta":"","header-above-stick-meta":"","header-main-stick-meta":"","header-below-stick-meta":"","astra-migrate-meta-layouts":"default","ast-page-background-enabled":"default","ast-page-background-meta":{"desktop":{"background-color":"var(--ast-global-color-4)","background-image":"","background-repeat":"repeat","background-position":"center center","background-size":"auto","background-attachment":"scroll","background-type":"","background-media":"","overlay-type":"","overlay-color":"","overlay-opacity":"","overlay-gradient":""},"tablet":{"background-color":"","background-image":"","background-repeat":"repeat","background-position":"center center","background-size":"auto","background-attachment":"scroll","background-type":"","background-media":"","overlay-type":"","overlay-color":"","overlay-opacity":"","overlay-gradient":""},"mobile":{"background-color":"","background-image":"","background-repeat":"repeat","background-position":"center center","background-size":"auto","background-attachment":"scroll","background-type":"","background-media":"","overlay-type":"","overlay-color":"","overlay-opacity":"","overlay-gradient":""}},"ast-content-background-meta":{"desktop":{"background-color":"var(--ast-global-color-5)","background-image":"","background-repeat":"repeat","background-position":"center center","background-size":"auto","background-attachment":"scroll","background-type":"","background-media":"","overlay-type":"","overlay-color":"","overlay-opacity":"","overlay-gradient":""},"tablet":{"background-color":"var(--ast-global-color-5)","background-image":"","background-repeat":"repeat","background-position":"center center","background-size":"auto","background-attachment":"scroll","background-type":"","background-media":"","overlay-type":"","overlay-color":"","overlay-opacity":"","overlay-gradient":""},"mobile":{"background-color":"var(--ast-global-color-5)","background-image":"","background-repeat":"repeat","background-position":"center center","background-size":"auto","background-attachment":"scroll","background-type":"","background-media":"","overlay-type":"","overlay-color":"","overlay-opacity":"","overlay-gradient":""}},"footnotes":""},"categories":[73,74,68,71],"tags":[],"class_list":["post-2922","post","type-post","status-publish","format-standard","has-post-thumbnail","hentry","category-1r-2n-3r","category-4t-5e-6e","category-escola-benifallet","category-p3-p4-p5"],"post_mailing_queue_ids":[],"_links":{"self":[{"href":"https:\/\/agora.xtec.cat\/zer-riuiserra\/wp-json\/wp\/v2\/posts\/2922","targetHints":{"allow":["GET"]}}],"collection":[{"href":"https:\/\/agora.xtec.cat\/zer-riuiserra\/wp-json\/wp\/v2\/posts"}],"about":[{"href":"https:\/\/agora.xtec.cat\/zer-riuiserra\/wp-json\/wp\/v2\/types\/post"}],"author":[{"embeddable":true,"href":"https:\/\/agora.xtec.cat\/zer-riuiserra\/wp-json\/wp\/v2\/users\/1"}],"replies":[{"embeddable":true,"href":"https:\/\/agora.xtec.cat\/zer-riuiserra\/wp-json\/wp\/v2\/comments?post=2922"}],"version-history":[{"count":4,"href":"https:\/\/agora.xtec.cat\/zer-riuiserra\/wp-json\/wp\/v2\/posts\/2922\/revisions"}],"predecessor-version":[{"id":3083,"href":"https:\/\/agora.xtec.cat\/zer-riuiserra\/wp-json\/wp\/v2\/posts\/2922\/revisions\/3083"}],"wp:featuredmedia":[{"embeddable":true,"href":"https:\/\/agora.xtec.cat\/zer-riuiserra\/wp-json\/wp\/v2\/media\/2952"}],"wp:attachment":[{"href":"https:\/\/agora.xtec.cat\/zer-riuiserra\/wp-json\/wp\/v2\/media?parent=2922"}],"wp:term":[{"taxonomy":"category","embeddable":true,"href":"https:\/\/agora.xtec.cat\/zer-riuiserra\/wp-json\/wp\/v2\/categories?post=2922"},{"taxonomy":"post_tag","embeddable":true,"href":"https:\/\/agora.xtec.cat\/zer-riuiserra\/wp-json\/wp\/v2\/tags?post=2922"}],"curies":[{"name":"wp","href":"https:\/\/api.w.org\/{rel}","templated":true}]}}