{"id":6246,"date":"2026-04-23T14:20:40","date_gmt":"2026-04-23T12:20:40","guid":{"rendered":"https:\/\/agora.xtec.cat\/zer-requesens\/?p=6246"},"modified":"2026-04-24T13:29:42","modified_gmt":"2026-04-24T11:29:42","slug":"concurs-gust-per-la-lectura","status":"publish","type":"post","link":"https:\/\/agora.xtec.cat\/zer-requesens\/darnius\/concurs-gust-per-la-lectura\/","title":{"rendered":"Concurs &#8220;El gust per la lectura&#8221;"},"content":{"rendered":"<div><a href=\"https:\/\/drive.google.com\/drive\/folders\/1Y9lBJdv--3OBk9uuEl78NeJNfFhesU26?usp=sharing\"><img loading=\"lazy\" decoding=\"async\" class=\"alignnone size-full wp-image-6247\" src=\"https:\/\/agora.xtec.cat\/zer-requesens\/wp-content\/uploads\/usu993\/2026\/04\/PORTADES-BLOG-4.png\" alt=\"\" width=\"2000\" height=\"1010\" srcset=\"https:\/\/agora.xtec.cat\/zer-requesens\/wp-content\/uploads\/usu993\/2026\/04\/PORTADES-BLOG-4.png 2000w, https:\/\/agora.xtec.cat\/zer-requesens\/wp-content\/uploads\/usu993\/2026\/04\/PORTADES-BLOG-4-300x152.png 300w, https:\/\/agora.xtec.cat\/zer-requesens\/wp-content\/uploads\/usu993\/2026\/04\/PORTADES-BLOG-4-1024x517.png 1024w, https:\/\/agora.xtec.cat\/zer-requesens\/wp-content\/uploads\/usu993\/2026\/04\/PORTADES-BLOG-4-768x388.png 768w, https:\/\/agora.xtec.cat\/zer-requesens\/wp-content\/uploads\/usu993\/2026\/04\/PORTADES-BLOG-4-1536x776.png 1536w\" sizes=\"auto, (max-width: 2000px) 100vw, 2000px\" \/><\/a><\/div>\n<div><\/div>\n<div>Durant aquest curs l&#8217;alumnat de cicle mitj\u00e0 i superior han dut a terme unes activitats relacionades amb el concurs &#8220;Gust per la lectura&#8221;.<\/div>\n<div><\/div>\n<div>L\u2019alumnat de tercer de prim\u00e0ria, despr\u00e9s de la lectura compartida del llibre <em>Contes de fantasmes de l\u2019avi<\/em>, ha creat col\u00b7lectivament una can\u00e7\u00f3 de rap basada en els moments m\u00e9s rellevants de la hist\u00f2ria. Han inventat rimes pr\u00f2pies, han seleccionat vocabulari significatiu del conte i han treballat l\u2019expressi\u00f3 oral i musical interpretant la composici\u00f3 final.<\/div>\n<div><\/div>\n<div>L\u2019alumnat de cinqu\u00e8 i sis\u00e8 de prim\u00e0ria, despr\u00e9s de la lectura compartida del llibre<em> R\u00f2nia, la filla del bandoler<\/em>, ha elaborat unes nyacres t\u00edpiques de l\u2019Empord\u00e0 inspirades en l\u2019univers del conte. A partir de la hist\u00f2ria, els infants han relacionat elements del relat amb la cultura i les tradicions del territori, desenvolupant una proposta creativa i manipulativa vinculada a la lectura.<\/div>\n<div><\/div>\n<div>Esperem que us agradi!<\/div>\n<div class=\"yj6qo\"><\/div>\n<div class=\"adL\"><\/div>\n","protected":false},"excerpt":{"rendered":"<p><a href=\"https:\/\/drive.google.com\/drive\/folders\/1Y9lBJdv--3OBk9uuEl78NeJNfFhesU26?usp=sharing\"><\/a><\/p>\n<p>Durant aquest curs l&#8217;alumnat de cicle mitj\u00e0 i superior han dut a terme unes activitats relacionades amb el concurs &#8220;Gust per la lectura&#8221;.<\/p>\n<p>L\u2019alumnat de tercer de prim\u00e0ria, despr\u00e9s de la lectura compartida del llibre Contes de fantasmes de l\u2019avi, ha creat col\u00b7lectivament una can\u00e7\u00f3&hellip;  <a href=\"https:\/\/agora.xtec.cat\/zer-requesens\/darnius\/concurs-gust-per-la-lectura\/\" title=\"Read Concurs &#8220;El gust per la lectura&#8221;\">Llegeix m\u00e9s\u00bb<\/a><\/p>\n","protected":false},"author":1,"featured_media":6247,"comment_status":"open","ping_status":"open","sticky":false,"template":"","format":"standard","meta":{"_bbp_topic_count":0,"_bbp_reply_count":0,"_bbp_total_topic_count":0,"_bbp_total_reply_count":0,"_bbp_voice_count":0,"_bbp_anonymous_reply_count":0,"_bbp_topic_count_hidden":0,"_bbp_reply_count_hidden":0,"_bbp_forum_subforum_count":0,"footnotes":""},"categories":[59],"tags":[],"class_list":["post-6246","post","type-post","status-publish","format-standard","has-post-thumbnail","hentry","category-darnius"],"post_mailing_queue_ids":[],"_links":{"self":[{"href":"https:\/\/agora.xtec.cat\/zer-requesens\/wp-json\/wp\/v2\/posts\/6246","targetHints":{"allow":["GET"]}}],"collection":[{"href":"https:\/\/agora.xtec.cat\/zer-requesens\/wp-json\/wp\/v2\/posts"}],"about":[{"href":"https:\/\/agora.xtec.cat\/zer-requesens\/wp-json\/wp\/v2\/types\/post"}],"author":[{"embeddable":true,"href":"https:\/\/agora.xtec.cat\/zer-requesens\/wp-json\/wp\/v2\/users\/1"}],"replies":[{"embeddable":true,"href":"https:\/\/agora.xtec.cat\/zer-requesens\/wp-json\/wp\/v2\/comments?post=6246"}],"version-history":[{"count":3,"href":"https:\/\/agora.xtec.cat\/zer-requesens\/wp-json\/wp\/v2\/posts\/6246\/revisions"}],"predecessor-version":[{"id":6254,"href":"https:\/\/agora.xtec.cat\/zer-requesens\/wp-json\/wp\/v2\/posts\/6246\/revisions\/6254"}],"wp:featuredmedia":[{"embeddable":true,"href":"https:\/\/agora.xtec.cat\/zer-requesens\/wp-json\/wp\/v2\/media\/6247"}],"wp:attachment":[{"href":"https:\/\/agora.xtec.cat\/zer-requesens\/wp-json\/wp\/v2\/media?parent=6246"}],"wp:term":[{"taxonomy":"category","embeddable":true,"href":"https:\/\/agora.xtec.cat\/zer-requesens\/wp-json\/wp\/v2\/categories?post=6246"},{"taxonomy":"post_tag","embeddable":true,"href":"https:\/\/agora.xtec.cat\/zer-requesens\/wp-json\/wp\/v2\/tags?post=6246"}],"curies":[{"name":"wp","href":"https:\/\/api.w.org\/{rel}","templated":true}]}}