{"id":5318,"date":"2024-05-17T22:19:10","date_gmt":"2024-05-17T20:19:10","guid":{"rendered":"https:\/\/agora.xtec.cat\/zer-requesens\/?p=5318"},"modified":"2024-11-05T15:10:37","modified_gmt":"2024-11-05T14:10:37","slug":"loliverar-de-cal-coixa","status":"publish","type":"post","link":"https:\/\/agora.xtec.cat\/zer-requesens\/espolla\/loliverar-de-cal-coixa\/","title":{"rendered":"L\u2019Oliverar de Cal Coixa"},"content":{"rendered":"<p>L\u2019estiu del 2023 es va instal\u00b7lar la primera biblioteca a l\u2019Oliverar de Cal Coixa d\u2019Espolla (Alt Empord\u00e0).<\/p>\n<p>Avui, 17 de maig de 2024, la Fundaci\u00f3 Art&amp;Paraula ens ha organitzat una activitat liter\u00e0ria recitant poemes de Miquel Mart\u00ed Pol. Nosaltres, al llarg de la setmana, tamb\u00e9 hem apr\u00e8s poemes d&#8217;altres poetes i els hem recitat en aquest oliverar. Els alumnes de CM i CS, han recitat haikus creats per ells. Hem pogut mirar contes i llibres a sota les oliveres. Hem acabat la tarda compartint un berenar de pa amb xocolata.<\/p>\n<p style=\"text-align: center;\"><strong>Pa amb xocolata<\/strong><\/p>\n<p style=\"text-align: center;\">Un bon tros de xocolata<\/p>\n<p style=\"text-align: center;\">i un boc\u00ed petit de pa<\/p>\n<p style=\"text-align: center;\">s\u00f3n la soluci\u00f3 m\u00e9s bona<\/p>\n<p style=\"text-align: center;\">per berenar.<\/p>\n<p style=\"text-align: center;\">El pa sempre allarga massa,<\/p>\n<p style=\"text-align: center;\">la xocolata fa curt,<\/p>\n<p style=\"text-align: center;\">i aix\u00ed el compte de la vella<\/p>\n<p style=\"text-align: center;\">mai no surt.<\/p>\n<p style=\"text-align: center;\">Per\u00f2 si no surt el compte<\/p>\n<p style=\"text-align: center;\">tant se val, que res no hi ha<\/p>\n<p style=\"text-align: center;\">com el pa i la xocolata<\/p>\n<p style=\"text-align: center;\">per berenar.<\/p>\n<p style=\"text-align: center;\"><strong>Miquel Mart\u00ed Pol<\/strong><\/p>\n<p><a href=\"https:\/\/drive.google.com\/drive\/folders\/1-TXkipHHrdYiH7Gb3QoNA9z1wfe3Si_y?usp=drive_link\"><img loading=\"lazy\" decoding=\"async\" class=\"alignnone size-full wp-image-5319\" src=\"https:\/\/agora.xtec.cat\/zer-requesens\/wp-content\/uploads\/usu993\/2024\/05\/IMG_8214.jpg\" alt=\"\" width=\"911\" height=\"671\" srcset=\"https:\/\/agora.xtec.cat\/zer-requesens\/wp-content\/uploads\/usu993\/2024\/05\/IMG_8214.jpg 911w, https:\/\/agora.xtec.cat\/zer-requesens\/wp-content\/uploads\/usu993\/2024\/05\/IMG_8214-300x221.jpg 300w, https:\/\/agora.xtec.cat\/zer-requesens\/wp-content\/uploads\/usu993\/2024\/05\/IMG_8214-768x566.jpg 768w\" sizes=\"auto, (max-width: 911px) 100vw, 911px\" \/><\/a><\/p>\n","protected":false},"excerpt":{"rendered":"<p>L\u2019estiu del 2023 es va instal\u00b7lar la primera biblioteca a l\u2019Oliverar de Cal Coixa d\u2019Espolla (Alt Empord\u00e0).<br \/>\nAvui, 17 de maig de 2024, la Fundaci\u00f3 Art&amp;Paraula ens ha organitzat una activitat liter\u00e0ria recitant poemes de Miquel Mart\u00ed Pol. Nosaltres, al llarg de la setmana, tamb\u00e9 hem&hellip;  <a href=\"https:\/\/agora.xtec.cat\/zer-requesens\/espolla\/loliverar-de-cal-coixa\/\" title=\"Read L\u2019Oliverar de Cal Coixa\">Llegeix m\u00e9s\u00bb<\/a><\/p>\n","protected":false},"author":1,"featured_media":5319,"comment_status":"open","ping_status":"closed","sticky":false,"template":"","format":"standard","meta":{"_bbp_topic_count":0,"_bbp_reply_count":0,"_bbp_total_topic_count":0,"_bbp_total_reply_count":0,"_bbp_voice_count":0,"_bbp_anonymous_reply_count":0,"_bbp_topic_count_hidden":0,"_bbp_reply_count_hidden":0,"_bbp_forum_subforum_count":0,"footnotes":""},"categories":[69],"tags":[],"class_list":["post-5318","post","type-post","status-publish","format-standard","has-post-thumbnail","hentry","category-espolla"],"post_mailing_queue_ids":[],"_links":{"self":[{"href":"https:\/\/agora.xtec.cat\/zer-requesens\/wp-json\/wp\/v2\/posts\/5318","targetHints":{"allow":["GET"]}}],"collection":[{"href":"https:\/\/agora.xtec.cat\/zer-requesens\/wp-json\/wp\/v2\/posts"}],"about":[{"href":"https:\/\/agora.xtec.cat\/zer-requesens\/wp-json\/wp\/v2\/types\/post"}],"author":[{"embeddable":true,"href":"https:\/\/agora.xtec.cat\/zer-requesens\/wp-json\/wp\/v2\/users\/1"}],"replies":[{"embeddable":true,"href":"https:\/\/agora.xtec.cat\/zer-requesens\/wp-json\/wp\/v2\/comments?post=5318"}],"version-history":[{"count":4,"href":"https:\/\/agora.xtec.cat\/zer-requesens\/wp-json\/wp\/v2\/posts\/5318\/revisions"}],"predecessor-version":[{"id":5323,"href":"https:\/\/agora.xtec.cat\/zer-requesens\/wp-json\/wp\/v2\/posts\/5318\/revisions\/5323"}],"wp:featuredmedia":[{"embeddable":true,"href":"https:\/\/agora.xtec.cat\/zer-requesens\/wp-json\/wp\/v2\/media\/5319"}],"wp:attachment":[{"href":"https:\/\/agora.xtec.cat\/zer-requesens\/wp-json\/wp\/v2\/media?parent=5318"}],"wp:term":[{"taxonomy":"category","embeddable":true,"href":"https:\/\/agora.xtec.cat\/zer-requesens\/wp-json\/wp\/v2\/categories?post=5318"},{"taxonomy":"post_tag","embeddable":true,"href":"https:\/\/agora.xtec.cat\/zer-requesens\/wp-json\/wp\/v2\/tags?post=5318"}],"curies":[{"name":"wp","href":"https:\/\/api.w.org\/{rel}","templated":true}]}}