{"id":5284,"date":"2024-04-26T14:32:58","date_gmt":"2024-04-26T12:32:58","guid":{"rendered":"https:\/\/agora.xtec.cat\/zer-requesens\/?p=5284"},"modified":"2024-11-05T15:12:59","modified_gmt":"2024-11-05T14:12:59","slug":"terracotta-museu-ci","status":"publish","type":"post","link":"https:\/\/agora.xtec.cat\/zer-requesens\/general\/terracotta-museu-ci\/","title":{"rendered":"Terracotta Museu CI"},"content":{"rendered":"<p><img loading=\"lazy\" decoding=\"async\" class=\"wp-image-5285 size-medium alignleft\" src=\"https:\/\/agora.xtec.cat\/zer-requesens\/wp-content\/uploads\/usu993\/2024\/04\/587ef017-25c8-41d9-a1ad-bbb83780aca3-169x300.jpeg\" alt=\"\" width=\"169\" height=\"300\" srcset=\"https:\/\/agora.xtec.cat\/zer-requesens\/wp-content\/uploads\/usu993\/2024\/04\/587ef017-25c8-41d9-a1ad-bbb83780aca3-169x300.jpeg 169w, https:\/\/agora.xtec.cat\/zer-requesens\/wp-content\/uploads\/usu993\/2024\/04\/587ef017-25c8-41d9-a1ad-bbb83780aca3-576x1024.jpeg 576w, https:\/\/agora.xtec.cat\/zer-requesens\/wp-content\/uploads\/usu993\/2024\/04\/587ef017-25c8-41d9-a1ad-bbb83780aca3-768x1365.jpeg 768w, https:\/\/agora.xtec.cat\/zer-requesens\/wp-content\/uploads\/usu993\/2024\/04\/587ef017-25c8-41d9-a1ad-bbb83780aca3-864x1536.jpeg 864w, https:\/\/agora.xtec.cat\/zer-requesens\/wp-content\/uploads\/usu993\/2024\/04\/587ef017-25c8-41d9-a1ad-bbb83780aca3.jpeg 900w\" sizes=\"auto, (max-width: 169px) 100vw, 169px\" \/>Avui ha tocat el torn a l\u2019alumnat de Cicle Inicial fer la visita al Terracotta Museu de La Bisbal d\u2019Empord\u00e0. Ens han explicat els or\u00edgens ceramistes de la vila, com es treballava abans i ara la terrissa, les rajoles. Hem vist tot el proc\u00e9s des de l\u2019obtenci\u00f3 del fang, l\u2019elaboraci\u00f3 i cocci\u00f3 de les peces. Despr\u00e9s hem fet un taller on hem creat el nostre tauler per a jugar el 3 en ratlla. Visita super interessant!!<\/p>\n","protected":false},"excerpt":{"rendered":"<p>Avui ha tocat el torn a l\u2019alumnat de Cicle Inicial fer la visita al Terracotta Museu de La Bisbal d\u2019Empord\u00e0. Ens han explicat els or\u00edgens ceramistes de la vila, com es treballava abans i ara la terrissa, les rajoles. Hem vist tot el proc\u00e9s des&hellip;  <a href=\"https:\/\/agora.xtec.cat\/zer-requesens\/general\/terracotta-museu-ci\/\" title=\"Read Terracotta Museu CI\">Llegeix m\u00e9s\u00bb<\/a><\/p>\n","protected":false},"author":1,"featured_media":5285,"comment_status":"open","ping_status":"closed","sticky":false,"template":"","format":"standard","meta":{"_bbp_topic_count":0,"_bbp_reply_count":0,"_bbp_total_topic_count":0,"_bbp_total_reply_count":0,"_bbp_voice_count":0,"_bbp_anonymous_reply_count":0,"_bbp_topic_count_hidden":0,"_bbp_reply_count_hidden":0,"_bbp_forum_subforum_count":0,"footnotes":""},"categories":[1,29],"tags":[],"class_list":["post-5284","post","type-post","status-publish","format-standard","has-post-thumbnail","hentry","category-general","category-portada"],"post_mailing_queue_ids":[],"_links":{"self":[{"href":"https:\/\/agora.xtec.cat\/zer-requesens\/wp-json\/wp\/v2\/posts\/5284","targetHints":{"allow":["GET"]}}],"collection":[{"href":"https:\/\/agora.xtec.cat\/zer-requesens\/wp-json\/wp\/v2\/posts"}],"about":[{"href":"https:\/\/agora.xtec.cat\/zer-requesens\/wp-json\/wp\/v2\/types\/post"}],"author":[{"embeddable":true,"href":"https:\/\/agora.xtec.cat\/zer-requesens\/wp-json\/wp\/v2\/users\/1"}],"replies":[{"embeddable":true,"href":"https:\/\/agora.xtec.cat\/zer-requesens\/wp-json\/wp\/v2\/comments?post=5284"}],"version-history":[{"count":4,"href":"https:\/\/agora.xtec.cat\/zer-requesens\/wp-json\/wp\/v2\/posts\/5284\/revisions"}],"predecessor-version":[{"id":5469,"href":"https:\/\/agora.xtec.cat\/zer-requesens\/wp-json\/wp\/v2\/posts\/5284\/revisions\/5469"}],"wp:featuredmedia":[{"embeddable":true,"href":"https:\/\/agora.xtec.cat\/zer-requesens\/wp-json\/wp\/v2\/media\/5285"}],"wp:attachment":[{"href":"https:\/\/agora.xtec.cat\/zer-requesens\/wp-json\/wp\/v2\/media?parent=5284"}],"wp:term":[{"taxonomy":"category","embeddable":true,"href":"https:\/\/agora.xtec.cat\/zer-requesens\/wp-json\/wp\/v2\/categories?post=5284"},{"taxonomy":"post_tag","embeddable":true,"href":"https:\/\/agora.xtec.cat\/zer-requesens\/wp-json\/wp\/v2\/tags?post=5284"}],"curies":[{"name":"wp","href":"https:\/\/api.w.org\/{rel}","templated":true}]}}