{"id":5270,"date":"2024-04-24T11:02:05","date_gmt":"2024-04-24T09:02:05","guid":{"rendered":"https:\/\/agora.xtec.cat\/zer-requesens\/?p=5270"},"modified":"2024-11-05T15:14:21","modified_gmt":"2024-11-05T14:14:21","slug":"inaugurem-lexposicio","status":"publish","type":"post","link":"https:\/\/agora.xtec.cat\/zer-requesens\/espolla\/inaugurem-lexposicio\/","title":{"rendered":"Inaugurem l&#8217;exposici\u00f3"},"content":{"rendered":"<p>El 23 d\u2019abril, diada de Sant Jordi, tots els nens i nenes de l\u2019escola hem anat a la parada que tenia l\u2019AFA de l\u2019escola a la pla\u00e7a Sant Jaume. Hem pogut mirar els contes i llibres que hi havia.<\/p>\n<p>A la tarda hem inaugurat l\u2019exposici\u00f3 ART I CI\u00c8NCIA, a la sala del Sindicat, amb els treballs que hem fet a l\u2019escola.<\/p>\n<p>Ha vingut molta gent i els hi hem explicat com hem elaborat aquests treballs. Els m\u00e9s petits tamb\u00e9 han recitat poemes i can\u00e7ons de Sant Jordi i els m\u00e9s grans han finalitzat la diada amb un recull de les activitats que van anar fent, amb la gent gran, aquestes \u00faltimes setmanes.<\/p>\n<p>Moltes gr\u00e0cies a l\u2019AFA i a l\u2019ajuntament per aquest dia tan especial.<\/p>\n<p><img loading=\"lazy\" decoding=\"async\" class=\"alignnone size-full wp-image-5271\" src=\"https:\/\/agora.xtec.cat\/zer-requesens\/wp-content\/uploads\/usu993\/2024\/04\/IMG_7676.jpg\" alt=\"\" width=\"1008\" height=\"756\" srcset=\"https:\/\/agora.xtec.cat\/zer-requesens\/wp-content\/uploads\/usu993\/2024\/04\/IMG_7676.jpg 1008w, https:\/\/agora.xtec.cat\/zer-requesens\/wp-content\/uploads\/usu993\/2024\/04\/IMG_7676-300x225.jpg 300w, https:\/\/agora.xtec.cat\/zer-requesens\/wp-content\/uploads\/usu993\/2024\/04\/IMG_7676-768x576.jpg 768w, https:\/\/agora.xtec.cat\/zer-requesens\/wp-content\/uploads\/usu993\/2024\/04\/IMG_7676-200x150.jpg 200w\" sizes=\"auto, (max-width: 1008px) 100vw, 1008px\" \/><\/p>\n","protected":false},"excerpt":{"rendered":"<p>El 23 d\u2019abril, diada de Sant Jordi, tots els nens i nenes de l\u2019escola hem anat a la parada que tenia l\u2019AFA de l\u2019escola a la pla\u00e7a Sant Jaume. Hem pogut mirar els contes i llibres que hi havia.<br \/>\nA la tarda hem inaugurat l\u2019exposici\u00f3 ART&hellip;  <a href=\"https:\/\/agora.xtec.cat\/zer-requesens\/espolla\/inaugurem-lexposicio\/\" title=\"Read Inaugurem l&#8217;exposici\u00f3\">Llegeix m\u00e9s\u00bb<\/a><\/p>\n","protected":false},"author":1,"featured_media":5271,"comment_status":"open","ping_status":"closed","sticky":false,"template":"","format":"standard","meta":{"_bbp_topic_count":0,"_bbp_reply_count":0,"_bbp_total_topic_count":0,"_bbp_total_reply_count":0,"_bbp_voice_count":0,"_bbp_anonymous_reply_count":0,"_bbp_topic_count_hidden":0,"_bbp_reply_count_hidden":0,"_bbp_forum_subforum_count":0,"footnotes":""},"categories":[78,69],"tags":[],"class_list":["post-5270","post","type-post","status-publish","format-standard","has-post-thumbnail","hentry","category-ampa-escola-gamma","category-espolla"],"post_mailing_queue_ids":[],"_links":{"self":[{"href":"https:\/\/agora.xtec.cat\/zer-requesens\/wp-json\/wp\/v2\/posts\/5270","targetHints":{"allow":["GET"]}}],"collection":[{"href":"https:\/\/agora.xtec.cat\/zer-requesens\/wp-json\/wp\/v2\/posts"}],"about":[{"href":"https:\/\/agora.xtec.cat\/zer-requesens\/wp-json\/wp\/v2\/types\/post"}],"author":[{"embeddable":true,"href":"https:\/\/agora.xtec.cat\/zer-requesens\/wp-json\/wp\/v2\/users\/1"}],"replies":[{"embeddable":true,"href":"https:\/\/agora.xtec.cat\/zer-requesens\/wp-json\/wp\/v2\/comments?post=5270"}],"version-history":[{"count":2,"href":"https:\/\/agora.xtec.cat\/zer-requesens\/wp-json\/wp\/v2\/posts\/5270\/revisions"}],"predecessor-version":[{"id":5472,"href":"https:\/\/agora.xtec.cat\/zer-requesens\/wp-json\/wp\/v2\/posts\/5270\/revisions\/5472"}],"wp:featuredmedia":[{"embeddable":true,"href":"https:\/\/agora.xtec.cat\/zer-requesens\/wp-json\/wp\/v2\/media\/5271"}],"wp:attachment":[{"href":"https:\/\/agora.xtec.cat\/zer-requesens\/wp-json\/wp\/v2\/media?parent=5270"}],"wp:term":[{"taxonomy":"category","embeddable":true,"href":"https:\/\/agora.xtec.cat\/zer-requesens\/wp-json\/wp\/v2\/categories?post=5270"},{"taxonomy":"post_tag","embeddable":true,"href":"https:\/\/agora.xtec.cat\/zer-requesens\/wp-json\/wp\/v2\/tags?post=5270"}],"curies":[{"name":"wp","href":"https:\/\/api.w.org\/{rel}","templated":true}]}}