{"id":4422,"date":"2023-11-03T16:29:06","date_gmt":"2023-11-03T15:29:06","guid":{"rendered":"https:\/\/agora.xtec.cat\/zer-requesens\/?p=4422"},"modified":"2024-11-05T15:27:29","modified_gmt":"2024-11-05T14:27:29","slug":"castanyada-darnius-2023","status":"publish","type":"post","link":"https:\/\/agora.xtec.cat\/zer-requesens\/darnius\/castanyada-darnius-2023\/","title":{"rendered":"Castanyada Darnius 2023!"},"content":{"rendered":"<p>El passat divendres 27 d&#8217;octubre vam celebrar la castanyada a l&#8217;escola juntament amb la llar. Va ser una tarda molt divertida on l&#8217;alumnat de l&#8217;escola ens va recitar poemes de tardor, els m\u00e9s grans ens van ballar la dansa del paper de diari i tots junts vam cantar i ballar la Rumba de les Castanyes. En aquest enlla\u00e7 podeu veure el v\u00eddeo de la diada. Moltes gr\u00e0cies fam\u00edlies per venir i a l&#8217;AFA per torrar les castanyes i fer-ho possible!<\/p>\n<p><img loading=\"lazy\" decoding=\"async\" class=\"size-large wp-image-4868 aligncenter\" src=\"https:\/\/agora.xtec.cat\/zer-requesens\/wp-content\/uploads\/usu993\/2023\/11\/darnius-1024x522.jpg\" alt=\"\" width=\"1024\" height=\"522\" srcset=\"https:\/\/agora.xtec.cat\/zer-requesens\/wp-content\/uploads\/usu993\/2023\/11\/darnius-1024x522.jpg 1024w, https:\/\/agora.xtec.cat\/zer-requesens\/wp-content\/uploads\/usu993\/2023\/11\/darnius-300x153.jpg 300w, https:\/\/agora.xtec.cat\/zer-requesens\/wp-content\/uploads\/usu993\/2023\/11\/darnius-768x392.jpg 768w, https:\/\/agora.xtec.cat\/zer-requesens\/wp-content\/uploads\/usu993\/2023\/11\/darnius.jpg 1273w\" sizes=\"auto, (max-width: 1024px) 100vw, 1024px\" \/><\/p>\n<p style=\"text-align: center;\"><a href=\"https:\/\/drive.google.com\/file\/d\/1uHnMK0st0ysYc511KqO1abYFrXi5Sgab\/view?usp=drive_link\">enlla\u00e7 al v\u00eddeo<\/a><\/p>\n","protected":false},"excerpt":{"rendered":"<p>El passat divendres 27 d&#8217;octubre vam celebrar la castanyada a l&#8217;escola juntament amb la llar. Va ser una tarda molt divertida on l&#8217;alumnat de l&#8217;escola ens va recitar poemes de tardor, els m\u00e9s grans ens van ballar la dansa del paper de diari i tots junts vam cantar i ballar la Rumba de les Castanyes. En aquest enlla\u00e7 podeu veure el v\u00eddeo de la diada. Moltes gr\u00e0cies fam\u00edlies per venir i a l&#8217;AFA per torrar les castanyes i fer-ho possible!&hellip;  <a href=\"https:\/\/agora.xtec.cat\/zer-requesens\/darnius\/castanyada-darnius-2023\/\" title=\"Read Castanyada Darnius 2023!\">Llegeix m\u00e9s\u00bb<\/a><\/p>\n","protected":false},"author":29,"featured_media":4423,"comment_status":"open","ping_status":"closed","sticky":false,"template":"","format":"standard","meta":{"_bbp_topic_count":0,"_bbp_reply_count":0,"_bbp_total_topic_count":0,"_bbp_total_reply_count":0,"_bbp_voice_count":0,"_bbp_anonymous_reply_count":0,"_bbp_topic_count_hidden":0,"_bbp_reply_count_hidden":0,"_bbp_forum_subforum_count":0,"footnotes":""},"categories":[76,59],"tags":[],"class_list":["post-4422","post","type-post","status-publish","format-standard","has-post-thumbnail","hentry","category-ampa-escola-alfa","category-darnius"],"post_mailing_queue_ids":[],"_links":{"self":[{"href":"https:\/\/agora.xtec.cat\/zer-requesens\/wp-json\/wp\/v2\/posts\/4422","targetHints":{"allow":["GET"]}}],"collection":[{"href":"https:\/\/agora.xtec.cat\/zer-requesens\/wp-json\/wp\/v2\/posts"}],"about":[{"href":"https:\/\/agora.xtec.cat\/zer-requesens\/wp-json\/wp\/v2\/types\/post"}],"author":[{"embeddable":true,"href":"https:\/\/agora.xtec.cat\/zer-requesens\/wp-json\/wp\/v2\/users\/29"}],"replies":[{"embeddable":true,"href":"https:\/\/agora.xtec.cat\/zer-requesens\/wp-json\/wp\/v2\/comments?post=4422"}],"version-history":[{"count":5,"href":"https:\/\/agora.xtec.cat\/zer-requesens\/wp-json\/wp\/v2\/posts\/4422\/revisions"}],"predecessor-version":[{"id":5504,"href":"https:\/\/agora.xtec.cat\/zer-requesens\/wp-json\/wp\/v2\/posts\/4422\/revisions\/5504"}],"wp:featuredmedia":[{"embeddable":true,"href":"https:\/\/agora.xtec.cat\/zer-requesens\/wp-json\/wp\/v2\/media\/4423"}],"wp:attachment":[{"href":"https:\/\/agora.xtec.cat\/zer-requesens\/wp-json\/wp\/v2\/media?parent=4422"}],"wp:term":[{"taxonomy":"category","embeddable":true,"href":"https:\/\/agora.xtec.cat\/zer-requesens\/wp-json\/wp\/v2\/categories?post=4422"},{"taxonomy":"post_tag","embeddable":true,"href":"https:\/\/agora.xtec.cat\/zer-requesens\/wp-json\/wp\/v2\/tags?post=4422"}],"curies":[{"name":"wp","href":"https:\/\/api.w.org\/{rel}","templated":true}]}}