{"id":4141,"date":"2023-05-04T14:11:32","date_gmt":"2023-05-04T12:11:32","guid":{"rendered":"https:\/\/agora.xtec.cat\/zer-requesens\/?p=4141"},"modified":"2023-05-05T15:05:40","modified_gmt":"2023-05-05T13:05:40","slug":"rodaesport-la-jonquera-2","status":"publish","type":"post","link":"https:\/\/agora.xtec.cat\/zer-requesens\/general\/rodaesport-la-jonquera-2\/","title":{"rendered":"Rodaesport La Jonquera"},"content":{"rendered":"<p>El passat 25 d&#8217;abril l&#8217;alumnat de 5\u00e8 i 6\u00e8 de la ZER vam participar al Rodaesport de La Jonquera. Durant tot el mat\u00ed vam anar passant per les nou estacions dels diferents esports: tennis-taula, b\u00e0dminton, b\u00e8isbol, colpbol, boccia, esgrima, korfbol&#8230; tot d&#8217;esports que hav\u00edem practicat a l&#8217;escola. Va ser una molt bona jornada esportiva que vam compartir amb companys\/es de la ZER Les Salines i de La Jonquera.<\/p>\n<p>&nbsp;<\/p>\n<p><a href=\"https:\/\/drive.google.com\/drive\/folders\/1-9J5HVSVyfPpRp9PMOVwsTH2xjHa6xgc?usp=sharing\"><img loading=\"lazy\" decoding=\"async\" class=\"size-large wp-image-4146 aligncenter\" src=\"https:\/\/agora.xtec.cat\/zer-requesens\/wp-content\/uploads\/usu993\/2023\/05\/ok4-1024x768.jpg\" alt=\"\" width=\"1024\" height=\"768\" srcset=\"https:\/\/agora.xtec.cat\/zer-requesens\/wp-content\/uploads\/usu993\/2023\/05\/ok4-1024x768.jpg 1024w, https:\/\/agora.xtec.cat\/zer-requesens\/wp-content\/uploads\/usu993\/2023\/05\/ok4-300x225.jpg 300w, https:\/\/agora.xtec.cat\/zer-requesens\/wp-content\/uploads\/usu993\/2023\/05\/ok4-768x576.jpg 768w, https:\/\/agora.xtec.cat\/zer-requesens\/wp-content\/uploads\/usu993\/2023\/05\/ok4-1536x1152.jpg 1536w, https:\/\/agora.xtec.cat\/zer-requesens\/wp-content\/uploads\/usu993\/2023\/05\/ok4-200x150.jpg 200w, https:\/\/agora.xtec.cat\/zer-requesens\/wp-content\/uploads\/usu993\/2023\/05\/ok4.jpg 2000w\" sizes=\"auto, (max-width: 1024px) 100vw, 1024px\" \/><\/a><\/p>\n<p>&nbsp;<\/p>\n<p>&nbsp;<\/p>\n<p>&nbsp;<\/p>\n","protected":false},"excerpt":{"rendered":"<p>El passat 25 d&#8217;abril l&#8217;alumnat de 5\u00e8 i 6\u00e8 de la ZER vam participar al Rodaesport de La Jonquera. Durant tot el mat\u00ed vam anar passant per les nou estacions dels diferents esports: tennis-taula, b\u00e0dminton, b\u00e8isbol, colpbol, boccia, esgrima, korfbol&#8230; tot d&#8217;esports que hav\u00edem practicat&hellip;  <a href=\"https:\/\/agora.xtec.cat\/zer-requesens\/general\/rodaesport-la-jonquera-2\/\" title=\"Read Rodaesport La Jonquera\">Llegeix m\u00e9s\u00bb<\/a><\/p>\n","protected":false},"author":1,"featured_media":0,"comment_status":"open","ping_status":"closed","sticky":false,"template":"","format":"standard","meta":{"_bbp_topic_count":0,"_bbp_reply_count":0,"_bbp_total_topic_count":0,"_bbp_total_reply_count":0,"_bbp_voice_count":0,"_bbp_anonymous_reply_count":0,"_bbp_topic_count_hidden":0,"_bbp_reply_count_hidden":0,"_bbp_forum_subforum_count":0,"footnotes":""},"categories":[1],"tags":[],"class_list":["post-4141","post","type-post","status-publish","format-standard","hentry","category-general"],"post_mailing_queue_ids":[],"_links":{"self":[{"href":"https:\/\/agora.xtec.cat\/zer-requesens\/wp-json\/wp\/v2\/posts\/4141","targetHints":{"allow":["GET"]}}],"collection":[{"href":"https:\/\/agora.xtec.cat\/zer-requesens\/wp-json\/wp\/v2\/posts"}],"about":[{"href":"https:\/\/agora.xtec.cat\/zer-requesens\/wp-json\/wp\/v2\/types\/post"}],"author":[{"embeddable":true,"href":"https:\/\/agora.xtec.cat\/zer-requesens\/wp-json\/wp\/v2\/users\/1"}],"replies":[{"embeddable":true,"href":"https:\/\/agora.xtec.cat\/zer-requesens\/wp-json\/wp\/v2\/comments?post=4141"}],"version-history":[{"count":3,"href":"https:\/\/agora.xtec.cat\/zer-requesens\/wp-json\/wp\/v2\/posts\/4141\/revisions"}],"predecessor-version":[{"id":4149,"href":"https:\/\/agora.xtec.cat\/zer-requesens\/wp-json\/wp\/v2\/posts\/4141\/revisions\/4149"}],"wp:attachment":[{"href":"https:\/\/agora.xtec.cat\/zer-requesens\/wp-json\/wp\/v2\/media?parent=4141"}],"wp:term":[{"taxonomy":"category","embeddable":true,"href":"https:\/\/agora.xtec.cat\/zer-requesens\/wp-json\/wp\/v2\/categories?post=4141"},{"taxonomy":"post_tag","embeddable":true,"href":"https:\/\/agora.xtec.cat\/zer-requesens\/wp-json\/wp\/v2\/tags?post=4141"}],"curies":[{"name":"wp","href":"https:\/\/api.w.org\/{rel}","templated":true}]}}