{"id":4136,"date":"2023-04-23T21:25:55","date_gmt":"2023-04-23T19:25:55","guid":{"rendered":"https:\/\/agora.xtec.cat\/zer-requesens\/?p=4136"},"modified":"2024-11-05T15:05:05","modified_gmt":"2024-11-05T14:05:05","slug":"eduquem-la-mirada","status":"publish","type":"post","link":"https:\/\/agora.xtec.cat\/zer-requesens\/espolla\/eduquem-la-mirada\/","title":{"rendered":"Eduquem la mirada!"},"content":{"rendered":"<p>Fa uns dies, l&#8217;Ajuntament ens va demanar de muntar una exposici\u00f3 amb els treballs que els nostres alumnes havien fet al llarg del 1r i el 2n trimestre a pl\u00e0stica. Divendres passat en vam fer la inauguraci\u00f3 i va ser tot un \u00e8xit. Segur que repetirem el curs vinent.<\/p>\n<p>Els artites treballats: Henri Matisse, Karla Gerard, Vincent Van Gogh, Frida Kahlo i Josep Bartol\u00ed.<\/p>\n<p>Gr\u00e0cies per donar-nos aquesta oportunitat. Ens ha fet molta il\u00b7lusi\u00f3.<\/p>\n<p>Fins l&#8217;any que ve.<\/p>\n<p><img loading=\"lazy\" decoding=\"async\" class=\"size-large wp-image-4137 aligncenter\" src=\"https:\/\/agora.xtec.cat\/zer-requesens\/wp-content\/uploads\/usu993\/2023\/04\/IMG_9812-1024x583.jpg\" alt=\"\" width=\"1024\" height=\"583\" srcset=\"https:\/\/agora.xtec.cat\/zer-requesens\/wp-content\/uploads\/usu993\/2023\/04\/IMG_9812-1024x583.jpg 1024w, https:\/\/agora.xtec.cat\/zer-requesens\/wp-content\/uploads\/usu993\/2023\/04\/IMG_9812-300x171.jpg 300w, https:\/\/agora.xtec.cat\/zer-requesens\/wp-content\/uploads\/usu993\/2023\/04\/IMG_9812-768x437.jpg 768w, https:\/\/agora.xtec.cat\/zer-requesens\/wp-content\/uploads\/usu993\/2023\/04\/IMG_9812-1536x874.jpg 1536w, https:\/\/agora.xtec.cat\/zer-requesens\/wp-content\/uploads\/usu993\/2023\/04\/IMG_9812-2048x1166.jpg 2048w\" sizes=\"auto, (max-width: 1024px) 100vw, 1024px\" \/><\/p>\n","protected":false},"excerpt":{"rendered":"<p>Fa uns dies, l&#8217;Ajuntament ens va demanar de muntar una exposici\u00f3 amb els treballs que els nostres alumnes havien fet al llarg del 1r i el 2n trimestre a pl\u00e0stica. Divendres passat en vam fer la inauguraci\u00f3 i va ser tot un \u00e8xit. Segur que&hellip;  <a href=\"https:\/\/agora.xtec.cat\/zer-requesens\/espolla\/eduquem-la-mirada\/\" title=\"Read Eduquem la mirada!\">Llegeix m\u00e9s\u00bb<\/a><\/p>\n","protected":false},"author":1,"featured_media":4137,"comment_status":"open","ping_status":"closed","sticky":false,"template":"","format":"standard","meta":{"_bbp_topic_count":0,"_bbp_reply_count":0,"_bbp_total_topic_count":0,"_bbp_total_reply_count":0,"_bbp_voice_count":0,"_bbp_anonymous_reply_count":0,"_bbp_topic_count_hidden":0,"_bbp_reply_count_hidden":0,"_bbp_forum_subforum_count":0,"footnotes":""},"categories":[69],"tags":[],"class_list":["post-4136","post","type-post","status-publish","format-standard","has-post-thumbnail","hentry","category-espolla"],"post_mailing_queue_ids":[],"_links":{"self":[{"href":"https:\/\/agora.xtec.cat\/zer-requesens\/wp-json\/wp\/v2\/posts\/4136","targetHints":{"allow":["GET"]}}],"collection":[{"href":"https:\/\/agora.xtec.cat\/zer-requesens\/wp-json\/wp\/v2\/posts"}],"about":[{"href":"https:\/\/agora.xtec.cat\/zer-requesens\/wp-json\/wp\/v2\/types\/post"}],"author":[{"embeddable":true,"href":"https:\/\/agora.xtec.cat\/zer-requesens\/wp-json\/wp\/v2\/users\/1"}],"replies":[{"embeddable":true,"href":"https:\/\/agora.xtec.cat\/zer-requesens\/wp-json\/wp\/v2\/comments?post=4136"}],"version-history":[{"count":4,"href":"https:\/\/agora.xtec.cat\/zer-requesens\/wp-json\/wp\/v2\/posts\/4136\/revisions"}],"predecessor-version":[{"id":5457,"href":"https:\/\/agora.xtec.cat\/zer-requesens\/wp-json\/wp\/v2\/posts\/4136\/revisions\/5457"}],"wp:featuredmedia":[{"embeddable":true,"href":"https:\/\/agora.xtec.cat\/zer-requesens\/wp-json\/wp\/v2\/media\/4137"}],"wp:attachment":[{"href":"https:\/\/agora.xtec.cat\/zer-requesens\/wp-json\/wp\/v2\/media?parent=4136"}],"wp:term":[{"taxonomy":"category","embeddable":true,"href":"https:\/\/agora.xtec.cat\/zer-requesens\/wp-json\/wp\/v2\/categories?post=4136"},{"taxonomy":"post_tag","embeddable":true,"href":"https:\/\/agora.xtec.cat\/zer-requesens\/wp-json\/wp\/v2\/tags?post=4136"}],"curies":[{"name":"wp","href":"https:\/\/api.w.org\/{rel}","templated":true}]}}