{"id":3730,"date":"2022-11-04T12:51:29","date_gmt":"2022-11-04T11:51:29","guid":{"rendered":"https:\/\/agora.xtec.cat\/zer-requesens\/?p=3730"},"modified":"2024-11-05T15:39:23","modified_gmt":"2024-11-05T14:39:23","slug":"castanyada-2022-2","status":"publish","type":"post","link":"https:\/\/agora.xtec.cat\/zer-requesens\/capmany\/castanyada-2022-2\/","title":{"rendered":"Castanyada 2022"},"content":{"rendered":"<p><img loading=\"lazy\" decoding=\"async\" class=\"alignnone size-large wp-image-3731\" src=\"https:\/\/agora.xtec.cat\/zer-requesens\/wp-content\/uploads\/usu993\/2022\/11\/FEEF9C1D-FED5-4B8F-A4E4-48C721E1ED17-1024x768.jpeg\" alt=\"\" width=\"1024\" height=\"768\" srcset=\"https:\/\/agora.xtec.cat\/zer-requesens\/wp-content\/uploads\/usu993\/2022\/11\/FEEF9C1D-FED5-4B8F-A4E4-48C721E1ED17-1024x768.jpeg 1024w, https:\/\/agora.xtec.cat\/zer-requesens\/wp-content\/uploads\/usu993\/2022\/11\/FEEF9C1D-FED5-4B8F-A4E4-48C721E1ED17-300x225.jpeg 300w, https:\/\/agora.xtec.cat\/zer-requesens\/wp-content\/uploads\/usu993\/2022\/11\/FEEF9C1D-FED5-4B8F-A4E4-48C721E1ED17-768x576.jpeg 768w, https:\/\/agora.xtec.cat\/zer-requesens\/wp-content\/uploads\/usu993\/2022\/11\/FEEF9C1D-FED5-4B8F-A4E4-48C721E1ED17-1536x1152.jpeg 1536w, https:\/\/agora.xtec.cat\/zer-requesens\/wp-content\/uploads\/usu993\/2022\/11\/FEEF9C1D-FED5-4B8F-A4E4-48C721E1ED17-200x150.jpeg 200w, https:\/\/agora.xtec.cat\/zer-requesens\/wp-content\/uploads\/usu993\/2022\/11\/FEEF9C1D-FED5-4B8F-A4E4-48C721E1ED17.jpeg 2048w\" sizes=\"auto, (max-width: 1024px) 100vw, 1024px\" \/><\/p>\n<p>El passat 28 d\u2019octubre de 2022, les nenes i els nens de l\u2019escola els D\u00f2lmens de Capmany vam celebrar la castanyada a l\u2019escola. Com ja \u00e9s una tradici\u00f3, vam fer els panellets de coco, pinyons, codony, xocolata i ametlles. Van sortir molt bons. A la tarda, vam fer el ball de bastons i vam menjar les castanyes. Ens ho vam passar molt b\u00e9. Moltes gr\u00e0cies a les fam\u00edlies que ens van ajudar.<\/p>\n","protected":false},"excerpt":{"rendered":"<p>El passat 28 d\u2019octubre de 2022, les nenes i els nens de l\u2019escola els D\u00f2lmens de Capmany vam celebrar la castanyada a l\u2019escola. Com ja \u00e9s una tradici\u00f3, vam fer els panellets de coco, pinyons, codony, xocolata i ametlles. Van sortir molt bons. A la&hellip;  <a href=\"https:\/\/agora.xtec.cat\/zer-requesens\/capmany\/castanyada-2022-2\/\" title=\"Read Castanyada 2022\">Llegeix m\u00e9s\u00bb<\/a><\/p>\n","protected":false},"author":1,"featured_media":3731,"comment_status":"open","ping_status":"closed","sticky":false,"template":"","format":"standard","meta":{"_bbp_topic_count":0,"_bbp_reply_count":0,"_bbp_total_topic_count":0,"_bbp_total_reply_count":0,"_bbp_voice_count":0,"_bbp_anonymous_reply_count":0,"_bbp_topic_count_hidden":0,"_bbp_reply_count_hidden":0,"_bbp_forum_subforum_count":0,"footnotes":""},"categories":[68],"tags":[],"class_list":["post-3730","post","type-post","status-publish","format-standard","has-post-thumbnail","hentry","category-capmany"],"post_mailing_queue_ids":[],"_links":{"self":[{"href":"https:\/\/agora.xtec.cat\/zer-requesens\/wp-json\/wp\/v2\/posts\/3730","targetHints":{"allow":["GET"]}}],"collection":[{"href":"https:\/\/agora.xtec.cat\/zer-requesens\/wp-json\/wp\/v2\/posts"}],"about":[{"href":"https:\/\/agora.xtec.cat\/zer-requesens\/wp-json\/wp\/v2\/types\/post"}],"author":[{"embeddable":true,"href":"https:\/\/agora.xtec.cat\/zer-requesens\/wp-json\/wp\/v2\/users\/1"}],"replies":[{"embeddable":true,"href":"https:\/\/agora.xtec.cat\/zer-requesens\/wp-json\/wp\/v2\/comments?post=3730"}],"version-history":[{"count":2,"href":"https:\/\/agora.xtec.cat\/zer-requesens\/wp-json\/wp\/v2\/posts\/3730\/revisions"}],"predecessor-version":[{"id":5508,"href":"https:\/\/agora.xtec.cat\/zer-requesens\/wp-json\/wp\/v2\/posts\/3730\/revisions\/5508"}],"wp:featuredmedia":[{"embeddable":true,"href":"https:\/\/agora.xtec.cat\/zer-requesens\/wp-json\/wp\/v2\/media\/3731"}],"wp:attachment":[{"href":"https:\/\/agora.xtec.cat\/zer-requesens\/wp-json\/wp\/v2\/media?parent=3730"}],"wp:term":[{"taxonomy":"category","embeddable":true,"href":"https:\/\/agora.xtec.cat\/zer-requesens\/wp-json\/wp\/v2\/categories?post=3730"},{"taxonomy":"post_tag","embeddable":true,"href":"https:\/\/agora.xtec.cat\/zer-requesens\/wp-json\/wp\/v2\/tags?post=3730"}],"curies":[{"name":"wp","href":"https:\/\/api.w.org\/{rel}","templated":true}]}}