{"id":3439,"date":"2022-04-25T23:01:24","date_gmt":"2022-04-25T21:01:24","guid":{"rendered":"https:\/\/agora.xtec.cat\/zer-requesens\/?p=3439"},"modified":"2023-11-16T17:08:10","modified_gmt":"2023-11-16T16:08:10","slug":"colonies-2022-ei-ci","status":"publish","type":"post","link":"https:\/\/agora.xtec.cat\/zer-requesens\/general\/colonies-2022-ei-ci\/","title":{"rendered":"Col\u00f2nies 2022 EI\/CI"},"content":{"rendered":"<p>El 30 i 31 de mar\u00e7 i l&#8217;1 d&#8217;abril, els alumnes d&#8217;Educaci\u00f3 Infantil i Cicle Inicial vam anar de col\u00f2nies a Torre Ferrana, un mas fortificat a l&#8217;est del poble de Sobrestany, al municipi de Torroella de Montgr\u00ed. Realment van ser unes col\u00f2nies molt merescudes i molt esperades, sobretot despr\u00e9s de dos anys de no poder-ne fer. Van ser tres dies on vam retrobar vells companys i on en vam fer de nous. Tot i el mal temps que ens havien enunciat els meteor\u00f2legs, vam poder fer la majoria de les activitats a l&#8217;aire lliure i gaudir dels espais que hi havia a la casa de col\u00f2nies. La tem\u00e0tica era l&#8217;aventura de l&#8217;univers i v\u00e0rem gaudir al m\u00e0xim de totes les activitats que ens van organitzar els monitors. Ens van encantar!<\/p>\n<p><img loading=\"lazy\" decoding=\"async\" class=\" wp-image-3440 aligncenter\" src=\"https:\/\/agora.xtec.cat\/zer-requesens\/wp-content\/uploads\/usu993\/2022\/04\/IMG-9975-1024x768.jpg\" alt=\"\" width=\"555\" height=\"416\" srcset=\"https:\/\/agora.xtec.cat\/zer-requesens\/wp-content\/uploads\/usu993\/2022\/04\/IMG-9975-1024x768.jpg 1024w, https:\/\/agora.xtec.cat\/zer-requesens\/wp-content\/uploads\/usu993\/2022\/04\/IMG-9975-300x225.jpg 300w, https:\/\/agora.xtec.cat\/zer-requesens\/wp-content\/uploads\/usu993\/2022\/04\/IMG-9975-768x576.jpg 768w, https:\/\/agora.xtec.cat\/zer-requesens\/wp-content\/uploads\/usu993\/2022\/04\/IMG-9975-1536x1152.jpg 1536w, https:\/\/agora.xtec.cat\/zer-requesens\/wp-content\/uploads\/usu993\/2022\/04\/IMG-9975-2048x1536.jpg 2048w, https:\/\/agora.xtec.cat\/zer-requesens\/wp-content\/uploads\/usu993\/2022\/04\/IMG-9975-200x150.jpg 200w\" sizes=\"auto, (max-width: 555px) 100vw, 555px\" \/><\/p>\n","protected":false},"excerpt":{"rendered":"<p>El 30 i 31 de mar\u00e7 i l&#8217;1 d&#8217;abril, els alumnes d&#8217;Educaci\u00f3 Infantil i Cicle Inicial vam anar de col\u00f2nies a Torre Ferrana, un mas fortificat a l&#8217;est del poble de Sobrestany, al municipi de Torroella de Montgr\u00ed. Realment van ser unes col\u00f2nies molt merescudes&hellip;  <a href=\"https:\/\/agora.xtec.cat\/zer-requesens\/general\/colonies-2022-ei-ci\/\" title=\"Read Col\u00f2nies 2022 EI\/CI\">Llegeix m\u00e9s\u00bb<\/a><\/p>\n","protected":false},"author":1,"featured_media":3440,"comment_status":"open","ping_status":"closed","sticky":false,"template":"","format":"standard","meta":{"_bbp_topic_count":0,"_bbp_reply_count":0,"_bbp_total_topic_count":0,"_bbp_total_reply_count":0,"_bbp_voice_count":0,"_bbp_anonymous_reply_count":0,"_bbp_topic_count_hidden":0,"_bbp_reply_count_hidden":0,"_bbp_forum_subforum_count":0,"footnotes":""},"categories":[1,29],"tags":[],"class_list":["post-3439","post","type-post","status-publish","format-standard","has-post-thumbnail","hentry","category-general","category-portada"],"post_mailing_queue_ids":[],"_links":{"self":[{"href":"https:\/\/agora.xtec.cat\/zer-requesens\/wp-json\/wp\/v2\/posts\/3439","targetHints":{"allow":["GET"]}}],"collection":[{"href":"https:\/\/agora.xtec.cat\/zer-requesens\/wp-json\/wp\/v2\/posts"}],"about":[{"href":"https:\/\/agora.xtec.cat\/zer-requesens\/wp-json\/wp\/v2\/types\/post"}],"author":[{"embeddable":true,"href":"https:\/\/agora.xtec.cat\/zer-requesens\/wp-json\/wp\/v2\/users\/1"}],"replies":[{"embeddable":true,"href":"https:\/\/agora.xtec.cat\/zer-requesens\/wp-json\/wp\/v2\/comments?post=3439"}],"version-history":[{"count":3,"href":"https:\/\/agora.xtec.cat\/zer-requesens\/wp-json\/wp\/v2\/posts\/3439\/revisions"}],"predecessor-version":[{"id":4988,"href":"https:\/\/agora.xtec.cat\/zer-requesens\/wp-json\/wp\/v2\/posts\/3439\/revisions\/4988"}],"wp:featuredmedia":[{"embeddable":true,"href":"https:\/\/agora.xtec.cat\/zer-requesens\/wp-json\/wp\/v2\/media\/3440"}],"wp:attachment":[{"href":"https:\/\/agora.xtec.cat\/zer-requesens\/wp-json\/wp\/v2\/media?parent=3439"}],"wp:term":[{"taxonomy":"category","embeddable":true,"href":"https:\/\/agora.xtec.cat\/zer-requesens\/wp-json\/wp\/v2\/categories?post=3439"},{"taxonomy":"post_tag","embeddable":true,"href":"https:\/\/agora.xtec.cat\/zer-requesens\/wp-json\/wp\/v2\/tags?post=3439"}],"curies":[{"name":"wp","href":"https:\/\/api.w.org\/{rel}","templated":true}]}}