{"id":3415,"date":"2022-04-06T16:03:15","date_gmt":"2022-04-06T14:03:15","guid":{"rendered":"https:\/\/agora.xtec.cat\/zer-requesens\/?p=3415"},"modified":"2023-11-16T16:51:36","modified_gmt":"2023-11-16T15:51:36","slug":"setmana-cultural-2021-22-dimecres","status":"publish","type":"post","link":"https:\/\/agora.xtec.cat\/zer-requesens\/general\/setmana-cultural-2021-22-dimecres\/","title":{"rendered":"Setmana cultural 2021-22 (Dimecres)"},"content":{"rendered":"<p>I ja hem arribat a la meitat de la setmana cultural. Amb alegria i energia hem continuat gaudint de totes les activitats proposades i en aquest cas de la visita de la bi\u00f2loga i doctora en Biodiversitat\u00a0 Irene Alvarez de Quevedo, que ha pogut dedicar un mat\u00ed a explicar-nos moltes coses dels tresors del mar que tenim aqu\u00ed, de la gran quantitat d&#8217;esp\u00e8cies que podem veure-hi, de les accions dels pescadors i pescadores que cuiden el mar i de les iniciatives que tenim al territori.<\/p>\n<p>Tamb\u00e9 hem pogut elaborar treballs manuals: els m\u00e9s petits de l&#8217;escola han fet uns clauers &#8220;mar\u00edtims&#8221; i un joc del &#8220;tres en ratlla&#8221; amb pedres decorades i peixos pintats com a fitxes, i els m\u00e9s grans han realitzat una &#8220;roda de residus&#8221; per agafar consci\u00e8ncia del temps que tarden a descompondre&#8217;s.<\/p>\n<p>Com sempre, activitats per a tots els gustos. A veure qu\u00e8 ens trobarem dem\u00e0&#8230;<\/p>\n<p><img loading=\"lazy\" decoding=\"async\" class=\"wp-image-3418 aligncenter\" src=\"https:\/\/agora.xtec.cat\/zer-requesens\/wp-content\/uploads\/usu993\/2022\/04\/portada-4-1024x683.jpg\" alt=\"\" width=\"521\" height=\"348\" srcset=\"https:\/\/agora.xtec.cat\/zer-requesens\/wp-content\/uploads\/usu993\/2022\/04\/portada-4-1024x683.jpg 1024w, https:\/\/agora.xtec.cat\/zer-requesens\/wp-content\/uploads\/usu993\/2022\/04\/portada-4-300x200.jpg 300w, https:\/\/agora.xtec.cat\/zer-requesens\/wp-content\/uploads\/usu993\/2022\/04\/portada-4-768x512.jpg 768w, https:\/\/agora.xtec.cat\/zer-requesens\/wp-content\/uploads\/usu993\/2022\/04\/portada-4-1536x1024.jpg 1536w, https:\/\/agora.xtec.cat\/zer-requesens\/wp-content\/uploads\/usu993\/2022\/04\/portada-4-2048x1365.jpg 2048w\" sizes=\"auto, (max-width: 521px) 100vw, 521px\" \/><\/p>\n<p>&nbsp;<\/p>\n","protected":false},"excerpt":{"rendered":"<p>I ja hem arribat a la meitat de la setmana cultural. Amb alegria i energia hem continuat gaudint de totes les activitats proposades i en aquest cas de la visita de la bi\u00f2loga i doctora en Biodiversitat\u00a0 Irene Alvarez de Quevedo, que ha pogut dedicar&hellip;  <a href=\"https:\/\/agora.xtec.cat\/zer-requesens\/general\/setmana-cultural-2021-22-dimecres\/\" title=\"Read Setmana cultural 2021-22 (Dimecres)\">Llegeix m\u00e9s\u00bb<\/a><\/p>\n","protected":false},"author":1,"featured_media":3417,"comment_status":"open","ping_status":"closed","sticky":false,"template":"","format":"standard","meta":{"_bbp_topic_count":0,"_bbp_reply_count":0,"_bbp_total_topic_count":0,"_bbp_total_reply_count":0,"_bbp_voice_count":0,"_bbp_anonymous_reply_count":0,"_bbp_topic_count_hidden":0,"_bbp_reply_count_hidden":0,"_bbp_forum_subforum_count":0,"footnotes":""},"categories":[1,29],"tags":[],"class_list":["post-3415","post","type-post","status-publish","format-standard","has-post-thumbnail","hentry","category-general","category-portada"],"post_mailing_queue_ids":[],"_links":{"self":[{"href":"https:\/\/agora.xtec.cat\/zer-requesens\/wp-json\/wp\/v2\/posts\/3415","targetHints":{"allow":["GET"]}}],"collection":[{"href":"https:\/\/agora.xtec.cat\/zer-requesens\/wp-json\/wp\/v2\/posts"}],"about":[{"href":"https:\/\/agora.xtec.cat\/zer-requesens\/wp-json\/wp\/v2\/types\/post"}],"author":[{"embeddable":true,"href":"https:\/\/agora.xtec.cat\/zer-requesens\/wp-json\/wp\/v2\/users\/1"}],"replies":[{"embeddable":true,"href":"https:\/\/agora.xtec.cat\/zer-requesens\/wp-json\/wp\/v2\/comments?post=3415"}],"version-history":[{"count":4,"href":"https:\/\/agora.xtec.cat\/zer-requesens\/wp-json\/wp\/v2\/posts\/3415\/revisions"}],"predecessor-version":[{"id":4983,"href":"https:\/\/agora.xtec.cat\/zer-requesens\/wp-json\/wp\/v2\/posts\/3415\/revisions\/4983"}],"wp:featuredmedia":[{"embeddable":true,"href":"https:\/\/agora.xtec.cat\/zer-requesens\/wp-json\/wp\/v2\/media\/3417"}],"wp:attachment":[{"href":"https:\/\/agora.xtec.cat\/zer-requesens\/wp-json\/wp\/v2\/media?parent=3415"}],"wp:term":[{"taxonomy":"category","embeddable":true,"href":"https:\/\/agora.xtec.cat\/zer-requesens\/wp-json\/wp\/v2\/categories?post=3415"},{"taxonomy":"post_tag","embeddable":true,"href":"https:\/\/agora.xtec.cat\/zer-requesens\/wp-json\/wp\/v2\/tags?post=3415"}],"curies":[{"name":"wp","href":"https:\/\/api.w.org\/{rel}","templated":true}]}}