{"id":2739,"date":"2021-03-26T12:58:02","date_gmt":"2021-03-26T11:58:02","guid":{"rendered":"http:\/\/agora.xtec.cat\/zer-requesens\/?p=2739"},"modified":"2024-11-05T16:11:03","modified_gmt":"2024-11-05T15:11:03","slug":"setmana-cultural-2021-multicapacitats-millors-moments","status":"publish","type":"post","link":"https:\/\/agora.xtec.cat\/zer-requesens\/general\/setmana-cultural-2021-multicapacitats-millors-moments\/","title":{"rendered":"Setmana cultural 2021 MULTICAPACITATS (Millors moments)"},"content":{"rendered":"<p>Divendres! (faves tendres)<\/p>\n<p>Despr\u00e9s d&#8217;una setmana intensa plena d&#8217;activitats i visites us deixem un petit v\u00eddeo amb el resum del qu\u00e8 s&#8217;ha fet a les quatre escoles durant aquests Setmana Cultural &#8220;especial&#8221;.<\/p>\n<p>Molt bones vacances!<\/p>\n<p><img loading=\"lazy\" decoding=\"async\" class=\"wp-image-2786 aligncenter\" src=\"https:\/\/agora.xtec.cat\/zer-requesens\/wp-content\/uploads\/usu993\/2021\/03\/6ca23215-556b-4945-b0ab-605dd1d085c6-1024x768.jpg\" alt=\"\" width=\"562\" height=\"421\" srcset=\"https:\/\/agora.xtec.cat\/zer-requesens\/wp-content\/uploads\/usu993\/2021\/03\/6ca23215-556b-4945-b0ab-605dd1d085c6-1024x768.jpg 1024w, https:\/\/agora.xtec.cat\/zer-requesens\/wp-content\/uploads\/usu993\/2021\/03\/6ca23215-556b-4945-b0ab-605dd1d085c6-300x225.jpg 300w, https:\/\/agora.xtec.cat\/zer-requesens\/wp-content\/uploads\/usu993\/2021\/03\/6ca23215-556b-4945-b0ab-605dd1d085c6-768x576.jpg 768w, https:\/\/agora.xtec.cat\/zer-requesens\/wp-content\/uploads\/usu993\/2021\/03\/6ca23215-556b-4945-b0ab-605dd1d085c6-200x150.jpg 200w, https:\/\/agora.xtec.cat\/zer-requesens\/wp-content\/uploads\/usu993\/2021\/03\/6ca23215-556b-4945-b0ab-605dd1d085c6.jpg 1600w\" sizes=\"auto, (max-width: 562px) 100vw, 562px\" \/><\/p>\n","protected":false},"excerpt":{"rendered":"<p>Divendres! (faves tendres)<br \/>\nDespr\u00e9s d&#8217;una setmana intensa plena d&#8217;activitats i visites us deixem un petit v\u00eddeo amb el resum del qu\u00e8 s&#8217;ha fet a les quatre escoles durant aquests Setmana Cultural &#8220;especial&#8221;.<br \/>\nMolt bones vacances!<\/p>\n","protected":false},"author":1,"featured_media":2786,"comment_status":"open","ping_status":"closed","sticky":false,"template":"","format":"standard","meta":{"_bbp_topic_count":0,"_bbp_reply_count":0,"_bbp_total_topic_count":0,"_bbp_total_reply_count":0,"_bbp_voice_count":0,"_bbp_anonymous_reply_count":0,"_bbp_topic_count_hidden":0,"_bbp_reply_count_hidden":0,"_bbp_forum_subforum_count":0,"footnotes":""},"categories":[1,29],"tags":[],"class_list":["post-2739","post","type-post","status-publish","format-standard","has-post-thumbnail","hentry","category-general","category-portada"],"post_mailing_queue_ids":[],"_links":{"self":[{"href":"https:\/\/agora.xtec.cat\/zer-requesens\/wp-json\/wp\/v2\/posts\/2739","targetHints":{"allow":["GET"]}}],"collection":[{"href":"https:\/\/agora.xtec.cat\/zer-requesens\/wp-json\/wp\/v2\/posts"}],"about":[{"href":"https:\/\/agora.xtec.cat\/zer-requesens\/wp-json\/wp\/v2\/types\/post"}],"author":[{"embeddable":true,"href":"https:\/\/agora.xtec.cat\/zer-requesens\/wp-json\/wp\/v2\/users\/1"}],"replies":[{"embeddable":true,"href":"https:\/\/agora.xtec.cat\/zer-requesens\/wp-json\/wp\/v2\/comments?post=2739"}],"version-history":[{"count":5,"href":"https:\/\/agora.xtec.cat\/zer-requesens\/wp-json\/wp\/v2\/posts\/2739\/revisions"}],"predecessor-version":[{"id":5536,"href":"https:\/\/agora.xtec.cat\/zer-requesens\/wp-json\/wp\/v2\/posts\/2739\/revisions\/5536"}],"wp:featuredmedia":[{"embeddable":true,"href":"https:\/\/agora.xtec.cat\/zer-requesens\/wp-json\/wp\/v2\/media\/2786"}],"wp:attachment":[{"href":"https:\/\/agora.xtec.cat\/zer-requesens\/wp-json\/wp\/v2\/media?parent=2739"}],"wp:term":[{"taxonomy":"category","embeddable":true,"href":"https:\/\/agora.xtec.cat\/zer-requesens\/wp-json\/wp\/v2\/categories?post=2739"},{"taxonomy":"post_tag","embeddable":true,"href":"https:\/\/agora.xtec.cat\/zer-requesens\/wp-json\/wp\/v2\/tags?post=2739"}],"curies":[{"name":"wp","href":"https:\/\/api.w.org\/{rel}","templated":true}]}}