{"id":2619,"date":"2021-01-16T12:07:28","date_gmt":"2021-01-16T11:07:28","guid":{"rendered":"http:\/\/agora.xtec.cat\/zer-requesens\/?p=2619"},"modified":"2024-11-05T15:44:59","modified_gmt":"2024-11-05T14:44:59","slug":"dictats-explosius-i-dictats-esportius-a-cm","status":"publish","type":"post","link":"https:\/\/agora.xtec.cat\/zer-requesens\/capmany\/dictats-explosius-i-dictats-esportius-a-cm\/","title":{"rendered":"Dictats explosius i dictats esportius a CM"},"content":{"rendered":"<p><a href=\"https:\/\/agora.xtec.cat\/zer-requesens\/wp-content\/uploads\/usu993\/2021\/01\/descarga.jpeg\">Els nens i nenes de Cicle Mitj\u00e0, aquesta setmana, hem fet dictats diferents. El dimarts, vam realitzar el dictat esportiu en catal\u00e0. Ens va agradar molt perqu\u00e8 es feia el dictat en parelles i fent esport. El divendres, vam fer el dictat explosiu en castell\u00e0. Tamb\u00e9 ens ho vam passar molt b\u00e9 perqu\u00e8 qui explotava el globus, li tocava una frase desordenada, que abans de dictar-la, l&#8217;havia d&#8217;ordenar. Els dos dictats van ser un \u00e8xit, volem repetir!<\/a><\/p>\n<p><a href=\"https:\/\/photos.app.goo.gl\/DT3MgsZZt4Qtms5w9\">Us adjuntem les fotos i els v\u00eddeos. Esperem que us agradi veure-ho.<\/a><\/p>\n<p><img loading=\"lazy\" decoding=\"async\" class=\"alignnone size-full wp-image-2620 aligncenter\" src=\"https:\/\/agora.xtec.cat\/zer-requesens\/wp-content\/uploads\/usu993\/2021\/01\/descarga.jpeg\" alt=\"\" width=\"225\" height=\"225\" srcset=\"https:\/\/agora.xtec.cat\/zer-requesens\/wp-content\/uploads\/usu993\/2021\/01\/descarga.jpeg 225w, https:\/\/agora.xtec.cat\/zer-requesens\/wp-content\/uploads\/usu993\/2021\/01\/descarga-150x150.jpeg 150w\" sizes=\"auto, (max-width: 225px) 100vw, 225px\" \/><\/p>\n","protected":false},"excerpt":{"rendered":"<p><a href=\"https:\/\/agora.xtec.cat\/zer-requesens\/wp-content\/uploads\/usu993\/2021\/01\/descarga.jpeg\">Els nens i nenes de Cicle Mitj\u00e0, aquesta setmana, hem fet dictats diferents. El dimarts, vam realitzar el dictat esportiu en catal\u00e0. Ens va agradar molt perqu\u00e8 es feia el dictat en parelles i fent esport. El divendres, vam fer el dictat explosiu en&hellip;  <a href=\"https:\/\/agora.xtec.cat\/zer-requesens\/capmany\/dictats-explosius-i-dictats-esportius-a-cm\/\" title=\"Read Dictats explosius i dictats esportius a CM\">Llegeix m\u00e9s\u00bb<\/a><\/p>\n","protected":false},"author":23,"featured_media":2620,"comment_status":"open","ping_status":"closed","sticky":false,"template":"","format":"standard","meta":{"_bbp_topic_count":0,"_bbp_reply_count":0,"_bbp_total_topic_count":0,"_bbp_total_reply_count":0,"_bbp_voice_count":0,"_bbp_anonymous_reply_count":0,"_bbp_topic_count_hidden":0,"_bbp_reply_count_hidden":0,"_bbp_forum_subforum_count":0,"footnotes":""},"categories":[68],"tags":[],"class_list":["post-2619","post","type-post","status-publish","format-standard","has-post-thumbnail","hentry","category-capmany"],"post_mailing_queue_ids":[],"_links":{"self":[{"href":"https:\/\/agora.xtec.cat\/zer-requesens\/wp-json\/wp\/v2\/posts\/2619","targetHints":{"allow":["GET"]}}],"collection":[{"href":"https:\/\/agora.xtec.cat\/zer-requesens\/wp-json\/wp\/v2\/posts"}],"about":[{"href":"https:\/\/agora.xtec.cat\/zer-requesens\/wp-json\/wp\/v2\/types\/post"}],"author":[{"embeddable":true,"href":"https:\/\/agora.xtec.cat\/zer-requesens\/wp-json\/wp\/v2\/users\/23"}],"replies":[{"embeddable":true,"href":"https:\/\/agora.xtec.cat\/zer-requesens\/wp-json\/wp\/v2\/comments?post=2619"}],"version-history":[{"count":5,"href":"https:\/\/agora.xtec.cat\/zer-requesens\/wp-json\/wp\/v2\/posts\/2619\/revisions"}],"predecessor-version":[{"id":5512,"href":"https:\/\/agora.xtec.cat\/zer-requesens\/wp-json\/wp\/v2\/posts\/2619\/revisions\/5512"}],"wp:featuredmedia":[{"embeddable":true,"href":"https:\/\/agora.xtec.cat\/zer-requesens\/wp-json\/wp\/v2\/media\/2620"}],"wp:attachment":[{"href":"https:\/\/agora.xtec.cat\/zer-requesens\/wp-json\/wp\/v2\/media?parent=2619"}],"wp:term":[{"taxonomy":"category","embeddable":true,"href":"https:\/\/agora.xtec.cat\/zer-requesens\/wp-json\/wp\/v2\/categories?post=2619"},{"taxonomy":"post_tag","embeddable":true,"href":"https:\/\/agora.xtec.cat\/zer-requesens\/wp-json\/wp\/v2\/tags?post=2619"}],"curies":[{"name":"wp","href":"https:\/\/api.w.org\/{rel}","templated":true}]}}