{"id":2203,"date":"2020-04-06T11:25:52","date_gmt":"2020-04-06T09:25:52","guid":{"rendered":"http:\/\/agora.xtec.cat\/zer-requesens\/?p=2203"},"modified":"2023-11-12T18:19:40","modified_gmt":"2023-11-12T17:19:40","slug":"dia-mundial-de-lactivitat-fisica","status":"publish","type":"post","link":"https:\/\/agora.xtec.cat\/zer-requesens\/general\/dia-mundial-de-lactivitat-fisica\/","title":{"rendered":"Dia Mundial de l&#8217;Activitat F\u00edsica"},"content":{"rendered":"<p>Avui \u00e9s el Dia Mundial de l&#8217;Activitat F\u00edsica, i malgrat estiguem confinats i confinades a casa \u00e9s molt important que ens mantinguem actius i actives f\u00edsicament. Us deixem un seguit de v\u00eddeos on podreu escoltar un seguit de recomanacions per fer-ho possible.<\/p>\n<p>Tamb\u00e9 us deixem <strong>el joc de l&#8217;Educaci\u00f3 F\u00edsica<\/strong> que podeu jugar amb tots els membres de la fam\u00edlia.<\/p>\n<p>\u00c0nims i fins ben aviat!<\/p>\n<p><img loading=\"lazy\" decoding=\"async\" class=\"size-full wp-image-2206 aligncenter\" src=\"https:\/\/agora.xtec.cat\/zer-requesens\/wp-content\/uploads\/usu993\/2020\/04\/Imatges-Premsa_web-1.jpg_2076434743-1.jpg\" alt=\"\" width=\"512\" height=\"288\" srcset=\"https:\/\/agora.xtec.cat\/zer-requesens\/wp-content\/uploads\/usu993\/2020\/04\/Imatges-Premsa_web-1.jpg_2076434743-1.jpg 512w, https:\/\/agora.xtec.cat\/zer-requesens\/wp-content\/uploads\/usu993\/2020\/04\/Imatges-Premsa_web-1.jpg_2076434743-1-300x169.jpg 300w\" sizes=\"auto, (max-width: 512px) 100vw, 512px\" \/><\/p>\n<p><a href=\"https:\/\/agora.xtec.cat\/zer-requesens\/wp-content\/uploads\/usu993\/2020\/04\/JOC-DE-TAULA-EF-des-de-casa.pdf\"><img loading=\"lazy\" decoding=\"async\" class=\"size-large wp-image-2207 aligncenter\" src=\"https:\/\/agora.xtec.cat\/zer-requesens\/wp-content\/uploads\/usu993\/2020\/04\/Joc_d_etaula-1024x810.png\" alt=\"\" width=\"1024\" height=\"810\" srcset=\"https:\/\/agora.xtec.cat\/zer-requesens\/wp-content\/uploads\/usu993\/2020\/04\/Joc_d_etaula-1024x810.png 1024w, https:\/\/agora.xtec.cat\/zer-requesens\/wp-content\/uploads\/usu993\/2020\/04\/Joc_d_etaula-300x237.png 300w, https:\/\/agora.xtec.cat\/zer-requesens\/wp-content\/uploads\/usu993\/2020\/04\/Joc_d_etaula-768x608.png 768w, https:\/\/agora.xtec.cat\/zer-requesens\/wp-content\/uploads\/usu993\/2020\/04\/Joc_d_etaula.png 1130w\" sizes=\"auto, (max-width: 1024px) 100vw, 1024px\" \/><\/a><\/p>\n","protected":false},"excerpt":{"rendered":"<p>Avui \u00e9s el Dia Mundial de l&#8217;Activitat F\u00edsica, i malgrat estiguem confinats i confinades a casa \u00e9s molt important que ens mantinguem actius i actives f\u00edsicament. Us deixem un seguit de v\u00eddeos on podreu escoltar un seguit de recomanacions per fer-ho possible.<br \/>\nTamb\u00e9 us deixem el&hellip;  <a href=\"https:\/\/agora.xtec.cat\/zer-requesens\/general\/dia-mundial-de-lactivitat-fisica\/\" title=\"Read Dia Mundial de l&#8217;Activitat F\u00edsica\">Llegeix m\u00e9s\u00bb<\/a><\/p>\n","protected":false},"author":1,"featured_media":2206,"comment_status":"open","ping_status":"closed","sticky":false,"template":"","format":"standard","meta":{"_bbp_topic_count":0,"_bbp_reply_count":0,"_bbp_total_topic_count":0,"_bbp_total_reply_count":0,"_bbp_voice_count":0,"_bbp_anonymous_reply_count":0,"_bbp_topic_count_hidden":0,"_bbp_reply_count_hidden":0,"_bbp_forum_subforum_count":0,"footnotes":""},"categories":[1,29],"tags":[],"class_list":["post-2203","post","type-post","status-publish","format-standard","has-post-thumbnail","hentry","category-general","category-portada"],"post_mailing_queue_ids":[],"_links":{"self":[{"href":"https:\/\/agora.xtec.cat\/zer-requesens\/wp-json\/wp\/v2\/posts\/2203","targetHints":{"allow":["GET"]}}],"collection":[{"href":"https:\/\/agora.xtec.cat\/zer-requesens\/wp-json\/wp\/v2\/posts"}],"about":[{"href":"https:\/\/agora.xtec.cat\/zer-requesens\/wp-json\/wp\/v2\/types\/post"}],"author":[{"embeddable":true,"href":"https:\/\/agora.xtec.cat\/zer-requesens\/wp-json\/wp\/v2\/users\/1"}],"replies":[{"embeddable":true,"href":"https:\/\/agora.xtec.cat\/zer-requesens\/wp-json\/wp\/v2\/comments?post=2203"}],"version-history":[{"count":5,"href":"https:\/\/agora.xtec.cat\/zer-requesens\/wp-json\/wp\/v2\/posts\/2203\/revisions"}],"predecessor-version":[{"id":4850,"href":"https:\/\/agora.xtec.cat\/zer-requesens\/wp-json\/wp\/v2\/posts\/2203\/revisions\/4850"}],"wp:featuredmedia":[{"embeddable":true,"href":"https:\/\/agora.xtec.cat\/zer-requesens\/wp-json\/wp\/v2\/media\/2206"}],"wp:attachment":[{"href":"https:\/\/agora.xtec.cat\/zer-requesens\/wp-json\/wp\/v2\/media?parent=2203"}],"wp:term":[{"taxonomy":"category","embeddable":true,"href":"https:\/\/agora.xtec.cat\/zer-requesens\/wp-json\/wp\/v2\/categories?post=2203"},{"taxonomy":"post_tag","embeddable":true,"href":"https:\/\/agora.xtec.cat\/zer-requesens\/wp-json\/wp\/v2\/tags?post=2203"}],"curies":[{"name":"wp","href":"https:\/\/api.w.org\/{rel}","templated":true}]}}