{"id":1593,"date":"2019-03-07T14:52:53","date_gmt":"2019-03-07T13:52:53","guid":{"rendered":"http:\/\/agora.xtec.cat\/zer-requesens\/?p=1593"},"modified":"2023-11-12T16:53:21","modified_gmt":"2023-11-12T15:53:21","slug":"sortida-teatre-museu-dali-de-figueres-p5-ci","status":"publish","type":"post","link":"https:\/\/agora.xtec.cat\/zer-requesens\/general\/sortida-teatre-museu-dali-de-figueres-p5-ci\/","title":{"rendered":"Sortida Teatre Museu Dal\u00ed de Figueres P5-CI"},"content":{"rendered":"<p>El passat 27 de febrer, els alumnes de P5 (Darnius i Capmany) i Cicle Inicial (Zer Requesens) vam anar al Teatre Museu Dal\u00ed de Figueres aprofitant que aquest trimestre estem treballant en Salvador Dal\u00ed a Pl\u00e0stica. Les monitores del museu ens van explicar moltes coses. Tamb\u00e9 vam treballar en equips per realitzar els nostres propis quadres amb animals surrealistes. Ens ho vam passar molt b\u00e9.<\/p>\n<p><img loading=\"lazy\" decoding=\"async\" class=\" wp-image-1594 aligncenter\" src=\"https:\/\/agora.xtec.cat\/zer-requesens\/wp-content\/uploads\/usu993\/2019\/03\/IMG_0673-1024x768.jpg\" alt=\"\" width=\"769\" height=\"577\" srcset=\"https:\/\/agora.xtec.cat\/zer-requesens\/wp-content\/uploads\/usu993\/2019\/03\/IMG_0673-1024x768.jpg 1024w, https:\/\/agora.xtec.cat\/zer-requesens\/wp-content\/uploads\/usu993\/2019\/03\/IMG_0673-300x225.jpg 300w, https:\/\/agora.xtec.cat\/zer-requesens\/wp-content\/uploads\/usu993\/2019\/03\/IMG_0673-768x576.jpg 768w, https:\/\/agora.xtec.cat\/zer-requesens\/wp-content\/uploads\/usu993\/2019\/03\/IMG_0673-200x150.jpg 200w\" sizes=\"auto, (max-width: 769px) 100vw, 769px\" \/><\/p>\n<p>&nbsp;<\/p>\n","protected":false},"excerpt":{"rendered":"<p>El passat 27 de febrer, els alumnes de P5 (Darnius i Capmany) i Cicle Inicial (Zer Requesens) vam anar al Teatre Museu Dal\u00ed de Figueres aprofitant que aquest trimestre estem treballant en Salvador Dal\u00ed a Pl\u00e0stica. Les monitores del museu ens van explicar moltes coses.&hellip;  <a href=\"https:\/\/agora.xtec.cat\/zer-requesens\/general\/sortida-teatre-museu-dali-de-figueres-p5-ci\/\" title=\"Read Sortida Teatre Museu Dal\u00ed de Figueres P5-CI\">Llegeix m\u00e9s\u00bb<\/a><\/p>\n","protected":false},"author":23,"featured_media":1594,"comment_status":"open","ping_status":"closed","sticky":false,"template":"","format":"standard","meta":{"_bbp_topic_count":0,"_bbp_reply_count":0,"_bbp_total_topic_count":0,"_bbp_total_reply_count":0,"_bbp_voice_count":0,"_bbp_anonymous_reply_count":0,"_bbp_topic_count_hidden":0,"_bbp_reply_count_hidden":0,"_bbp_forum_subforum_count":0,"footnotes":""},"categories":[1,29],"tags":[],"class_list":["post-1593","post","type-post","status-publish","format-standard","has-post-thumbnail","hentry","category-general","category-portada"],"post_mailing_queue_ids":[],"_links":{"self":[{"href":"https:\/\/agora.xtec.cat\/zer-requesens\/wp-json\/wp\/v2\/posts\/1593","targetHints":{"allow":["GET"]}}],"collection":[{"href":"https:\/\/agora.xtec.cat\/zer-requesens\/wp-json\/wp\/v2\/posts"}],"about":[{"href":"https:\/\/agora.xtec.cat\/zer-requesens\/wp-json\/wp\/v2\/types\/post"}],"author":[{"embeddable":true,"href":"https:\/\/agora.xtec.cat\/zer-requesens\/wp-json\/wp\/v2\/users\/23"}],"replies":[{"embeddable":true,"href":"https:\/\/agora.xtec.cat\/zer-requesens\/wp-json\/wp\/v2\/comments?post=1593"}],"version-history":[{"count":3,"href":"https:\/\/agora.xtec.cat\/zer-requesens\/wp-json\/wp\/v2\/posts\/1593\/revisions"}],"predecessor-version":[{"id":4741,"href":"https:\/\/agora.xtec.cat\/zer-requesens\/wp-json\/wp\/v2\/posts\/1593\/revisions\/4741"}],"wp:featuredmedia":[{"embeddable":true,"href":"https:\/\/agora.xtec.cat\/zer-requesens\/wp-json\/wp\/v2\/media\/1594"}],"wp:attachment":[{"href":"https:\/\/agora.xtec.cat\/zer-requesens\/wp-json\/wp\/v2\/media?parent=1593"}],"wp:term":[{"taxonomy":"category","embeddable":true,"href":"https:\/\/agora.xtec.cat\/zer-requesens\/wp-json\/wp\/v2\/categories?post=1593"},{"taxonomy":"post_tag","embeddable":true,"href":"https:\/\/agora.xtec.cat\/zer-requesens\/wp-json\/wp\/v2\/tags?post=1593"}],"curies":[{"name":"wp","href":"https:\/\/api.w.org\/{rel}","templated":true}]}}