{"id":1459,"date":"2018-10-27T08:40:25","date_gmt":"2018-10-27T06:40:25","guid":{"rendered":"http:\/\/agora.xtec.cat\/zer-requesens\/?p=1459"},"modified":"2023-11-11T20:12:57","modified_gmt":"2023-11-11T19:12:57","slug":"puig-de-laliga-amb-cicle-superior","status":"publish","type":"post","link":"https:\/\/agora.xtec.cat\/zer-requesens\/general\/puig-de-laliga-amb-cicle-superior\/","title":{"rendered":"Sortida Puig de l&#8217;\u00c0liga amb Cicle Superior"},"content":{"rendered":"<p>El passat divendres 26 d&#8217;octubre es va realitzar la sortida al medi amb els alumnes de Cicle Superior (5\u00e8 i 6\u00e8). Aquesta constava d&#8217;una ruta circular que comen\u00e7ava a Mas Oliva de Roses i feia cim al Puig de l&#8217;\u00c0liga, un cim emblem\u00e0tic del <a href=\"http:\/\/parcsnaturals.gencat.cat\/ca\/cap-creus\">Parc Natural del Cap de Creus<\/a>. En total es van caminar uns 8 km amb un desnivell acumulat de 500 m positius. L&#8217;experi\u00e8ncia va ser molt positiva, ja que a m\u00e9s a m\u00e9s de con\u00e8ixer el nostre entorn m\u00e9s proper tamb\u00e9 es van poder relacionar tots i totes els i les alumnes de les quatre escoles que conformen la nostra ZER.<\/p>\n<p><img loading=\"lazy\" decoding=\"async\" class=\"size-full wp-image-1460 aligncenter\" src=\"https:\/\/agora.xtec.cat\/zer-requesens\/wp-content\/uploads\/usu993\/2018\/10\/Mapa_Puig_de_l\u00c0liga.png\" alt=\"\" width=\"833\" height=\"485\" srcset=\"https:\/\/agora.xtec.cat\/zer-requesens\/wp-content\/uploads\/usu993\/2018\/10\/Mapa_Puig_de_l\u00c0liga.png 833w, https:\/\/agora.xtec.cat\/zer-requesens\/wp-content\/uploads\/usu993\/2018\/10\/Mapa_Puig_de_l\u00c0liga-300x175.png 300w, https:\/\/agora.xtec.cat\/zer-requesens\/wp-content\/uploads\/usu993\/2018\/10\/Mapa_Puig_de_l\u00c0liga-768x447.png 768w\" sizes=\"auto, (max-width: 833px) 100vw, 833px\" \/><\/p>\n","protected":false},"excerpt":{"rendered":"<p>El passat divendres 26 d&#8217;octubre es va realitzar la sortida al medi amb els alumnes de Cicle Superior (5\u00e8 i 6\u00e8). Aquesta constava d&#8217;una ruta circular que comen\u00e7ava a Mas Oliva de Roses i feia cim al Puig de l&#8217;\u00c0liga, un cim emblem\u00e0tic del <a&hellip;  <a href=\"https:\/\/agora.xtec.cat\/zer-requesens\/general\/puig-de-laliga-amb-cicle-superior\/\" title=\"Read Sortida Puig de l&#8217;\u00c0liga amb Cicle Superior\">Llegeix m\u00e9s\u00bb<\/a><\/p>\n","protected":false},"author":1,"featured_media":1462,"comment_status":"open","ping_status":"closed","sticky":false,"template":"","format":"standard","meta":{"_bbp_topic_count":0,"_bbp_reply_count":0,"_bbp_total_topic_count":0,"_bbp_total_reply_count":0,"_bbp_voice_count":0,"_bbp_anonymous_reply_count":0,"_bbp_topic_count_hidden":0,"_bbp_reply_count_hidden":0,"_bbp_forum_subforum_count":0,"footnotes":""},"categories":[1,29],"tags":[111,110,124,123],"class_list":["post-1459","post","type-post","status-publish","format-standard","has-post-thumbnail","hentry","category-general","category-portada","tag-cicle-superior","tag-educacio-fisica","tag-puig-de-laliga","tag-sortides-al-medi"],"post_mailing_queue_ids":[],"_links":{"self":[{"href":"https:\/\/agora.xtec.cat\/zer-requesens\/wp-json\/wp\/v2\/posts\/1459","targetHints":{"allow":["GET"]}}],"collection":[{"href":"https:\/\/agora.xtec.cat\/zer-requesens\/wp-json\/wp\/v2\/posts"}],"about":[{"href":"https:\/\/agora.xtec.cat\/zer-requesens\/wp-json\/wp\/v2\/types\/post"}],"author":[{"embeddable":true,"href":"https:\/\/agora.xtec.cat\/zer-requesens\/wp-json\/wp\/v2\/users\/1"}],"replies":[{"embeddable":true,"href":"https:\/\/agora.xtec.cat\/zer-requesens\/wp-json\/wp\/v2\/comments?post=1459"}],"version-history":[{"count":3,"href":"https:\/\/agora.xtec.cat\/zer-requesens\/wp-json\/wp\/v2\/posts\/1459\/revisions"}],"predecessor-version":[{"id":4709,"href":"https:\/\/agora.xtec.cat\/zer-requesens\/wp-json\/wp\/v2\/posts\/1459\/revisions\/4709"}],"wp:featuredmedia":[{"embeddable":true,"href":"https:\/\/agora.xtec.cat\/zer-requesens\/wp-json\/wp\/v2\/media\/1462"}],"wp:attachment":[{"href":"https:\/\/agora.xtec.cat\/zer-requesens\/wp-json\/wp\/v2\/media?parent=1459"}],"wp:term":[{"taxonomy":"category","embeddable":true,"href":"https:\/\/agora.xtec.cat\/zer-requesens\/wp-json\/wp\/v2\/categories?post=1459"},{"taxonomy":"post_tag","embeddable":true,"href":"https:\/\/agora.xtec.cat\/zer-requesens\/wp-json\/wp\/v2\/tags?post=1459"}],"curies":[{"name":"wp","href":"https:\/\/api.w.org\/{rel}","templated":true}]}}