{"id":1426,"date":"2018-10-08T19:47:45","date_gmt":"2018-10-08T17:47:45","guid":{"rendered":"http:\/\/agora.xtec.cat\/zer-requesens\/?p=1426"},"modified":"2023-11-11T20:07:44","modified_gmt":"2023-11-11T19:07:44","slug":"sortida-de-cm-a-sant-onofre-i-mas-ventos","status":"publish","type":"post","link":"https:\/\/agora.xtec.cat\/zer-requesens\/general\/sortida-de-cm-a-sant-onofre-i-mas-ventos\/","title":{"rendered":"Sortida de CM a Sant Onofre i Mas Vent\u00f3s"},"content":{"rendered":"<p>El passat divendres 5 d&#8217;octubre els i les alumnes de 3r i 4t de tota la\u00a0<span class=\"hiddenSpellError\">ZER<\/span>\u00a0Requesens van realitzar la primera sortida per con\u00e8ixer l&#8217;entorn de la nostra comarca, l&#8217;Alt Empord\u00e0.<\/p>\n<p>La ruta va consistir a lligar\u00a0la poblaci\u00f3\u00a0de Palau-saverdera, l&#8217;hermita\u00a0de Sant\u00a0Onofre, el Mas Vent\u00f3s i tornar a Palau-<span class=\"hiddenSpellError\">saverdera<\/span>. En resum, gaireb\u00e9 7 quil\u00f2metres amb un bon desnivell i unes vistes precioses.<\/p>\n<p>A part de l&#8217;esfor\u00e7 f\u00edsic realitzat, van con\u00e8ixer llegendes, cultura agr\u00edcola, hist\u00f2ria i sobretot,\u00a0companyonia\u00a0i\u00a0interrelacions\u00a0amb altres companys i companyes de la\u00a0<span class=\"hiddenSpellError\">ZER<\/span>.<\/p>\n<p>&nbsp;<\/p>\n<p><img loading=\"lazy\" decoding=\"async\" class=\"wp-image-1424 size-full aligncenter\" src=\"https:\/\/agora.xtec.cat\/zer-requesens\/wp-content\/uploads\/usu993\/2018\/10\/Mapa.png\" alt=\"\" width=\"709\" height=\"658\" srcset=\"https:\/\/agora.xtec.cat\/zer-requesens\/wp-content\/uploads\/usu993\/2018\/10\/Mapa.png 709w, https:\/\/agora.xtec.cat\/zer-requesens\/wp-content\/uploads\/usu993\/2018\/10\/Mapa-300x278.png 300w\" sizes=\"auto, (max-width: 709px) 100vw, 709px\" \/><\/p>\n","protected":false},"excerpt":{"rendered":"<p>El passat divendres 5 d&#8217;octubre els i les alumnes de 3r i 4t de tota la\u00a0ZER\u00a0Requesens van realitzar la primera sortida per con\u00e8ixer l&#8217;entorn de la nostra comarca, l&#8217;Alt Empord\u00e0.<br \/>\nLa ruta va consistir a lligar\u00a0la poblaci\u00f3\u00a0de Palau-saverdera, l&#8217;hermita\u00a0de Sant\u00a0Onofre, el Mas Vent\u00f3s i tornar a&hellip;  <a href=\"https:\/\/agora.xtec.cat\/zer-requesens\/general\/sortida-de-cm-a-sant-onofre-i-mas-ventos\/\" title=\"Read Sortida de CM a Sant Onofre i Mas Vent\u00f3s\">Llegeix m\u00e9s\u00bb<\/a><\/p>\n","protected":false},"author":1,"featured_media":1427,"comment_status":"open","ping_status":"closed","sticky":false,"template":"","format":"standard","meta":{"_bbp_topic_count":0,"_bbp_reply_count":0,"_bbp_total_topic_count":0,"_bbp_total_reply_count":0,"_bbp_voice_count":0,"_bbp_anonymous_reply_count":0,"_bbp_topic_count_hidden":0,"_bbp_reply_count_hidden":0,"_bbp_forum_subforum_count":0,"footnotes":""},"categories":[1,29],"tags":[121,110,125,123],"class_list":["post-1426","post","type-post","status-publish","format-standard","has-post-thumbnail","hentry","category-general","category-portada","tag-cicle-mitja","tag-educacio-fisica","tag-sant-onofre","tag-sortides-al-medi"],"post_mailing_queue_ids":[],"_links":{"self":[{"href":"https:\/\/agora.xtec.cat\/zer-requesens\/wp-json\/wp\/v2\/posts\/1426","targetHints":{"allow":["GET"]}}],"collection":[{"href":"https:\/\/agora.xtec.cat\/zer-requesens\/wp-json\/wp\/v2\/posts"}],"about":[{"href":"https:\/\/agora.xtec.cat\/zer-requesens\/wp-json\/wp\/v2\/types\/post"}],"author":[{"embeddable":true,"href":"https:\/\/agora.xtec.cat\/zer-requesens\/wp-json\/wp\/v2\/users\/1"}],"replies":[{"embeddable":true,"href":"https:\/\/agora.xtec.cat\/zer-requesens\/wp-json\/wp\/v2\/comments?post=1426"}],"version-history":[{"count":3,"href":"https:\/\/agora.xtec.cat\/zer-requesens\/wp-json\/wp\/v2\/posts\/1426\/revisions"}],"predecessor-version":[{"id":4702,"href":"https:\/\/agora.xtec.cat\/zer-requesens\/wp-json\/wp\/v2\/posts\/1426\/revisions\/4702"}],"wp:featuredmedia":[{"embeddable":true,"href":"https:\/\/agora.xtec.cat\/zer-requesens\/wp-json\/wp\/v2\/media\/1427"}],"wp:attachment":[{"href":"https:\/\/agora.xtec.cat\/zer-requesens\/wp-json\/wp\/v2\/media?parent=1426"}],"wp:term":[{"taxonomy":"category","embeddable":true,"href":"https:\/\/agora.xtec.cat\/zer-requesens\/wp-json\/wp\/v2\/categories?post=1426"},{"taxonomy":"post_tag","embeddable":true,"href":"https:\/\/agora.xtec.cat\/zer-requesens\/wp-json\/wp\/v2\/tags?post=1426"}],"curies":[{"name":"wp","href":"https:\/\/api.w.org\/{rel}","templated":true}]}}