{"id":1311,"date":"2018-06-07T14:53:56","date_gmt":"2018-06-07T12:53:56","guid":{"rendered":"http:\/\/agora.xtec.cat\/zer-requesens\/?p=1311"},"modified":"2023-11-11T19:53:08","modified_gmt":"2023-11-11T18:53:08","slug":"albera-sense-fronteracm-la-vall-de-les-tortugues","status":"publish","type":"post","link":"https:\/\/agora.xtec.cat\/zer-requesens\/general\/albera-sense-fronteracm-la-vall-de-les-tortugues\/","title":{"rendered":"Albera sense frontera(CM) La Vall de les Tortugues"},"content":{"rendered":"<p lang=\"fr-FR\"><span style=\"color: #222222;\"><span style=\"font-family: arial, sans-serif;\"><span style=\"font-size: small;\">Ce lundi nous sommes all\u00e9s conna\u00eetre nos correspondants de Sureda et visiter tous ensemble <a href=\"http:\/\/www.lavalleedestortues.fr\/\">la Vall\u00e9e des Tortues<\/a>. Quand nous sommes arriv\u00e9s, nos amis \u00e9taient l\u00e0 et on a pu se rencontrer. Apr\u00e8s, nous sommes entr\u00e9s visiter le parc et on a pu voir et toucher diff\u00e9rents animaux: un l\u00e9zard, un serpent et des tortues. Apr\u00e8s la visite on a eu notre d\u00e9jeuner ensemble et on a fait des jeux. La sortie a \u00e9t\u00e9 tr\u00e8s amusante et nous avons envie de rencontrer nos amis l&#8217;ann\u00e9e prochaine.<\/span><\/span><\/span><\/p>\n<p lang=\"fr-FR\"><img loading=\"lazy\" decoding=\"async\" class=\"size-large wp-image-1312 aligncenter\" src=\"http:\/\/agora.xtec.cat\/zer-requesens\/wp-content\/uploads\/usu993\/2018\/06\/IMG_20180604_113702-1024x575.jpg\" alt=\"\" width=\"1024\" height=\"575\" srcset=\"https:\/\/agora.xtec.cat\/zer-requesens\/wp-content\/uploads\/usu993\/2018\/06\/IMG_20180604_113702-1024x575.jpg 1024w, https:\/\/agora.xtec.cat\/zer-requesens\/wp-content\/uploads\/usu993\/2018\/06\/IMG_20180604_113702-300x168.jpg 300w, https:\/\/agora.xtec.cat\/zer-requesens\/wp-content\/uploads\/usu993\/2018\/06\/IMG_20180604_113702-768x431.jpg 768w, https:\/\/agora.xtec.cat\/zer-requesens\/wp-content\/uploads\/usu993\/2018\/06\/IMG_20180604_113702.jpg 1680w\" sizes=\"auto, (max-width: 1024px) 100vw, 1024px\" \/><\/p>\n","protected":false},"excerpt":{"rendered":"<p>Ce lundi nous sommes all\u00e9s conna\u00eetre nos correspondants de Sureda et visiter tous ensemble <a href=\"http:\/\/www.lavalleedestortues.fr\/\">la Vall\u00e9e des Tortues<\/a>. Quand nous sommes arriv\u00e9s, nos amis \u00e9taient l\u00e0 et on a pu se rencontrer. Apr\u00e8s, nous sommes entr\u00e9s visiter le parc et on a pu voir&hellip;  <a href=\"https:\/\/agora.xtec.cat\/zer-requesens\/general\/albera-sense-fronteracm-la-vall-de-les-tortugues\/\" title=\"Read Albera sense frontera(CM) La Vall de les Tortugues\">Llegeix m\u00e9s\u00bb<\/a><\/p>\n","protected":false},"author":1,"featured_media":1312,"comment_status":"open","ping_status":"closed","sticky":false,"template":"","format":"standard","meta":{"_bbp_topic_count":0,"_bbp_reply_count":0,"_bbp_total_topic_count":0,"_bbp_total_reply_count":0,"_bbp_voice_count":0,"_bbp_anonymous_reply_count":0,"_bbp_topic_count_hidden":0,"_bbp_reply_count_hidden":0,"_bbp_forum_subforum_count":0,"footnotes":""},"categories":[1,29],"tags":[],"class_list":["post-1311","post","type-post","status-publish","format-standard","has-post-thumbnail","hentry","category-general","category-portada"],"post_mailing_queue_ids":[],"_links":{"self":[{"href":"https:\/\/agora.xtec.cat\/zer-requesens\/wp-json\/wp\/v2\/posts\/1311","targetHints":{"allow":["GET"]}}],"collection":[{"href":"https:\/\/agora.xtec.cat\/zer-requesens\/wp-json\/wp\/v2\/posts"}],"about":[{"href":"https:\/\/agora.xtec.cat\/zer-requesens\/wp-json\/wp\/v2\/types\/post"}],"author":[{"embeddable":true,"href":"https:\/\/agora.xtec.cat\/zer-requesens\/wp-json\/wp\/v2\/users\/1"}],"replies":[{"embeddable":true,"href":"https:\/\/agora.xtec.cat\/zer-requesens\/wp-json\/wp\/v2\/comments?post=1311"}],"version-history":[{"count":2,"href":"https:\/\/agora.xtec.cat\/zer-requesens\/wp-json\/wp\/v2\/posts\/1311\/revisions"}],"predecessor-version":[{"id":4676,"href":"https:\/\/agora.xtec.cat\/zer-requesens\/wp-json\/wp\/v2\/posts\/1311\/revisions\/4676"}],"wp:featuredmedia":[{"embeddable":true,"href":"https:\/\/agora.xtec.cat\/zer-requesens\/wp-json\/wp\/v2\/media\/1312"}],"wp:attachment":[{"href":"https:\/\/agora.xtec.cat\/zer-requesens\/wp-json\/wp\/v2\/media?parent=1311"}],"wp:term":[{"taxonomy":"category","embeddable":true,"href":"https:\/\/agora.xtec.cat\/zer-requesens\/wp-json\/wp\/v2\/categories?post=1311"},{"taxonomy":"post_tag","embeddable":true,"href":"https:\/\/agora.xtec.cat\/zer-requesens\/wp-json\/wp\/v2\/tags?post=1311"}],"curies":[{"name":"wp","href":"https:\/\/api.w.org\/{rel}","templated":true}]}}