{"id":1251,"date":"2018-05-02T20:06:24","date_gmt":"2018-05-02T18:06:24","guid":{"rendered":"http:\/\/agora.xtec.cat\/zer-requesens\/?p=1251"},"modified":"2023-11-11T19:14:45","modified_gmt":"2023-11-11T18:14:45","slug":"ix-rodajoc-la-jonquera","status":"publish","type":"post","link":"https:\/\/agora.xtec.cat\/zer-requesens\/general\/ix-rodajoc-la-jonquera\/","title":{"rendered":"IX Rodajoc La Jonquera"},"content":{"rendered":"<p>El passat divendres 27 d&#8217;abril els i les alumnes de cicle mitj\u00e0 de l&#8217;escola Josep Pe\u00f1uelas del R\u00edo de La Jonquera, la ZER Les Salines (Ma\u00e7anet de Cabrenys, Agullana, Boadella i Biure) i la ZER Requesens (Darnius, Capmany, Sant Climent Sescebes i Espolla) van participar\u00a0en la novena edici\u00f3 del Rodajoc. Aquest any estava basada en els reptes cooperatius.<\/p>\n<p><img loading=\"lazy\" decoding=\"async\" class=\"size-large wp-image-1252 aligncenter\" src=\"http:\/\/agora.xtec.cat\/zer-requesens\/wp-content\/uploads\/usu993\/2018\/05\/IMG_6572-1024x768.jpg\" alt=\"\" width=\"1024\" height=\"768\" srcset=\"https:\/\/agora.xtec.cat\/zer-requesens\/wp-content\/uploads\/usu993\/2018\/05\/IMG_6572-1024x768.jpg 1024w, https:\/\/agora.xtec.cat\/zer-requesens\/wp-content\/uploads\/usu993\/2018\/05\/IMG_6572-300x225.jpg 300w, https:\/\/agora.xtec.cat\/zer-requesens\/wp-content\/uploads\/usu993\/2018\/05\/IMG_6572-768x576.jpg 768w, https:\/\/agora.xtec.cat\/zer-requesens\/wp-content\/uploads\/usu993\/2018\/05\/IMG_6572-200x150.jpg 200w, https:\/\/agora.xtec.cat\/zer-requesens\/wp-content\/uploads\/usu993\/2018\/05\/IMG_6572.jpg 1276w\" sizes=\"auto, (max-width: 1024px) 100vw, 1024px\" \/><\/p>\n","protected":false},"excerpt":{"rendered":"<p>El passat divendres 27 d&#8217;abril els i les alumnes de cicle mitj\u00e0 de l&#8217;escola Josep Pe\u00f1uelas del R\u00edo de La Jonquera, la ZER Les Salines (Ma\u00e7anet de Cabrenys, Agullana, Boadella i Biure) i la ZER Requesens (Darnius, Capmany, Sant Climent Sescebes i Espolla) van participar\u00a0en&hellip;  <a href=\"https:\/\/agora.xtec.cat\/zer-requesens\/general\/ix-rodajoc-la-jonquera\/\" title=\"Read IX Rodajoc La Jonquera\">Llegeix m\u00e9s\u00bb<\/a><\/p>\n","protected":false},"author":1,"featured_media":1252,"comment_status":"open","ping_status":"closed","sticky":false,"template":"","format":"standard","meta":{"_bbp_topic_count":0,"_bbp_reply_count":0,"_bbp_total_topic_count":0,"_bbp_total_reply_count":0,"_bbp_voice_count":0,"_bbp_anonymous_reply_count":0,"_bbp_topic_count_hidden":0,"_bbp_reply_count_hidden":0,"_bbp_forum_subforum_count":0,"footnotes":""},"categories":[1,29],"tags":[121,110,136,117,118],"class_list":["post-1251","post","type-post","status-publish","format-standard","has-post-thumbnail","hentry","category-general","category-portada","tag-cicle-mitja","tag-educacio-fisica","tag-la-jonquera","tag-reptes-cooperatius","tag-rodajoc"],"post_mailing_queue_ids":[],"_links":{"self":[{"href":"https:\/\/agora.xtec.cat\/zer-requesens\/wp-json\/wp\/v2\/posts\/1251","targetHints":{"allow":["GET"]}}],"collection":[{"href":"https:\/\/agora.xtec.cat\/zer-requesens\/wp-json\/wp\/v2\/posts"}],"about":[{"href":"https:\/\/agora.xtec.cat\/zer-requesens\/wp-json\/wp\/v2\/types\/post"}],"author":[{"embeddable":true,"href":"https:\/\/agora.xtec.cat\/zer-requesens\/wp-json\/wp\/v2\/users\/1"}],"replies":[{"embeddable":true,"href":"https:\/\/agora.xtec.cat\/zer-requesens\/wp-json\/wp\/v2\/comments?post=1251"}],"version-history":[{"count":3,"href":"https:\/\/agora.xtec.cat\/zer-requesens\/wp-json\/wp\/v2\/posts\/1251\/revisions"}],"predecessor-version":[{"id":4662,"href":"https:\/\/agora.xtec.cat\/zer-requesens\/wp-json\/wp\/v2\/posts\/1251\/revisions\/4662"}],"wp:featuredmedia":[{"embeddable":true,"href":"https:\/\/agora.xtec.cat\/zer-requesens\/wp-json\/wp\/v2\/media\/1252"}],"wp:attachment":[{"href":"https:\/\/agora.xtec.cat\/zer-requesens\/wp-json\/wp\/v2\/media?parent=1251"}],"wp:term":[{"taxonomy":"category","embeddable":true,"href":"https:\/\/agora.xtec.cat\/zer-requesens\/wp-json\/wp\/v2\/categories?post=1251"},{"taxonomy":"post_tag","embeddable":true,"href":"https:\/\/agora.xtec.cat\/zer-requesens\/wp-json\/wp\/v2\/tags?post=1251"}],"curies":[{"name":"wp","href":"https:\/\/api.w.org\/{rel}","templated":true}]}}