{"id":9988,"date":"2025-12-12T13:55:28","date_gmt":"2025-12-12T12:55:28","guid":{"rendered":"https:\/\/agora.xtec.cat\/zer-pedrera\/?p=9988"},"modified":"2025-12-12T13:55:28","modified_gmt":"2025-12-12T12:55:28","slug":"el-tio-ja-es-a-lescola-porcel-de-cervera","status":"publish","type":"post","link":"https:\/\/agora.xtec.cat\/zer-pedrera\/general\/el-tio-ja-es-a-lescola-porcel-de-cervera\/","title":{"rendered":"El ti\u00f3 ja \u00e9s a l&#8217;escola Porcel de Cervera."},"content":{"rendered":"<p data-start=\"75\" data-end=\"445\">Aquest any el Ti\u00f3, tot i trobar l\u2019escola a la primera, ens ha volgut gastar una trapelleria. Ha anat deixant pistes en forma d\u2019endevinalles per tot el poble fins que hem descobert que s\u2019amagava al costat de la cooperativa. Quan l\u2019hem trobat, l\u2019hem portat a l\u2019escola, li hem donat menjar i li hem posat una manteta perqu\u00e8 estigui ben a gust fins el dia que el fem cagar! Quina il.lusi\u00f3, ara s\u00ed que ja sembla Nadal a l&#8217;escola!!!<\/p>\n<p data-start=\"75\" data-end=\"445\"><a href=\"https:\/\/photos.app.goo.gl\/RGd4A9FPYVbbdZz58\">https:\/\/photos.app.goo.gl\/RGd4A9FPYVbbdZz58<\/a><\/p>\n","protected":false},"excerpt":{"rendered":"<p>Aquest any el Ti\u00f3, tot i trobar l\u2019escola a la primera, ens ha volgut gastar una trapelleria. Ha anat deixant pistes en forma d\u2019endevinalles per tot el poble fins que hem descobert que s\u2019amagava al costat de la cooperativa. Quan l\u2019hem trobat, l\u2019hem portat a&hellip;  <a href=\"https:\/\/agora.xtec.cat\/zer-pedrera\/general\/el-tio-ja-es-a-lescola-porcel-de-cervera\/\" title=\"Read El ti\u00f3 ja \u00e9s a l&#8217;escola Porcel de Cervera.\">Llegeix m\u00e9s\u00bb<\/a><\/p>\n","protected":false},"author":1,"featured_media":10035,"comment_status":"open","ping_status":"open","sticky":false,"template":"","format":"standard","meta":{"_bbp_topic_count":0,"_bbp_reply_count":0,"_bbp_total_topic_count":0,"_bbp_total_reply_count":0,"_bbp_voice_count":0,"_bbp_anonymous_reply_count":0,"_bbp_topic_count_hidden":0,"_bbp_reply_count_hidden":0,"_bbp_forum_subforum_count":0,"footnotes":""},"categories":[113,111,1,29,89],"tags":[],"class_list":["post-9988","post","type-post","status-publish","format-standard","has-post-thumbnail","hentry","category-e-infantil","category-escola-porcel-de-cervera","category-general","category-portada","category-primaria"],"post_mailing_queue_ids":[],"_links":{"self":[{"href":"https:\/\/agora.xtec.cat\/zer-pedrera\/wp-json\/wp\/v2\/posts\/9988","targetHints":{"allow":["GET"]}}],"collection":[{"href":"https:\/\/agora.xtec.cat\/zer-pedrera\/wp-json\/wp\/v2\/posts"}],"about":[{"href":"https:\/\/agora.xtec.cat\/zer-pedrera\/wp-json\/wp\/v2\/types\/post"}],"author":[{"embeddable":true,"href":"https:\/\/agora.xtec.cat\/zer-pedrera\/wp-json\/wp\/v2\/users\/1"}],"replies":[{"embeddable":true,"href":"https:\/\/agora.xtec.cat\/zer-pedrera\/wp-json\/wp\/v2\/comments?post=9988"}],"version-history":[{"count":3,"href":"https:\/\/agora.xtec.cat\/zer-pedrera\/wp-json\/wp\/v2\/posts\/9988\/revisions"}],"predecessor-version":[{"id":10049,"href":"https:\/\/agora.xtec.cat\/zer-pedrera\/wp-json\/wp\/v2\/posts\/9988\/revisions\/10049"}],"wp:featuredmedia":[{"embeddable":true,"href":"https:\/\/agora.xtec.cat\/zer-pedrera\/wp-json\/wp\/v2\/media\/10035"}],"wp:attachment":[{"href":"https:\/\/agora.xtec.cat\/zer-pedrera\/wp-json\/wp\/v2\/media?parent=9988"}],"wp:term":[{"taxonomy":"category","embeddable":true,"href":"https:\/\/agora.xtec.cat\/zer-pedrera\/wp-json\/wp\/v2\/categories?post=9988"},{"taxonomy":"post_tag","embeddable":true,"href":"https:\/\/agora.xtec.cat\/zer-pedrera\/wp-json\/wp\/v2\/tags?post=9988"}],"curies":[{"name":"wp","href":"https:\/\/api.w.org\/{rel}","templated":true}]}}