{"id":9981,"date":"2025-12-04T15:38:58","date_gmt":"2025-12-04T14:38:58","guid":{"rendered":"https:\/\/agora.xtec.cat\/zer-pedrera\/?p=9981"},"modified":"2025-12-04T15:40:24","modified_gmt":"2025-12-04T14:40:24","slug":"escola-abat-ruera-calendari-dadvent-setmana-de-l1-al-5-de-desembre","status":"publish","type":"post","link":"https:\/\/agora.xtec.cat\/zer-pedrera\/general\/escola-abat-ruera-calendari-dadvent-setmana-de-l1-al-5-de-desembre\/","title":{"rendered":"Escola Abat Ruera. Calendari d&#8217;advent setmana de l&#8217;1 al 5 de desembre."},"content":{"rendered":"<p>Comen\u00e7a desembre i, amb ell, aquella il\u00b7lusi\u00f3 tan especial que ens porta el Nadal. Obrir cada dia una finestreta del <strong data-start=\"220\" data-end=\"242\">Calendari d\u2019Advent<\/strong> \u00e9s molt m\u00e9s que descobrir una sorpresa: \u00e9s regalar-nos un petit moment de pausa i m\u00e0gia enmig del ritme diari.<\/p>\n<p>&nbsp;<\/p>\n<p><a href=\"https:\/\/photos.app.goo.gl\/hJ8QxvWPx1s4Wh3H9\" target=\"_blank\" rel=\"noopener\"><img loading=\"lazy\" decoding=\"async\" class=\"alignnone wp-image-9982 size-large\" src=\"https:\/\/agora.xtec.cat\/zer-pedrera\/wp-content\/uploads\/usu1473\/2025\/12\/calendari-advent-1024x768.jpeg\" alt=\"\" width=\"1024\" height=\"768\" \/><\/a><\/p>\n<p>Per veure m\u00e9s fotografies clicar damunt de la imatge.<\/p>\n<p>&nbsp;<\/p>\n<p>&nbsp;<\/p>\n","protected":false},"excerpt":{"rendered":"<p>Comen\u00e7a desembre i, amb ell, aquella il\u00b7lusi\u00f3 tan especial que ens porta el Nadal. Obrir cada dia una finestreta del Calendari d\u2019Advent \u00e9s molt m\u00e9s que descobrir una sorpresa: \u00e9s regalar-nos un petit moment de pausa i m\u00e0gia enmig del ritme diari.<br \/>\n&nbsp;<br \/>\n<a href=\"https:\/\/photos.app.goo.gl\/hJ8QxvWPx1s4Wh3H9\" target=\"_blank\" rel=\"noopener\"><\/a><br \/>\nPer&hellip;  <a href=\"https:\/\/agora.xtec.cat\/zer-pedrera\/general\/escola-abat-ruera-calendari-dadvent-setmana-de-l1-al-5-de-desembre\/\" title=\"Read Escola Abat Ruera. Calendari d&#8217;advent setmana de l&#8217;1 al 5 de desembre.\">Llegeix m\u00e9s\u00bb<\/a><\/p>\n","protected":false},"author":1,"featured_media":9984,"comment_status":"open","ping_status":"open","sticky":false,"template":"","format":"standard","meta":{"_bbp_topic_count":0,"_bbp_reply_count":0,"_bbp_total_topic_count":0,"_bbp_total_reply_count":0,"_bbp_voice_count":0,"_bbp_anonymous_reply_count":0,"_bbp_topic_count_hidden":0,"_bbp_reply_count_hidden":0,"_bbp_forum_subforum_count":0,"footnotes":""},"categories":[113,110,1,29,89],"tags":[],"class_list":["post-9981","post","type-post","status-publish","format-standard","has-post-thumbnail","hentry","category-e-infantil","category-escola-abat-ruera","category-general","category-portada","category-primaria"],"post_mailing_queue_ids":[],"_links":{"self":[{"href":"https:\/\/agora.xtec.cat\/zer-pedrera\/wp-json\/wp\/v2\/posts\/9981","targetHints":{"allow":["GET"]}}],"collection":[{"href":"https:\/\/agora.xtec.cat\/zer-pedrera\/wp-json\/wp\/v2\/posts"}],"about":[{"href":"https:\/\/agora.xtec.cat\/zer-pedrera\/wp-json\/wp\/v2\/types\/post"}],"author":[{"embeddable":true,"href":"https:\/\/agora.xtec.cat\/zer-pedrera\/wp-json\/wp\/v2\/users\/1"}],"replies":[{"embeddable":true,"href":"https:\/\/agora.xtec.cat\/zer-pedrera\/wp-json\/wp\/v2\/comments?post=9981"}],"version-history":[{"count":3,"href":"https:\/\/agora.xtec.cat\/zer-pedrera\/wp-json\/wp\/v2\/posts\/9981\/revisions"}],"predecessor-version":[{"id":9986,"href":"https:\/\/agora.xtec.cat\/zer-pedrera\/wp-json\/wp\/v2\/posts\/9981\/revisions\/9986"}],"wp:featuredmedia":[{"embeddable":true,"href":"https:\/\/agora.xtec.cat\/zer-pedrera\/wp-json\/wp\/v2\/media\/9984"}],"wp:attachment":[{"href":"https:\/\/agora.xtec.cat\/zer-pedrera\/wp-json\/wp\/v2\/media?parent=9981"}],"wp:term":[{"taxonomy":"category","embeddable":true,"href":"https:\/\/agora.xtec.cat\/zer-pedrera\/wp-json\/wp\/v2\/categories?post=9981"},{"taxonomy":"post_tag","embeddable":true,"href":"https:\/\/agora.xtec.cat\/zer-pedrera\/wp-json\/wp\/v2\/tags?post=9981"}],"curies":[{"name":"wp","href":"https:\/\/api.w.org\/{rel}","templated":true}]}}