{"id":9972,"date":"2026-01-16T10:02:33","date_gmt":"2026-01-16T09:02:33","guid":{"rendered":"https:\/\/agora.xtec.cat\/zer-pedrera\/?p=9972"},"modified":"2026-01-16T10:02:33","modified_gmt":"2026-01-16T09:02:33","slug":"ci-de-lescola-abat-ruera-aparell-digestiu","status":"publish","type":"post","link":"https:\/\/agora.xtec.cat\/zer-pedrera\/general\/ci-de-lescola-abat-ruera-aparell-digestiu\/","title":{"rendered":"CI de l&#8217;escola Abat Ruera. Aparell digestiu"},"content":{"rendered":"<p>L\u2019alumnat de cicle inicial ha estat treballant el tema del cos hum\u00e0. Despr\u00e9s d\u2019una primera part m\u00e9s te\u00f2rica, han pogut viure el contingut d\u2019una forma molt m\u00e9s pr\u00e0ctica i vivencial. En aquesta ocasi\u00f3, han elaborat una maqueta amb plastilina en la qual han representat i destacat les diferents parts de l\u2019aparell digestiu que han estat estudiant. Aquesta activitat els ha perm\u00e8s comprendre millor el funcionament d\u2019aquest sistema i visualitzar-ne els principals \u00f2rgans.<\/p>\n<p><a href=\"https:\/\/agora.xtec.cat\/zer-pedrera\/wp-content\/uploads\/usu1473\/2025\/12\/aparell-digestiu-2.jpg\"><img loading=\"lazy\" decoding=\"async\" class=\"size-full wp-image-9975 aligncenter\" src=\"https:\/\/agora.xtec.cat\/zer-pedrera\/wp-content\/uploads\/usu1473\/2025\/12\/aparell-digestiu-2.jpg\" alt=\"\" width=\"300\" height=\"400\" \/><\/a><\/p>\n<p>&nbsp;<\/p>\n","protected":false},"excerpt":{"rendered":"<p>L\u2019alumnat de cicle inicial ha estat treballant el tema del cos hum\u00e0. Despr\u00e9s d\u2019una primera part m\u00e9s te\u00f2rica, han pogut viure el contingut d\u2019una forma molt m\u00e9s pr\u00e0ctica i vivencial. En aquesta ocasi\u00f3, han elaborat una maqueta amb plastilina en la qual han representat i&hellip;  <a href=\"https:\/\/agora.xtec.cat\/zer-pedrera\/general\/ci-de-lescola-abat-ruera-aparell-digestiu\/\" title=\"Read CI de l&#8217;escola Abat Ruera. Aparell digestiu\">Llegeix m\u00e9s\u00bb<\/a><\/p>\n","protected":false},"author":1,"featured_media":9974,"comment_status":"open","ping_status":"open","sticky":false,"template":"","format":"standard","meta":{"_bbp_topic_count":0,"_bbp_reply_count":0,"_bbp_total_topic_count":0,"_bbp_total_reply_count":0,"_bbp_voice_count":0,"_bbp_anonymous_reply_count":0,"_bbp_topic_count_hidden":0,"_bbp_reply_count_hidden":0,"_bbp_forum_subforum_count":0,"footnotes":""},"categories":[110,1,116,29,89,120],"tags":[],"class_list":["post-9972","post","type-post","status-publish","format-standard","has-post-thumbnail","hentry","category-escola-abat-ruera","category-general","category-medi","category-portada","category-primaria","category-projectes"],"post_mailing_queue_ids":[],"_links":{"self":[{"href":"https:\/\/agora.xtec.cat\/zer-pedrera\/wp-json\/wp\/v2\/posts\/9972","targetHints":{"allow":["GET"]}}],"collection":[{"href":"https:\/\/agora.xtec.cat\/zer-pedrera\/wp-json\/wp\/v2\/posts"}],"about":[{"href":"https:\/\/agora.xtec.cat\/zer-pedrera\/wp-json\/wp\/v2\/types\/post"}],"author":[{"embeddable":true,"href":"https:\/\/agora.xtec.cat\/zer-pedrera\/wp-json\/wp\/v2\/users\/1"}],"replies":[{"embeddable":true,"href":"https:\/\/agora.xtec.cat\/zer-pedrera\/wp-json\/wp\/v2\/comments?post=9972"}],"version-history":[{"count":1,"href":"https:\/\/agora.xtec.cat\/zer-pedrera\/wp-json\/wp\/v2\/posts\/9972\/revisions"}],"predecessor-version":[{"id":9976,"href":"https:\/\/agora.xtec.cat\/zer-pedrera\/wp-json\/wp\/v2\/posts\/9972\/revisions\/9976"}],"wp:featuredmedia":[{"embeddable":true,"href":"https:\/\/agora.xtec.cat\/zer-pedrera\/wp-json\/wp\/v2\/media\/9974"}],"wp:attachment":[{"href":"https:\/\/agora.xtec.cat\/zer-pedrera\/wp-json\/wp\/v2\/media?parent=9972"}],"wp:term":[{"taxonomy":"category","embeddable":true,"href":"https:\/\/agora.xtec.cat\/zer-pedrera\/wp-json\/wp\/v2\/categories?post=9972"},{"taxonomy":"post_tag","embeddable":true,"href":"https:\/\/agora.xtec.cat\/zer-pedrera\/wp-json\/wp\/v2\/tags?post=9972"}],"curies":[{"name":"wp","href":"https:\/\/api.w.org\/{rel}","templated":true}]}}